{"id":275386,"date":"2025-12-07T05:54:23","date_gmt":"2025-12-07T05:54:23","guid":{"rendered":"https:\/\/www.europesays.com\/es\/275386\/"},"modified":"2025-12-07T05:54:23","modified_gmt":"2025-12-07T05:54:23","slug":"los-retinoides-suman-fuerzas-para-ganar-en-eficacia-y-tolerancia","status":"publish","type":"post","link":"https:\/\/www.europesays.com\/es\/275386\/","title":{"rendered":"Los retinoides suman fuerzas para ganar en eficacia y tolerancia"},"content":{"rendered":"<p><img loading=\"lazy\" decoding=\"async\" class=\"mb-4\" title=\"retinoides-cantabria labs\" alt=\"Chica contenta haciendo signo victoria\" width=\"729\" height=\"600\" src=\"https:\/\/www.europesays.com\/es\/wp-content\/uploads\/2025\/12\/retinoides-cantabria-labs-729x600.webp.webp\"\/><\/p>\n<p class=\"pie-foto mb-12\">Aunque en cosm\u00e9tica defendemos el menos es m\u00e1s, a veces, la ciencia demuestra que sumar fuerzas sirve para salir ganando. Y ah\u00ed est\u00e1n los retinoides para demostrarlo. FOTO: Pexels.<\/p>\n<p class=\"subtit en-busca-de-la-m\u00c1xima-potencia-\">EN BUSCA DE LA M\u00c1XIMA POTENCIA <\/p>\n<p class=\"entradilla-main\">Bruselas ha reducido la concentraci\u00f3n m\u00e1xima de retinol en los cosm\u00e9ticos para evitar irritaciones. Para compensarlo, llegan nuevos retinoides con menos irritaci\u00f3n y m\u00e1s eficientes.<\/p>\n<p class=\"autor\">Por <a href=\"https:\/\/www.welife.es\/autor\/cmartinf\/\" rel=\"nofollow noopener\" target=\"_blank\"> Cristina Mart\u00edn Frutos <\/a> <\/p>\n<p class=\"fecha\">5 DE DICIEMBRE DE 2025 \/ 17:00<\/p>\n<p>El mundo, al menos, cosm\u00e9ticamente hablando, se divide entre quienes usan<a href=\"https:\/\/www.welife.es\/cuerpo\/multi-retinoides-retinol-antiedad-cosmetica\/\" rel=\"nofollow noopener\" target=\"_blank\"> retinol<\/a> (y lo defienden a muerte) y quienes no. En este \u00faltimo grupo est\u00e1n <strong>los que no se atreven.<\/strong> Los que lo han probado y han tenido malas experiencias. Y, aunque en menor medida, aquellos que no terminan de notar que funcione. Porque es cierto que este activo, el m\u00e1s famoso de los retinoides, se ha ganado a pulso <strong>el t\u00edtulo del \u2018rey antienvejecimiento\u2019<\/strong>. Pero es igualmente cierto que la tolerancia no es lo suyo\u2026 Es decir, son muchas las pieles,<a href=\"https:\/\/www.welife.es\/cuerpo\/belleza\/piel-sensible-cuidados-antiaging-contorno-ojos\/\" rel=\"nofollow noopener\" target=\"_blank\"> especialmente las m\u00e1s sensibles<\/a>, que se irritan, descaman o enrojecen con su uso.<\/p>\n<p>En cualquier caso, la mayor parte de reticencias y problemas est\u00e1n relacionadas con <strong>las dudas que genera este ingrediente cosm\u00e9tico.<\/strong> \u00abMucha gente se pregunta c\u00f3mo aplicarlo de forma adecuada y cu\u00e1ndo se notar\u00e1n los primeros efectos. Tambi\u00e9n es com\u00fan la confusi\u00f3n sobre los diferentes retinoides: \u00e1cido retinoico, retinol, retinal\u2026\u00bb, confirma la\u00a0<a href=\"https:\/\/www.linkedin.com\/in\/mayte-truchuelo-d%C3%ADez-bb512840\/?originalSubdomain=es\" target=\"_blank\" rel=\"noopener nofollow\">doctora Mayte Truchuelo<\/a>, dermat\u00f3loga del hospital universitario San Rafael.<\/p>\n<p>\u00bfPero no se iba a prohibir?<\/p>\n<p>Otra pregunta muy habitual al hablar de retinoides es sobre <strong>la normativa que regula su uso<\/strong>. La Uni\u00f3n Europea estableci\u00f3 que, desde el pasado 1 de noviembre de 2025, no se pueden introducir en el mercado productos faciales que superen <strong>concentraciones superiores al 0,3% de retinol<\/strong>, retinil acetato o retinil palmitato.<\/p>\n<p>Pero, como explican desde Cantabria Labs, \u00abesta medida no implica que las concentraciones mayores del 0,3% sean inadecuadas ni peligrosas: el objetivo es <strong>prevenir una exposici\u00f3n excesiva a <a href=\"https:\/\/www.welife.es\/cuerpo\/alimentacion\/vitaminas-reducir-inflamacion-alimentos-dieta\/\" rel=\"nofollow noopener\" target=\"_blank\">la vitamina A<\/a><\/strong> (de la que deriva el retinol), considerando su presencia en alimentos y suplementos\u00bb.<\/p>\n<p>M\u00e1s all\u00e1 de las limitaciones impuestas por la UE, no podemos obviar que los retinoides presentan una baja tolerancia. Por eso, como aconseja la doctora Truchuelo, \u00abes fundamental empezar a <strong>utilizarlo de forma paulatina.<\/strong> Es lo que conocemos como <strong>proceso de retinizaci\u00f3n:<\/strong> se inicia con concentraciones menores y pocas noches en semana, para luego ir aumentando la frecuencia y concentraci\u00f3n seg\u00fan se vaya tolerando\u00bb. Otro consejo a tener en cuenta es combinarlo<strong> con f\u00f3rmulas hidratantes reparadoras<\/strong> de la <a href=\"https:\/\/www.welife.es\/cuerpo\/belleza\/como-cuidar-funcion-barrera-piel-niacinamida-acido-hialuronico\/\" rel=\"nofollow noopener\" target=\"_blank\">funci\u00f3n barrera<\/a>.<\/p>\n<p>Combinar retinoides: m\u00e1s potencia sin irritar<\/p>\n<p>Tanto los problemas de baja tolerancia que puede presentar, como la nueva regulaci\u00f3n, est\u00e1n llevando a los retinoides a buscar nuevos caminos. El objetivo es lograr retinoides con menos irritaci\u00f3n y la misma eficacia. Incluso, mayor. El avance m\u00e1s reciente, como se\u00f1ala la <a href=\"http:\/\/linkedin.com\/in\/maria-vitale-32962a158?originalSubdomain=es\" target=\"_blank\" rel=\"noopener nofollow\">doctora Mar\u00eda Vitale<\/a>, <strong>dermat\u00f3loga y Medical Manager Dermatology de <a href=\"https:\/\/www.cantabrialabs.es\/\" rel=\"nofollow noopener\" target=\"_blank\">Cantabria Labs<\/a>,<\/strong> \u00abes la capacidad de poder formular una combinaci\u00f3n de retinoides que, teniendo menos concentraci\u00f3n (y por tanto mejor tolerancia) obtengan los mismos resultados que antes consegu\u00edamos con concentraciones m\u00e1s elevadas\u00bb. En otras palabras, se trata de obtener productos <strong>tan potentes como las cl\u00e1sicas concentraciones del 0,5% de retinol,<\/strong> pero ganando en tolerancia.<\/p>\n<p><img fetchpriority=\"high\" decoding=\"async\" class=\"wp-image-60334 size-full\" src=\"https:\/\/www.europesays.com\/es\/wp-content\/uploads\/2025\/12\/retinoides-serum-Endocare.webp.webp\" alt=\"Endocare Renewal con duo de retinoides\" width=\"640\" height=\"900\"\/>Endocare Retinoid Intensive Serum, de Cantabria Labs. FOTO: D.R.<\/p>\n<p>Para ello, este laboratorio, siempre a la vanguardia de la dermatolog\u00eda y la innovaci\u00f3n, ha desarrollado una nueva tecnolog\u00eda que <strong>a\u00fana dos retinoides en la misma f\u00f3rmula.<\/strong> \u00ab<a href=\"https:\/\/www.cantabrialabs.es\/nosotros\/id\/retinduo\/\" target=\"_blank\" rel=\"noopener nofollow\">Retinduo<\/a> combina retinol en microesponjas con retinal en nanoves\u00edculas. Adem\u00e1s, a\u00f1ade un booster que permite<strong> alta penetraci\u00f3n cut\u00e1nea<\/strong>\u00ab, explica Vitale. La dermat\u00f3loga precisa \u00abcon esta exclusiva tecnolog\u00eda logramos lo mejor de cada uno de ellos: la <strong>rapidez de acci\u00f3n del retinal y la eficacia del retinol<\/strong>. Y todo ello en una f\u00f3rmula de alta tolerancia\u00bb.<\/p>\n<p>Un nuevo s\u00e9rum para probar el d\u00fao ganador<\/p>\n<p>Cantabria Labs acaba de lanzar un s\u00e9rum que contiene la tecnolog\u00eda Retinduo. Se trata de Endocare Renewal Retinoid Intensive Serum. Un tratamiento de retexturizaci\u00f3n que aporta una renovaci\u00f3n epid\u00e9rmica intensiva. Adem\u00e1s del citado d\u00fao de retinoides \u2014retinol puro y retinal\u2014 la f\u00f3rmula se completa con <strong>\u00e1cido hialur\u00f3nico <\/strong>y <strong>niacinamida<\/strong>,\u00a0reconocida por su <a href=\"https:\/\/www.welife.es\/cuerpo\/belleza\/tratamientos-esteticos-antioxidantes-morpheus-8-skinceuticals-vitamina-c\/\" rel=\"nofollow noopener\" target=\"_blank\">acci\u00f3n antioxidante<\/a> y despigmentante, mejorando la luminosidad y reforzando la funci\u00f3n barrera de la piel. Hay que <strong>usarlo de noche<\/strong> (al principio en d\u00edas alternos) y sin olvidarse de la <strong>fotoprotecci\u00f3n por el d\u00eda.<\/strong><\/p>\n<p>La duda, en este punto, es cu\u00e1nto se tardan en notar los resultados.\u00a0 La doctora Mayte Truchuelo resuelve el enigma: \u00abEs una preocupaci\u00f3n l\u00f3gica, ya que <strong>queremos cambios dram\u00e1ticos en horas<\/strong>\u2026\u00a0 Pero hay que tener en cuenta que los retinoides act\u00faan induciendo una renovaci\u00f3n cut\u00e1nea. Por ello, para ver los primeros cambios en la textura de la piel, en las arrugas y en las manchas, debemos esperar <strong>al menos entre 15 y 30 d\u00edas<\/strong>\u00ab. A Navidades puede que no lleguemos, pero seguro que entramos en 2026 con la piel como nueva.<\/p>\n","protected":false},"excerpt":{"rendered":"Aunque en cosm\u00e9tica defendemos el menos es m\u00e1s, a veces, la ciencia demuestra que sumar fuerzas sirve para&hellip;\n","protected":false},"author":2,"featured_media":275387,"comment_status":"","ping_status":"","sticky":false,"template":"","format":"standard","meta":{"footnotes":""},"categories":[92],"tags":[25,24,165,166,23],"class_list":{"0":"post-275386","1":"post","2":"type-post","3":"status-publish","4":"format-standard","5":"has-post-thumbnail","7":"category-salud","8":"tag-es","9":"tag-espana","10":"tag-health","11":"tag-salud","12":"tag-spain"},"share_on_mastodon":{"url":"https:\/\/pubeurope.com\/@es\/115676739755497604","error":""},"_links":{"self":[{"href":"https:\/\/www.europesays.com\/es\/wp-json\/wp\/v2\/posts\/275386","targetHints":{"allow":["GET"]}}],"collection":[{"href":"https:\/\/www.europesays.com\/es\/wp-json\/wp\/v2\/posts"}],"about":[{"href":"https:\/\/www.europesays.com\/es\/wp-json\/wp\/v2\/types\/post"}],"author":[{"embeddable":true,"href":"https:\/\/www.europesays.com\/es\/wp-json\/wp\/v2\/users\/2"}],"replies":[{"embeddable":true,"href":"https:\/\/www.europesays.com\/es\/wp-json\/wp\/v2\/comments?post=275386"}],"version-history":[{"count":0,"href":"https:\/\/www.europesays.com\/es\/wp-json\/wp\/v2\/posts\/275386\/revisions"}],"wp:featuredmedia":[{"embeddable":true,"href":"https:\/\/www.europesays.com\/es\/wp-json\/wp\/v2\/media\/275387"}],"wp:attachment":[{"href":"https:\/\/www.europesays.com\/es\/wp-json\/wp\/v2\/media?parent=275386"}],"wp:term":[{"taxonomy":"category","embeddable":true,"href":"https:\/\/www.europesays.com\/es\/wp-json\/wp\/v2\/categories?post=275386"},{"taxonomy":"post_tag","embeddable":true,"href":"https:\/\/www.europesays.com\/es\/wp-json\/wp\/v2\/tags?post=275386"}],"curies":[{"name":"wp","href":"https:\/\/api.w.org\/{rel}","templated":true}]}}