{"id":275392,"date":"2025-12-07T05:57:10","date_gmt":"2025-12-07T05:57:10","guid":{"rendered":"https:\/\/www.europesays.com\/es\/275392\/"},"modified":"2025-12-07T05:57:10","modified_gmt":"2025-12-07T05:57:10","slug":"yvette-ostolaza-sidley-austin-habra-una-mayor-consolidacion-de-despachos-a-nivel-global-negocios","status":"publish","type":"post","link":"https:\/\/www.europesays.com\/es\/275392\/","title":{"rendered":"Yvette Ostolaza (Sidley Austin): \u201cHabr\u00e1 una mayor consolidaci\u00f3n de despachos a nivel global\u201d | Negocios"},"content":{"rendered":"<p class=\"\">Yvette Ostolaza (Miami, 1965) es la primera mujer, y la primera persona hispana, en liderar <a href=\"https:\/\/cincodias.elpais.com\/legal\/2019\/05\/13\/juridico\/1557764327_811905.html\" target=\"_self\" rel=\"nofollow noopener\" title=\"https:\/\/cincodias.elpais.com\/legal\/2019\/05\/13\/juridico\/1557764327_811905.html\">uno de los 20 despachos de abogados globales m\u00e1s importantes <\/a>del mundo. Al frente de Sidley Austin \u2014bufete con 160 a\u00f1os de historia y 21 oficinas donde trabaj\u00f3 <a href=\"https:\/\/elpais.com\/noticias\/barack-obama\/\" target=\"_self\" rel=\"nofollow noopener\" title=\"https:\/\/elpais.com\/noticias\/barack-obama\/\">el matrimonio Obama<\/a>\u2014 ha contribuido a que la firma supere los 3.600 millones de d\u00f3lares en ingresos. De padres cubanos y abuelos espa\u00f1oles, sostiene que ser biling\u00fce en ingl\u00e9s y espa\u00f1ol ha sido algo \u201cmuy positivo\u201d en su carrera, un valor que tambi\u00e9n ha transmitido a sus tres hijos. <\/p>\n<p class=\"\">Especialista en litigios y disputas comerciales, Ostolaza cuenta con un amplio listado de reconocimientos profesionales. La revista Forbes ha incluido su nombre entre las \u201c200 mejores abogadas de Estados Unidos\u201d y en su lista \u201c50 mayores de 50\u201d, que destaca a mujeres que alcanzan su mayor impacto profesional despu\u00e9s de esa edad. Agradece todos estos premios a sus clientes y colegas, pero cuando le preguntan cu\u00e1l recuerda con m\u00e1s cari\u00f1o, menciona la an\u00e9cdota de c\u00f3mo supo que era una de las \u201cChangemakers: Women Transforming Business\u201d de 2024, del canal CNBC: \u201cEstaba en una declaraci\u00f3n jurada y, sin mirar, reenvi\u00e9 la lista que me hab\u00eda pasado una persona de mi equipo. A la hora, mi hija me llam\u00f3 para decirme que estaba junto a <a href=\"https:\/\/elpais.com\/expres\/2025-12-04\/bad-bunny-taylor-swift-o-rosalia-quien-fue-el-artista-mas-escuchado-del-ano-de-spotify.html\" target=\"_self\" rel=\"nofollow noopener\" title=\"https:\/\/elpais.com\/expres\/2025-12-04\/bad-bunny-taylor-swift-o-rosalia-quien-fue-el-artista-mas-escuchado-del-ano-de-spotify.html\">Taylor Swift <\/a>y <a href=\"https:\/\/elpais.com\/deportes\/tenis\/2025-09-04\/naomi-osaka-se-levanta-como-en-los-viejos-tiempos-espejismo-o-realidad.html\" target=\"_self\" rel=\"nofollow noopener\" title=\"https:\/\/elpais.com\/deportes\/tenis\/2025-09-04\/naomi-osaka-se-levanta-como-en-los-viejos-tiempos-espejismo-o-realidad.html\">Naomi Osaka<\/a>\u201d.<\/p>\n<p class=\"\">La l\u00edder de<a href=\"https:\/\/cincodias.elpais.com\/legal\/2019\/07\/25\/juridico\/1564044748_445670.html\" target=\"_self\" rel=\"nofollow noopener\" title=\"https:\/\/cincodias.elpais.com\/legal\/2019\/07\/25\/juridico\/1564044748_445670.html\"> Sidley<\/a>, que asesora a muchas empresas espa\u00f1olas que tienen sus negocios y disputas en Estados Unidos, visit\u00f3 Madrid para participar en el Centro LawAhead de IE Law School, un lugar de encuentro para expertos del sector legal donde socios directores de grandes firmas espa\u00f1olas \u2014como CMS, Cuatrecasas, G\u00f3mez-Acebo &amp; Pombo, Garrigues, P\u00e9rez-Llorca, RocaJunyent, Sagardoy Abogados y Ur\u00eda Men\u00e9ndez\u2014 colaboran junto a directivos de Microsoft, Telef\u00f3nica, Mapfre, Aena y CaixaBank.<\/p>\n<p class=\"\"><b>Pregunta.<\/b> \u00bfC\u00f3mo consigue compaginar la direcci\u00f3n de un despacho con la pr\u00e1ctica en los tribunales?<\/p>\n<p class=\"\"><b>Respuesta.<\/b> Es fundamental seguir representando a los clientes si quieres ser l\u00edder de un despacho de alcance global. Todo gira en torno a ellos, as\u00ed que quiero seguir cerca porque trabajamos en un sector orientado al cliente.<\/p>\n<p class=\"\"><b>P.<\/b> \u00bfQu\u00e9 se necesita para ser un buen l\u00edder?<\/p>\n<p class=\"\"><b>R.<\/b> Lo primero es trabajar incre\u00edblemente duro. No hay nada que sustituya dedicar horas de trabajo. A los j\u00f3venes que empiezan su carrera les digo que tienen que trabajar incluso m\u00e1s que en la Facultad de Derecho para ganar experiencia y convertirse en los mejores en su campo. El segundo consejo es ser implacablemente curioso, pensar en grande. No se trata solo de responder a lo que pregunta el cliente; hay que responder a lo que deber\u00eda preocuparle. En tercer lugar, es necesario aprender tanto de las personas mayores como de los m\u00e1s j\u00f3venes para saber qu\u00e9 se te puede estar escapando o si algo similar ha sucedido antes. Y, por \u00faltimo, hay que centrarse en atender a los clientes, no a uno mismo.<\/p>\n<p class=\"\"><b>P.<\/b> \u00bfC\u00f3mo puede un l\u00edder conciliar su vida personal y profesional?<\/p>\n<p class=\"\"><b>R.<\/b> Lo m\u00e1s importante es priorizar. Cuando mis hijos eran peque\u00f1os, yo no quer\u00eda tener remordimientos, as\u00ed que ten\u00eda que tomar decisiones que fueran correctas. Por ejemplo, si hab\u00eda algo importante en la escuela, lo pon\u00eda siempre en el calendario y bloqueaba la fecha. Por otro lado, durante las bajas de maternidad intent\u00e9 estar siempre al d\u00eda con el trabajo porque si no despu\u00e9s hubiese sido muy dif\u00edcil. Mir\u00e1ndolo con retrospectiva, habr\u00eda sido un error si no lo hubiera hecho as\u00ed.<\/p>\n<p class=\"\"><b>P.<\/b> \u00bfExiste igualdad real en los despachos de abogados o todav\u00eda est\u00e1 sobre el papel?<\/p>\n<p class=\"\"><b>R.<\/b> Cada vez se ven m\u00e1s mujeres en puestos de liderazgo, pero a\u00fan no hay igualdad salarial, aunque creo que se est\u00e1 trabajando en la buena direcci\u00f3n.<\/p>\n<p class=\"\"><b>P. <\/b>\u00bfC\u00f3mo ser\u00e1 el sector legal en los pr\u00f3ximos 10 o 15 a\u00f1os?<\/p>\n<p class=\"\"><b>R.<\/b> Habr\u00e1 una mayor consolidaci\u00f3n de despachos de abogados en el \u00e1mbito mundial. Las fusiones son cada vez m\u00e1s comunes, ya que las firmas buscan una mayor presencia geogr\u00e1fica, ampliar sus capacidades y lograr econom\u00edas de escala. Los clientes quieren cada vez m\u00e1s consistencia en el servicio que reciben: buscan tener un \u00fanico lugar, una sola firma global, a la que acudir. Otra preocupaci\u00f3n en el sector es si ciertos tipos de tareas que realizan los abogados pueden ser <a href=\"https:\/\/cincodias.elpais.com\/legal\/2025-11-26\/prepara-juicios-con-ia-los-tribunales-ya-han-detectado-590-alucinaciones-en-todo-el-mundo.html\" target=\"_self\" rel=\"nofollow noopener\" title=\"https:\/\/cincodias.elpais.com\/legal\/2025-11-26\/prepara-juicios-con-ia-los-tribunales-ya-han-detectado-590-alucinaciones-en-todo-el-mundo.html\">reemplazadas por la inteligencia artificial<\/a>. Llevamos mucho tiempo utilizando sistemas inform\u00e1ticos en nuestro trabajo y la realidad es que nos permitir\u00e1n ofrecer un mejor servicio.<\/p>\n<p class=\"\"><b>P. <\/b>\u00bfC\u00f3mo ve que inversores externos entren en el capital de los despachos de abogados?<\/p>\n<p class=\"\"><b>R.<\/b> S\u00e9 que esto est\u00e1 ocurriendo en Europa. En Estados Unidos no se pueden compartir beneficios con alguien que no sea abogado, pero creo que acabar\u00e1 sucediendo, aunque no en grandes firmas. Ya ocurri\u00f3 en el sector de la medicina, donde se suavizaron las regulaciones para permitir m\u00e1s inversi\u00f3n en tecnolog\u00eda y equipamiento. Aun as\u00ed, creo que debe implementarse con cuidado para que los abogados sigan siendo independientes y contin\u00faen ofreciendo el mejor servicio a sus clientes.<\/p>\n<p class=\"\"><b>P.<\/b> \u00bfCrecer\u00e1 el arbitraje como sistema de resoluci\u00f3n de disputas comerciales y de inversiones?<\/p>\n<p class=\"\"><b>R.<\/b> Cuantas m\u00e1s transacciones y m\u00e1s contratos existan, mayor ser\u00e1 la demanda de arbitraje. Es un foro en el que ambas partes pueden confiar.<\/p>\n<p class=\"\"><b>P.<\/b> En Espa\u00f1a se est\u00e1 tramitando un proyecto de ley para trasponer una directiva europea sobre acciones colectivas para reclamar indemnizaciones ante fraudes masivos. Estados Unidos tiene una larga tradici\u00f3n en ello con las class action, \u00bfla ley estadounidense ser\u00eda un buen modelo a seguir?<\/p>\n<p class=\"\"><b>R.<\/b> Es una legislaci\u00f3n muy desarrollada y es lo que protege a todos. Deben cumplirse varios principios: la numerosidad, es decir, que haya un n\u00famero suficiente de afectados; y la tipicidad, que todo el mundo tenga m\u00e1s o menos el mismo da\u00f1o. Y todos ellos est\u00e1n representados por un abogado y coordinados para que no sea muy caro. Tambi\u00e9n est\u00e1 el litigio multidistrito, que combina dos o m\u00e1s casos con un elemento com\u00fan y se coordina antes del juicio por un panel de jueces federales \u201cmuy prestigioso\u201d. Este panel elige qui\u00e9n juzgar\u00e1 despu\u00e9s el asunto.<\/p>\n","protected":false},"excerpt":{"rendered":"Yvette Ostolaza (Miami, 1965) es la primera mujer, y la primera persona hispana, en liderar uno de los&hellip;\n","protected":false},"author":2,"featured_media":275393,"comment_status":"","ping_status":"","sticky":false,"template":"","format":"standard","meta":{"footnotes":""},"categories":[80],"tags":[12242,7898,67195,82,3903,95,94,25,24,629,24079,4044,15578,23,3945],"class_list":{"0":"post-275392","1":"post","2":"type-post","3":"status-publish","4":"format-standard","5":"has-post-thumbnail","7":"category-economia","8":"tag-abogados","9":"tag-arbitraje","10":"tag-bufetes-abogados","11":"tag-business","12":"tag-comercio","13":"tag-economia","14":"tag-economy","15":"tag-es","16":"tag-espana","17":"tag-estados-unidos","18":"tag-fusiones-empresariales","19":"tag-mujeres","20":"tag-naomi-osaka","21":"tag-spain","22":"tag-taylor-swift"},"share_on_mastodon":{"url":"https:\/\/pubeurope.com\/@es\/115676751161866470","error":""},"_links":{"self":[{"href":"https:\/\/www.europesays.com\/es\/wp-json\/wp\/v2\/posts\/275392","targetHints":{"allow":["GET"]}}],"collection":[{"href":"https:\/\/www.europesays.com\/es\/wp-json\/wp\/v2\/posts"}],"about":[{"href":"https:\/\/www.europesays.com\/es\/wp-json\/wp\/v2\/types\/post"}],"author":[{"embeddable":true,"href":"https:\/\/www.europesays.com\/es\/wp-json\/wp\/v2\/users\/2"}],"replies":[{"embeddable":true,"href":"https:\/\/www.europesays.com\/es\/wp-json\/wp\/v2\/comments?post=275392"}],"version-history":[{"count":0,"href":"https:\/\/www.europesays.com\/es\/wp-json\/wp\/v2\/posts\/275392\/revisions"}],"wp:featuredmedia":[{"embeddable":true,"href":"https:\/\/www.europesays.com\/es\/wp-json\/wp\/v2\/media\/275393"}],"wp:attachment":[{"href":"https:\/\/www.europesays.com\/es\/wp-json\/wp\/v2\/media?parent=275392"}],"wp:term":[{"taxonomy":"category","embeddable":true,"href":"https:\/\/www.europesays.com\/es\/wp-json\/wp\/v2\/categories?post=275392"},{"taxonomy":"post_tag","embeddable":true,"href":"https:\/\/www.europesays.com\/es\/wp-json\/wp\/v2\/tags?post=275392"}],"curies":[{"name":"wp","href":"https:\/\/api.w.org\/{rel}","templated":true}]}}