{"id":275399,"date":"2025-12-07T06:09:13","date_gmt":"2025-12-07T06:09:13","guid":{"rendered":"https:\/\/www.europesays.com\/es\/275399\/"},"modified":"2025-12-07T06:09:13","modified_gmt":"2025-12-07T06:09:13","slug":"el-valencia-basket-no-jugara-en-tel-aviv-contra-el-maccabi","status":"publish","type":"post","link":"https:\/\/www.europesays.com\/es\/275399\/","title":{"rendered":"El Valencia Basket no jugar\u00e1 en Tel Aviv contra el Maccabi"},"content":{"rendered":"<p class=\"ft-text ft-helper-align-justify\"><strong>El Valencia Basket no jugar\u00e1 contra el Maccabi en Tel Aviv.<\/strong> Aunque el calendario marcaba la visita al Menora Mivtachim Arena el pr\u00f3ximo 18 de diciembre, <a class=\"ft-link ft-link--decoration\" href=\"https:\/\/www.superdeporte.es\/valencia-basket\/2025\/10\/21\/valencia-basket-jugara-israel-partidos-euroliga-122842935.html\" rel=\"nofollow noopener\" target=\"_blank\">despu\u00e9s de que la Euroliga autorizase el regreso del baloncesto a Israel<\/a>,<strong> <\/strong>ha habido un cambio en los planes. <strong>El pabell\u00f3n habitual del conjunto israel\u00ed no estar\u00e1 disponible y la competici\u00f3n ha decidido que el partido se juegue en Jerusal\u00e9n.<\/strong> Este traslado de sede inesperado est\u00e1 justificado, pues la instalaci\u00f3n acoge esos d\u00edas un espect\u00e1culo vinculado por la festividad de Hanuka. Esta celebraci\u00f3n fue programada con antelaci\u00f3n, pues el Ayuntamiento de Tel Aviv, propietario del recinto, dio luz verde antes de que se confirmase la decisi\u00f3n de la competici\u00f3n.<\/p>\n<p><img decoding=\"async\" src=\"https:\/\/www.europesays.com\/es\/wp-content\/uploads\/2025\/12\/7d4d4072-a2c2-40a1-95e1-fa6b9fb8c1e0_alta-libre-aspect-ratio_default_0.jpg\" width=\"1200\" height=\"925\" alt=\"El Valencia Basket se impone al FC Bayern Munich\" class=\"ft-helper-img-rd\" loading=\"lazy\"\/><\/p>\n<p class=\"ft-helper-fontColor-quaternary ft-helper-fontSize-body-S ft-helper-spacer-t-xxs\">El Valencia Basket se impone al FC Bayern Munich  \/ Valencia Basket<\/p>\n<p class=\"ft-text ft-helper-align-justify\"><strong>Durante los \u00faltimos dos a\u00f1os, ni Maccabi ni Hapoel Tel Aviv pudieron jugar en casa por decisi\u00f3n de la Euroliga tras la escalada b\u00e9lica de Israel en Palestina. <\/strong>Todo cambi\u00f3 hace unas semanas, tras el acuerdo de paz que llev\u00f3 a la Euroliga valorar la opci\u00f3n de volver a jugar en el pa\u00eds a partir del 11 de diciembre. De hecho, ese mismo d\u00eda el Maccabi podr\u00e1 regresar a su hogar ante ASVEL. <a class=\"ft-link ft-link--decoration\" href=\"https:\/\/www.euroleaguebasketball.net\/es\/euroleague\/game-center\/2025-26\/maccabi-rapyd-tel-aviv-valencia-basket\/E2025\/162\/\" rel=\"nofollow noopener\" target=\"_blank\">Pero no suceder\u00e1 lo mismo con la visita del Valencia Basket,<\/a> <strong>que tendr\u00e1 lugar en el Pais Arena, un pabell\u00f3n municipal de Jerusal\u00e9n inaugurado en 2014 y con capacidad para 11.000 espectadores<\/strong>. El otro equipo israel\u00ed, el Hapotel Tel Aviv, <strong>tampoco podr\u00e1 utilizar el Menora Mivtachim Arena <\/strong><a class=\"ft-link ft-link--decoration\" href=\"https:\/\/www.euroleaguebasketball.net\/es\/euroleague\/game-center\/2025-26\/hapoel-ibi-tel-aviv-crvena-zvezda-meridianbet-belgrade\/E2025\/154\/\" rel=\"nofollow noopener\" target=\"_blank\">para su choque del 16 de diciembre ante el Estrella Roja<\/a>, e igualmente se trasladar\u00e1 al <a class=\"ft-link ft-link--decoration\" href=\"https:\/\/es.ra.co\/clubs\/120873\" rel=\"nofollow noopener\" target=\"_blank\">Pais Arena.<\/a><\/p>\n<p>\u00danico equipo espa\u00f1ol que viajar\u00e1 a Israel <\/p>\n<p class=\"ft-text ft-helper-align-justify\">El <a class=\"ft-link ft-link--decoration\" href=\"https:\/\/www.superdeporte.es\/tags\/valencia-basket\/\" rel=\"nofollow noopener\" target=\"_blank\">Valencia Basket<\/a> ser\u00e1, adem\u00e1s, el \u00fanico club espa\u00f1ol de la Euroliga que tendr\u00e1 que desplazarse a territorio israel\u00ed esta temporada. <strong>El calendario ha querido que Bar\u00e7a, Real Madrid y Baskonia ya hubieran jugado sus compromisos como visitantes ante equipos israel\u00edes cuando estos todav\u00eda estaban obligados a competir fuera de su pa\u00eds.<\/strong> Aquellos partidos se disputaron en sedes como Bulgaria o Serbia, lejos de Tel Aviv. Los &#8216;taronja&#8217;, en cambio, ser\u00e1n los \u00fanicos que pisen Israel en este curso europeo.<\/p>\n","protected":false},"excerpt":{"rendered":"El Valencia Basket no jugar\u00e1 contra el Maccabi en Tel Aviv. Aunque el calendario marcaba la visita al&hellip;\n","protected":false},"author":2,"featured_media":275400,"comment_status":"","ping_status":"","sticky":false,"template":"","format":"standard","meta":{"footnotes":""},"categories":[269],"tags":[299,298,168,25,24,833,74,15139,23,167,2916],"class_list":{"0":"post-275399","1":"post","2":"type-post","3":"status-publish","4":"format-standard","5":"has-post-thumbnail","7":"category-baloncesto","8":"tag-baloncesto","9":"tag-basketball","10":"tag-deportes","11":"tag-es","12":"tag-espana","13":"tag-euroliga","14":"tag-israel","15":"tag-maccabi","16":"tag-spain","17":"tag-sports","18":"tag-valencia-basket"},"share_on_mastodon":{"url":"https:\/\/pubeurope.com\/@es\/115676798822700937","error":""},"_links":{"self":[{"href":"https:\/\/www.europesays.com\/es\/wp-json\/wp\/v2\/posts\/275399","targetHints":{"allow":["GET"]}}],"collection":[{"href":"https:\/\/www.europesays.com\/es\/wp-json\/wp\/v2\/posts"}],"about":[{"href":"https:\/\/www.europesays.com\/es\/wp-json\/wp\/v2\/types\/post"}],"author":[{"embeddable":true,"href":"https:\/\/www.europesays.com\/es\/wp-json\/wp\/v2\/users\/2"}],"replies":[{"embeddable":true,"href":"https:\/\/www.europesays.com\/es\/wp-json\/wp\/v2\/comments?post=275399"}],"version-history":[{"count":0,"href":"https:\/\/www.europesays.com\/es\/wp-json\/wp\/v2\/posts\/275399\/revisions"}],"wp:featuredmedia":[{"embeddable":true,"href":"https:\/\/www.europesays.com\/es\/wp-json\/wp\/v2\/media\/275400"}],"wp:attachment":[{"href":"https:\/\/www.europesays.com\/es\/wp-json\/wp\/v2\/media?parent=275399"}],"wp:term":[{"taxonomy":"category","embeddable":true,"href":"https:\/\/www.europesays.com\/es\/wp-json\/wp\/v2\/categories?post=275399"},{"taxonomy":"post_tag","embeddable":true,"href":"https:\/\/www.europesays.com\/es\/wp-json\/wp\/v2\/tags?post=275399"}],"curies":[{"name":"wp","href":"https:\/\/api.w.org\/{rel}","templated":true}]}}