{"id":275411,"date":"2025-12-07T06:18:08","date_gmt":"2025-12-07T06:18:08","guid":{"rendered":"https:\/\/www.europesays.com\/es\/275411\/"},"modified":"2025-12-07T06:18:08","modified_gmt":"2025-12-07T06:18:08","slug":"expone-subregistros-falta-de-reactivos-y-muertes-ocultas","status":"publish","type":"post","link":"https:\/\/www.europesays.com\/es\/275411\/","title":{"rendered":"expone subregistros, falta de reactivos y muertes ocultas"},"content":{"rendered":"<p>El diario espa\u00f1ol El Pa\u00eds retrat\u00f3 este s\u00e1bado una Cuba hundida en una crisis sanitaria sin precedentes, marcada por diagn\u00f3sticos falsos, falta de medicinas, hospitales saturados y un aumento de muertes que m\u00e9dicos y familiares vinculan a la expansi\u00f3n simult\u00e1nea de dengue, chikungunya, Oropouche y otros virus respiratorios.<\/p>\n<p>Un extenso <a href=\"https:\/\/elpais.com\/america\/2025-12-06\/nos-estamos-muriendo-cuba-se-hunde-en-una-gran-crisis-sanitaria-entre-falta-de-medicinas-y-diagnosticos-falsos.html\" rel=\"nofollow noopener\" target=\"_blank\">reportaje<\/a> de la periodista <strong>Carla Gloria Colom\u00e9 Santiago<\/strong>, basado en testimonios de pacientes y trabajadores de la salud, <a href=\"https:\/\/www.facebook.com\/share\/p\/17YTQP8mG7\/\" rel=\"nofollow noopener\" target=\"_blank\">describe<\/a> un escenario de colapso marcado por la expansi\u00f3n simult\u00e1nea de dengue, chikungunya, oropouche y otros virus respiratorios.<\/p>\n<p>Captura de Facebook\/Carla Gloria Colom\u00e9 Santiago<\/p>\n<p>Seg\u00fan el texto, los cubanos se sienten atrapados en un pa\u00eds enfermo, donde las familias lidian con s\u00edntomas severos sin saber con certeza qu\u00e9 padecen, y donde los hospitales operan al l\u00edmite de sus capacidades.<\/p>\n<p>De acuerdo con cifras oficiales, la \u00faltima semana dej\u00f3 5,717 nuevos casos de chikungunya, lo que elev\u00f3 el acumulado a 38,938, mientras el dengue permanece activo en todas las provincias y en 113 de los 168 municipios del pa\u00eds.<\/p>\n<p>Captura de Facebook\/Carla Gloria Colom\u00e9 Santiago<\/p>\n<p>Pero el dato que encendi\u00f3 alarmas fueron <a href=\"https:\/\/www.cibercuba.com\/noticias\/2025-12-01-u1-e135253-s27061-nid315821-cuba-confirma-33-muertes-chikunguna-dengue-mayoria\" rel=\"nofollow noopener\" target=\"_blank\"><strong>los 33 fallecidos reconocidos por el Gobierno, entre ellos 21 menores de edad<\/strong><\/a>.<\/p>\n<p>Fuentes m\u00e9dicas citadas por El Pa\u00eds aseguran que los decesos reales son mayores y que muchos certificados de defunci\u00f3n omiten la causa viral, atribuyendo los fallecimientos a infartos u otras enfermedades de base.<\/p>\n<p>Captura de Facebook\/Carla Gloria Colom\u00e9 Santiago<\/p>\n<p>En ciudades como Bayamo o Matanzas, los residentes reportan muertes recientes por deshidrataci\u00f3n o fallos respiratorios vinculados a la infecci\u00f3n.<\/p>\n<p>La falta de reactivos es uno de los factores que alimenta la incertidumbre. Enfermeras y m\u00e9dicos consultados por el diario espa\u00f1ol confirman que no existen pruebas suficientes para identificar con precisi\u00f3n el tipo de arbovirosis, mientras numerosos an\u00e1lisis se desechan por falta de insumos.<\/p>\n<p> Captura de Facebook\/Carla Gloria Colom\u00e9 Santiago<\/p>\n<p>En muchos policl\u00ednicos, <a href=\"https:\/\/www.cibercuba.com\/noticias\/2025-12-06-u1-e209363-s27061-nid316181-pico-viral-cifras-sombra-subregistro-impide-ver\" rel=\"nofollow noopener\" target=\"_blank\"><strong>los pacientes reciben diagn\u00f3sticos gen\u00e9ricos de \u201cs\u00edndrome febril inespec\u00edfico\u201d<\/strong><\/a>, lo que impide un seguimiento adecuado.<\/p>\n<p>A ello se suma la carencia de medicamentos esenciales, con un d\u00e9ficit superior al 70%, obligando a la poblaci\u00f3n a automedicarse con infusiones y remedios caseros.<\/p>\n<p> Captura de Facebook\/Carla Gloria Colom\u00e9 Santiago<\/p>\n<p>El reportaje tambi\u00e9n subraya que el deterioro nutricional agrava los cuadros cl\u00ednicos. Una gu\u00eda interna del Instituto de Medicina Tropical (IPK) Pedro Kour\u00ed recomienda dietas ricas en prote\u00ednas, l\u00e1cteos, pescados y frutos secos para enfrentar los efectos del chikungunya en el sistema inmune, pero estos alimentos resultan inalcanzables para la mayor\u00eda.<\/p>\n<p>\u201cLa comida del cubano hoy es picadillo y arroz\u201d, lamenta una de las entrevistadas.<\/p>\n<p>Mientras <a href=\"https:\/\/www.cibercuba.com\/noticias\/2025-11-17-u1-e135253-s27061-nid314999-autoridades-salud-tunas-desmienten-crisis-sanitaria\" rel=\"nofollow noopener\" target=\"_blank\"><strong>el Gobierno intenta restar gravedad al brote<\/strong><\/a>, insistiendo en que no es exclusivo de Cuba y citando ejemplos regionales, la acumulaci\u00f3n de basura, la falta de agua, los apagones y la escasez de insecticidas han creado un entorno ideal para la proliferaci\u00f3n del mosquito.<\/p>\n<p>Seg\u00fan El Pa\u00eds, <a href=\"https:\/\/www.cibercuba.com\/noticias\/2025-11-29-u1-e209363-s27061-nid315710-arbovirosis-ciego-avila-prensa-oficial-reconoce\" rel=\"nofollow noopener\" target=\"_blank\"><strong>las acciones oficiales llegaron demasiado tarde para contener una crisis que ya desbord\u00f3 hospitales y morgues<\/strong><\/a>, y que mantiene a la poblaci\u00f3n sumida en el miedo, la desprotecci\u00f3n y el desgaste f\u00edsico.<\/p>\n<p>Los testimonios recogidos por el medio apuntan a un pa\u00eds donde \u201cnadie est\u00e1 derecho\u201d y donde la poblaci\u00f3n, exhausta, vive entre el dolor, la fiebre y la incertidumbre, mientras busca respuestas que la infraestructura sanitaria no puede ofrecer.<\/p>\n<p>D\u00edas atr\u00e1s, <a href=\"https:\/\/www.cibercuba.com\/noticias\/2025-11-28-u1-e209363-s27061-nid315672-fallo-prevencion-autoridades-salud-reconocen-fallas\" rel=\"nofollow noopener\" target=\"_blank\"><strong>las autoridades sanitarias de Holgu\u00edn admitieron que fallaron en la prevenci\u00f3n contra el mosquito<\/strong><\/a>, mientras la provincia enfrenta una compleja situaci\u00f3n epidemiol\u00f3gica con tres municipios en fase de epidemia.<\/p>\n<p>Un reciente informe del Observatorio Cubano de Conflictos (OCC) y la Fundaci\u00f3n para los Derechos Humanos en Cuba <a href=\"https:\/\/www.cibercuba.com\/noticias\/2025-12-03-u1-e199894-s27061-nid315941-registros-independientes-documentan-al-menos-87\" rel=\"nofollow noopener\" target=\"_blank\"><strong>document\u00f3 entre octubre y noviembre de 2025 al menos<\/strong> <strong>87 fallecimientos<\/strong><\/a> vinculados a la epidemia de arbovirosis extendida a lo largo de la isla.<\/p>\n","protected":false},"excerpt":{"rendered":"El diario espa\u00f1ol El Pa\u00eds retrat\u00f3 este s\u00e1bado una Cuba hundida en una crisis sanitaria sin precedentes, marcada&hellip;\n","protected":false},"author":2,"featured_media":275412,"comment_status":"","ping_status":"","sticky":false,"template":"","format":"standard","meta":{"footnotes":""},"categories":[92],"tags":[16105,11524,4361,2216,25,24,165,47840,15511,4366,4360,166,4367,1452,23],"class_list":{"0":"post-275411","1":"post","2":"type-post","3":"status-publish","4":"format-standard","5":"has-post-thumbnail","7":"category-salud","8":"tag-atencion-de-salud","9":"tag-chikungunya","10":"tag-crisis-economica-en-cuba","11":"tag-dengue","12":"tag-es","13":"tag-espana","14":"tag-health","15":"tag-hospitales-cubanos","16":"tag-mosquito","17":"tag-mosquitos-aedes-aegypti","18":"tag-noticias-de-cuba","19":"tag-salud","20":"tag-salud-en-cuba","21":"tag-salud-publica","22":"tag-spain"},"share_on_mastodon":{"url":"https:\/\/pubeurope.com\/@es\/115676833627922804","error":""},"_links":{"self":[{"href":"https:\/\/www.europesays.com\/es\/wp-json\/wp\/v2\/posts\/275411","targetHints":{"allow":["GET"]}}],"collection":[{"href":"https:\/\/www.europesays.com\/es\/wp-json\/wp\/v2\/posts"}],"about":[{"href":"https:\/\/www.europesays.com\/es\/wp-json\/wp\/v2\/types\/post"}],"author":[{"embeddable":true,"href":"https:\/\/www.europesays.com\/es\/wp-json\/wp\/v2\/users\/2"}],"replies":[{"embeddable":true,"href":"https:\/\/www.europesays.com\/es\/wp-json\/wp\/v2\/comments?post=275411"}],"version-history":[{"count":0,"href":"https:\/\/www.europesays.com\/es\/wp-json\/wp\/v2\/posts\/275411\/revisions"}],"wp:featuredmedia":[{"embeddable":true,"href":"https:\/\/www.europesays.com\/es\/wp-json\/wp\/v2\/media\/275412"}],"wp:attachment":[{"href":"https:\/\/www.europesays.com\/es\/wp-json\/wp\/v2\/media?parent=275411"}],"wp:term":[{"taxonomy":"category","embeddable":true,"href":"https:\/\/www.europesays.com\/es\/wp-json\/wp\/v2\/categories?post=275411"},{"taxonomy":"post_tag","embeddable":true,"href":"https:\/\/www.europesays.com\/es\/wp-json\/wp\/v2\/tags?post=275411"}],"curies":[{"name":"wp","href":"https:\/\/api.w.org\/{rel}","templated":true}]}}