{"id":275419,"date":"2025-12-07T06:23:14","date_gmt":"2025-12-07T06:23:14","guid":{"rendered":"https:\/\/www.europesays.com\/es\/275419\/"},"modified":"2025-12-07T06:23:14","modified_gmt":"2025-12-07T06:23:14","slug":"el-psoe-zozobra-por-la-nefasta-gestion-del-caso-salazar-espana","status":"publish","type":"post","link":"https:\/\/www.europesays.com\/es\/275419\/","title":{"rendered":"El PSOE zozobra por la \u201cnefasta\u201d gesti\u00f3n del \u2018caso Salazar\u2019 | Espa\u00f1a"},"content":{"rendered":"<p class=\"\"><a href=\"https:\/\/elpais.com\/espana\/2025-12-06\/sanchez-asume-en-primera-persona-el-error-de-no-llamar-a-las-victimas-de-salazar-pero-asegura-que-no-hubo-connivencia.html\" target=\"_self\" rel=\"nofollow noopener\" title=\"https:\/\/elpais.com\/espana\/2025-12-06\/sanchez-asume-en-primera-persona-el-error-de-no-llamar-a-las-victimas-de-salazar-pero-asegura-que-no-hubo-connivencia.html\">La asunci\u00f3n de Pedro S\u00e1nchez \u201cen primera persona\u201d<\/a> de la responsabilidad por la pasividad del PSOE en la respuesta a las denuncias por acoso sexual y abuso de poder contra Francisco Salazar apenas ha contribuido a calmar la indignaci\u00f3n y frustraci\u00f3n que agita a los socialistas. La gesti\u00f3n del caso que afecta a otro de los hombres de confianza del presidente del Gobierno desde las primarias de 2017 ha hundido a\u00fan m\u00e1s la moral de un partido ya de por s\u00ed atormentado por los esc\u00e1ndalos de corrupci\u00f3n de sus \u00faltimos dos secretarios de Organizaci\u00f3n, Jos\u00e9 Luis \u00c1balos y Santos Cerd\u00e1n. \u201cAlgo arregla. O eso espero. Toda esta sucesi\u00f3n de miserias es demoledora porque adem\u00e1s va contra nuestras banderas, el feminismo y la lucha contra la corrupci\u00f3n. Y resulta que has tenido dentro de casa, en la cocina, a un putero, a un chorizo y a un acosador\u201d, se sincera un secretario general de las federaciones m\u00e1s se\u00f1eras tras conocer el \u00faltimo acto de contrici\u00f3n de S\u00e1nchez. <\/p>\n<p class=\"\">\u201cAsumirlo en primera persona est\u00e1 bien. Hay que ser proactivo\u201d, opina una dirigente socialista contrariada por la \u201cnefasta\u201d manera en que se ha llevado <a href=\"https:\/\/elpais.com\/espana\/2025-12-05\/el-psoe-se-disculpa-por-la-gestion-de-las-denuncias-contra-salazar.html\" target=\"_self\" rel=\"nofollow noopener\" title=\"https:\/\/elpais.com\/espana\/2025-12-05\/el-psoe-se-disculpa-por-la-gestion-de-las-denuncias-contra-salazar.html\">una crisis que sigue sin resolverse.<\/a> \u201cEl da\u00f1o ya est\u00e1 hecho\u201d, sentencia otro l\u00edder territorial, formalmente alineado con Ferraz. Los \u00e1nimos en la direcci\u00f3n federal del PSOE no es que anden mejor despu\u00e9s del mea culpa de S\u00e1nchez, en el 47\u00ba aniversario de la Constituci\u00f3n. \u201cNo creo que ayude mucho. Cada paso contribuye a aumentar m\u00e1s la bola\u201d, piensa un integrante de la c\u00fapula. \u201cPor mucho que haya salido Pedro, vamos a necesitar tiempo para rebajar el malestar. Tenemos que demostrar que algo as\u00ed no vuelve pasar y que el protocolo funciona\u201d, apostilla una dirigente de la ejecutiva. <\/p>\n<p class=\"\">\u201cMi duda es por qu\u00e9 este tema se mete en el congelador y est\u00e1 ah\u00ed cinco meses. Ese es el pecado original\u201d, lamenta un ministro, que recuerda que el PSOE s\u00ed reaccion\u00f3 con rapidez el mismo 5 de julio, cuando se conocieron las primeras acusaciones de acoso contra el entonces cargo de La Moncloa y responsable de An\u00e1lisis y Acci\u00f3n Electoral de la direcci\u00f3n socialista, horas antes del comit\u00e9 federal en el que iba a ser nombrado uno de los tres adjuntos de Rebeca Torr\u00f3 en la secretar\u00eda de Organizaci\u00f3n del PSOE. En ese momento, en los \u00f3rganos de direcci\u00f3n del PSOE no se hab\u00eda recibido ninguna denuncia o queja sobre el comportamiento de Salazar. <\/p>\n<p class=\"\">La idea extendida en la formaci\u00f3n es que iba a ser el secretario de Organizaci\u00f3n \u201cen la sombra\u201d, seg\u00fan la expresi\u00f3n formulada por una decena de dirigentes. Y que la relaci\u00f3n cercana que ten\u00eda con sus responsables, tanto con Torr\u00f3 como con los otros dos adjuntos, Borja Cabez\u00f3n y Anabel Mateos, provoc\u00f3 que la investigaci\u00f3n contra Salazar se fuera demorando. Hasta que el caso implosion\u00f3 en un momento de extrema dificultad para el PSOE, sin Presupuestos, <a href=\"https:\/\/elpais.com\/espana\/catalunya\/2025-12-03\/junts-emplaza-a-sanchez-a-concretar-sus-intenciones-con-hechos-hemos-roto-y-hemos-roto-de-verdad.html\" target=\"_self\" rel=\"nofollow noopener\" title=\"https:\/\/elpais.com\/espana\/catalunya\/2025-12-03\/junts-emplaza-a-sanchez-a-concretar-sus-intenciones-con-hechos-hemos-roto-y-hemos-roto-de-verdad.html\">con los intentos en apariencia bald\u00edos de S\u00e1nchez de reconciliarse con Junts<\/a> y a las puertas de las elecciones extreme\u00f1as, donde la pregunta que se hacen socialistas es lo dolorosa que ser\u00e1 la derrota en uno de sus feudos hist\u00f3ricos. \u201cSi alguien pensaba que esto se iba a olvidar ha sido superingenuo. No creo que se quisiera protegerle, pero se han equivocado. El agravante de no escuchar a las denunciantes es que pierdes tu credibilidad. Y adem\u00e1s ha coincidido con lo de Torremolinos\u201d, critica un peso pesado del Ejecutivo. El PSOE suspendi\u00f3 el viernes de militancia y le abri\u00f3 un expediente disciplinario al secretario general de la ciudad malague\u00f1a, Antonio Navarro, por acoso sexual a una concejala socialista, que ante la falta de respuesta de su partido a las peticiones presentadas durante meses para que interviniera termin\u00f3 acudiendo al juzgado <a href=\"https:\/\/elpais.com\/espana\/2025-12-06\/habla-la-edil-de-torremolinos-del-psoe-acosada-fui-al-juzgado-porque-la-situacion-era-insoportable.html\" target=\"_self\" rel=\"nofollow noopener\" title=\"https:\/\/elpais.com\/espana\/2025-12-06\/habla-la-edil-de-torremolinos-del-psoe-acosada-fui-al-juzgado-porque-la-situacion-era-insoportable.html\">\u201cporque la situaci\u00f3n era insoportable\u201d.<\/a> <\/p>\n<p class=\"\">S\u00e1nchez niega la \u201cconnivencia\u201d con Salazar y ha rechazado que hubiera ninguna intencionalidad en el \u201cerror con la velocidad en la interacci\u00f3n\u201d con las v\u00edctimas, dos trabajadoras en el complejo de La Moncloa militantes del PSOE que registraron sus denuncias en julio. Desde entonces la Oficina Antiacoso no avanz\u00f3 en su tramitaci\u00f3n y ni siquiera se puso en contacto con ellas. La consecuencia ha sido una tormenta desatada y avivada no por la derecha, sino por cuadros del partido. Referentes feministas como <a href=\"https:\/\/elpais.com\/espana\/2025-12-04\/adriana-lastra-insta-al-psoe-a-llevar-a-la-fiscalia-las-denuncias-contra-salazar-al-ser-violencia-contra-las-mujeres.html\" target=\"_self\" rel=\"nofollow noopener\" title=\"https:\/\/elpais.com\/espana\/2025-12-04\/adriana-lastra-insta-al-psoe-a-llevar-a-la-fiscalia-las-denuncias-contra-salazar-al-ser-violencia-contra-las-mujeres.html\">Adriana Lastra, ex vicesecretaria general, y Andrea Fern\u00e1ndez, portavoz de Igualdad en el Congreso,<\/a> han sido las primeras en exigir explicaciones p\u00fablicas a Ferraz. \u201cSi ya hemos tenido en julio un incendio por el acoso estate atento, estate encima, porque es evidente que es un punto de conflicto\u201d, comparte un secretario de Organizaci\u00f3n.<\/p>\n<p class=\"\">Previamente, Pilar Bernab\u00e9, secretaria de Igualdad y delegada del Gobierno en la Comunidad Valenciana, convoc\u00f3 de urgencia una reuni\u00f3n telem\u00e1tica a las responsables de \u00e1rea de toda Espa\u00f1a la noche del mi\u00e9rcoles <a href=\"https:\/\/elpais.com\/espana\/2025-12-03\/ferraz-intenta-apaciguar-los-animos-por-el-caso-salazar-en-una-reunion-de-urgencia-esta-noche.html\" target=\"_self\" rel=\"nofollow noopener\" title=\"https:\/\/elpais.com\/espana\/2025-12-03\/ferraz-intenta-apaciguar-los-animos-por-el-caso-salazar-en-una-reunion-de-urgencia-esta-noche.html\">que no apacigu\u00f3 los \u00e1nimos.<\/a> El compromiso fue celebrar una reuni\u00f3n presencial, en teor\u00eda la semana que viene. Una prueba de que el encuentro se cerr\u00f3 en falso es que la federaci\u00f3n de Navarra, una de las cuatro comunidades que los socialistas presiden, emiti\u00f3 un comunicado reafirmando su compromiso absoluto con la protecci\u00f3n de las mujeres. \u201cLa prioridad debe ser siempre escuchar, acompa\u00f1ar y situar a las v\u00edctimas en el centro\u201d, expres\u00f3 su encargada de Igualdad, Nuria Medina. <\/p>\n<p class=\"\">\u201cTenemos que llegar a Navidades con esto resuelto\u201d, zanja una ministra. Mientras, el PSOE se ha dividido los \u00faltimos d\u00edas entre quienes son partidarios de llevar las denuncias a la fiscal\u00eda, como la federaci\u00f3n de Asturias aprob\u00f3 en su ejecutiva y ha pedido tanto en p\u00fablico como en la reuni\u00f3n de Igualdad, para trasladar un mensaje de dureza a la ciudadan\u00eda. En particular a las mujeres, su principal electorado, pero tambi\u00e9n por la gravedad del contenido de las denuncias contra Salazar. Sin embargo, ese camino lo ha descartado S\u00e1nchez, con el argumento de que se trata de denuncias an\u00f3nimas. Dar ese paso corresponder\u00eda a las denunciantes, que en ese momento revelar\u00edan su identidad. El presidente, cuya intenci\u00f3n es cerrar el caso la pr\u00f3xima semana, aunque en teor\u00eda la Oficina Antiacoso del PSOE es un \u00f3rgano independiente, se comprometi\u00f3 a culminar el expediente y ofrecerle toda la ayuda y apoyo del PSOE a las denunciantes. \u201cSe les est\u00e1 revictimizando, nada de esto tendr\u00eda que haber ocurrido\u201d, reprocha una responsable de Igualdad. \u201cPor lo que yo escucho, las compa\u00f1eras de Igualdad solo pensar\u00e1n que se ha corregido el error cuando se lleve a fiscal\u00eda\u201d, a\u00f1ade un secretario de Organizaci\u00f3n auton\u00f3mico. <\/p>\n<p class=\"\">\u201c\u00bfD\u00f3nde est\u00e1 la estrategia y la cabeza de este partido? Es que no lo entiendo?\u201c, porf\u00eda una diputada con mucho tir\u00f3n org\u00e1nico, que subraya que una de sus preocupaciones es que \u201dno dejan de ser hechos concretos de gente con mucha responsabilidad y mucha visibilidad, porque el resto de hombres del partido no son as\u00ed\u201c. \u201cSe tiene que llevar a fiscal\u00eda, por la imagen de todos los compa\u00f1eros. No somos unos puteros ni acosadores\u201c, ruega un miembro de la direcci\u00f3n de la federaci\u00f3n valenciana.<\/p>\n<p class=\"\">La incomodidad de las dirigentes del PSOE no es exclusiva. Es generalizada entre cuadros masculinos de todo el escalaf\u00f3n. \u201cSe pod\u00eda haber actuado con mayor contundencia y con mayor transparencia\u201d, ya objet\u00f3 entre semana Javier Fern\u00e1ndez, secretario general del PSOE de Sevilla y presidente de la Diputaci\u00f3n. \u201cEste episodio no solo es un esc\u00e1ndalo: amenaza con corromper uno de los pilares fundamentales del PSOE. Debemos exigirnos una condena sin paliativos y ejemplaridad en la respuesta\u201d, reclam\u00f3 Javier Garc\u00eda, secretario general de La Rioja. <\/p>\n<p class=\"\">\u201cEstoy horrorizado porque la impresi\u00f3n que hemos dado es que [el caso Salazar] lo hemos adormilado. Nos hace<b> <\/b>much\u00edsimo da\u00f1o que seamos tibios en algo as\u00ed\u201c, indica un secretario provincial de una de las comunidades que afronta elecciones los pr\u00f3ximos meses. El gran temor es el desgarro entre el electorado femenino, el gran puntal del PSOE. \u201cYa nos ha sucedido. En julio tuvimos un baj\u00f3n demosc\u00f3pico por el voto femenino y luego se recuper\u00f3 en seguida. Puede haber ahora otro baj\u00f3n, pero tenemos una gran hoja de servicios\u201d, conf\u00eda un ministro.<\/p>\n","protected":false},"excerpt":{"rendered":"La asunci\u00f3n de Pedro S\u00e1nchez \u201cen primera persona\u201d de la responsabilidad por la pasividad del PSOE en la&hellip;\n","protected":false},"author":2,"featured_media":275420,"comment_status":"","ping_status":"","sticky":false,"template":"","format":"standard","meta":{"footnotes":""},"categories":[8],"tags":[46039,10239,17,18,25,24,13,14,4910,248,11,19,20,4043,9,10,15,16,2959,1699,23,12,21,22],"class_list":{"0":"post-275419","1":"post","2":"type-post","3":"status-publish","4":"format-standard","5":"has-post-thumbnail","7":"category-espana","8":"tag-acoso-laboral","9":"tag-acoso-sexual","10":"tag-breaking-news","11":"tag-breakingnews","12":"tag-es","13":"tag-espana","14":"tag-featured-news","15":"tag-featurednews","16":"tag-feminismo","17":"tag-gobierno-de-espana","18":"tag-headlines","19":"tag-latest-news","20":"tag-latestnews","21":"tag-machismo","22":"tag-news","23":"tag-noticias","24":"tag-noticias-destacadas","25":"tag-noticiasdestacadas","26":"tag-pedro-sanchez","27":"tag-psoe","28":"tag-spain","29":"tag-titulares","30":"tag-ultimas-noticias","31":"tag-ultimasnoticias"},"share_on_mastodon":{"url":"https:\/\/pubeurope.com\/@es\/115676853360878692","error":""},"_links":{"self":[{"href":"https:\/\/www.europesays.com\/es\/wp-json\/wp\/v2\/posts\/275419","targetHints":{"allow":["GET"]}}],"collection":[{"href":"https:\/\/www.europesays.com\/es\/wp-json\/wp\/v2\/posts"}],"about":[{"href":"https:\/\/www.europesays.com\/es\/wp-json\/wp\/v2\/types\/post"}],"author":[{"embeddable":true,"href":"https:\/\/www.europesays.com\/es\/wp-json\/wp\/v2\/users\/2"}],"replies":[{"embeddable":true,"href":"https:\/\/www.europesays.com\/es\/wp-json\/wp\/v2\/comments?post=275419"}],"version-history":[{"count":0,"href":"https:\/\/www.europesays.com\/es\/wp-json\/wp\/v2\/posts\/275419\/revisions"}],"wp:featuredmedia":[{"embeddable":true,"href":"https:\/\/www.europesays.com\/es\/wp-json\/wp\/v2\/media\/275420"}],"wp:attachment":[{"href":"https:\/\/www.europesays.com\/es\/wp-json\/wp\/v2\/media?parent=275419"}],"wp:term":[{"taxonomy":"category","embeddable":true,"href":"https:\/\/www.europesays.com\/es\/wp-json\/wp\/v2\/categories?post=275419"},{"taxonomy":"post_tag","embeddable":true,"href":"https:\/\/www.europesays.com\/es\/wp-json\/wp\/v2\/tags?post=275419"}],"curies":[{"name":"wp","href":"https:\/\/api.w.org\/{rel}","templated":true}]}}