{"id":275431,"date":"2025-12-07T06:37:13","date_gmt":"2025-12-07T06:37:13","guid":{"rendered":"https:\/\/www.europesays.com\/es\/275431\/"},"modified":"2025-12-07T06:37:13","modified_gmt":"2025-12-07T06:37:13","slug":"por-que-este-personaje-es-mas-importante-de-lo-que-piensas","status":"publish","type":"post","link":"https:\/\/www.europesays.com\/es\/275431\/","title":{"rendered":"por qu\u00e9 este personaje es m\u00e1s importante de lo que piensas"},"content":{"rendered":"<p class=\"c-paragraph\"><b><a href=\"https:\/\/www.20minutos.es\/cinemania\/series\/stranger-things-5-final-explicado-volumen-1-duffer-will-max-regreso-ocho_6903353_0.html\" title=\"&#039;Stranger Things 5&#039;, final explicado del Volumen 1: los Duffer justifican lo que pasa con Will, Max y el regreso sorpresa\" rel=\"nofollow noopener\" target=\"_blank\">Stranger Things<\/a><\/b> se ha confirmado con el Volumen 1 de su quinta temporada como un fen\u00f3meno absoluto de <b>Netflix.<\/b> La ambiciosa producci\u00f3n, que no ha hecho sino crecer en contenido y forma desde su estreno en 2016, ha arrastrado a una audiencia global al Mundo del Rev\u00e9s con su apuesta por la nostalgia ochentera, el terror en ascenso y una cantera de actores ahora convertidos en estrellas.\u00a0<\/p>\n<p class=\"c-paragraph\">Sin duda, el \u00e9xito de la serie pasa en gran parte por su atinado reparto. <b>Millie Bobby Brown, Sadie Sink, Joe Keery <\/b>y el resto de protagonistas han crecido delante de las c\u00e1maras y Hollywood no ha tardado en reparar en ellos. M\u00e1s all\u00e1 de los personajes principales, los secundarios tambi\u00e9n han brillado temporada tras temporada, como pas\u00f3 con Eddie (Joseph Quinn) en la cuarta entrega y ahora con Derek (Jake Connelly) y Holly (Nell Fisher) en la quinta.\u00a0<\/p>\n<p class=\"c-paragraph\">Los peque\u00f1os no han sido los \u00fanicos que han captado la atenci\u00f3n de los espectadores en los nuevos episodios de Stranger Things. <b>Hope Hynes Love, que da vida a la se\u00f1orita Harris, <\/b>profesora de Derek y Holly, tambi\u00e9n se ha hecho un hueco en la trama, sobre todo en el \u00faltimo episodio del Volumen 1.\u00a0<\/p>\n<p class=\"c-paragraph\">\u00bfY qui\u00e9n es Hope Hynes Love? Una incorporaci\u00f3n mucho m\u00e1s importante de lo que parece a simple vista, que tiene una conexi\u00f3n muy especial con los hermanos Duffer, los creadores de la apuesta.\u00a0<\/p>\n<p>La profesora real de los Duffer sale en &#8216;Stranger Things 5&#8217;<\/p>\n<p class=\"c-paragraph\">Como dec\u00edamos, la se\u00f1orita Harris es la profesora de Derek y Holly y tiene especial trascendencia narrativa en el episodio Hechicero, el cuarto y \u00faltimo del Volumen 1. En \u00e9l, acompa\u00f1a a sus j\u00f3venes alumnos a MAC-Z, las instalaciones militares desde donde\u00a0Joyce (Winona Ryder), Will (Noah Schnapp) y los dem\u00e1s tratan de sacaros para salvarlos de Vecna (Jamie Campbell Bower).\u00a0<\/p>\n<p class=\"c-paragraph\">Ross Duffer ha compartido una imagen de la se\u00f1orita Harris en su cuenta de Instagram, donde ha revelado que se trata de Hope Hynes Love, que fue su profesora de interpretaci\u00f3n en el instituto de Durham, en Carolina del Norte.\u00a0<\/p>\n<p class=\"c-paragraph\">\u00abEl instituto fue duro para mi hermano [Matt] y para m\u00ed, pero Hope vio algo en nosotros que no ve\u00edamos en nosotros mismos y <b>nos dio la confianza no solo para sobrevivir esos cuatro a\u00f1os, sino tambi\u00e9n para mudarnos a Los \u00c1ngeles y perseguir nuestro sue\u00f1o\u00bb, <\/b>ha explicado Ross Duffer.\u00a0<\/p>\n<p class=\"c-paragraph\">La dupla creadora ha querido contar con Hope, que ejerci\u00f3 como mentora para ellos, en la \u00faltima temporada de la serie que los ha catapultado a la fama. \u00abUn saludo a todos los profesores que marcan la diferencia\u00bb, ha a\u00f1adido, antes de\u00a0despedirse con una petici\u00f3n: \u00abPor favor, prioricemos el arte en las escuelas\u00bb.\u00a0<\/p>\n<p class=\"c-paragraph\">Curiosamente, el colegio en el que trabaja Love tambi\u00e9n ha celebrado su participaci\u00f3n en Stranger Things.\u00a0<\/p>\n<p class=\"c-paragraph\">\u00ab\u00a1Esa es la se\u00f1ora Love! Si hab\u00e9is visto la nueva temporada de Stranger Things, tal vez os hay\u00e1is dado cuenta de que a la se\u00f1orita Harris le da vida Hope Hynes Love, la veterana profesora de teatro y directora de arte de East Chapel Hill High School\u00bb, se puede leer en el post.\u00a0<\/p>\n<p class=\"c-paragraph\"><b>\u00abAl principio de su carrera, en Durham, la se\u00f1ora Love fue la profesora de interpretaci\u00f3n del instituto de Matt Duffer y Ross Duffer, <\/b>que m\u00e1s tarde se convirtieron en los creadores, directores y productores ejecutivos de la serie de \u00e9xito de Netflix Stranger Things\u00bb, cuenta, para luego concluir con las palabras de Ross Duffer en su mensaje.\u00a0<\/p>\n<p class=\"c-paragraph\">El 26 de diciembre, los Duffer regresar\u00e1n con el estreno del Volumen 2 de Stranger Things y, el 1 de enero, le pondr\u00e1n fin con un episodio final. Pase lo que pase, caiga quien caiga en Hawkins, la profesora que los inspir\u00f3 a dedicarse al cine ya forma parte del legendario universo ochentero que han creado en Netflix.\u00a0<\/p>\n","protected":false},"excerpt":{"rendered":"Stranger Things se ha confirmado con el Volumen 1 de su quinta temporada como un fen\u00f3meno absoluto de&hellip;\n","protected":false},"author":2,"featured_media":275432,"comment_status":"","ping_status":"","sticky":false,"template":"","format":"standard","meta":{"footnotes":""},"categories":[171],"tags":[146,147,25,24,67201,67200,23,57225,63098,214],"class_list":{"0":"post-275431","1":"post","2":"type-post","3":"status-publish","4":"format-standard","5":"has-post-thumbnail","7":"category-tv","8":"tag-entertainment","9":"tag-entretenimiento","10":"tag-es","11":"tag-espana","12":"tag-hermanos-duffer","13":"tag-profesora-harris","14":"tag-spain","15":"tag-stranger-things","16":"tag-temporada-5","17":"tag-tv"},"share_on_mastodon":{"url":"https:\/\/pubeurope.com\/@es\/115676908292671527","error":""},"_links":{"self":[{"href":"https:\/\/www.europesays.com\/es\/wp-json\/wp\/v2\/posts\/275431","targetHints":{"allow":["GET"]}}],"collection":[{"href":"https:\/\/www.europesays.com\/es\/wp-json\/wp\/v2\/posts"}],"about":[{"href":"https:\/\/www.europesays.com\/es\/wp-json\/wp\/v2\/types\/post"}],"author":[{"embeddable":true,"href":"https:\/\/www.europesays.com\/es\/wp-json\/wp\/v2\/users\/2"}],"replies":[{"embeddable":true,"href":"https:\/\/www.europesays.com\/es\/wp-json\/wp\/v2\/comments?post=275431"}],"version-history":[{"count":0,"href":"https:\/\/www.europesays.com\/es\/wp-json\/wp\/v2\/posts\/275431\/revisions"}],"wp:featuredmedia":[{"embeddable":true,"href":"https:\/\/www.europesays.com\/es\/wp-json\/wp\/v2\/media\/275432"}],"wp:attachment":[{"href":"https:\/\/www.europesays.com\/es\/wp-json\/wp\/v2\/media?parent=275431"}],"wp:term":[{"taxonomy":"category","embeddable":true,"href":"https:\/\/www.europesays.com\/es\/wp-json\/wp\/v2\/categories?post=275431"},{"taxonomy":"post_tag","embeddable":true,"href":"https:\/\/www.europesays.com\/es\/wp-json\/wp\/v2\/tags?post=275431"}],"curies":[{"name":"wp","href":"https:\/\/api.w.org\/{rel}","templated":true}]}}