{"id":275444,"date":"2025-12-07T06:54:10","date_gmt":"2025-12-07T06:54:10","guid":{"rendered":"https:\/\/www.europesays.com\/es\/275444\/"},"modified":"2025-12-07T06:54:10","modified_gmt":"2025-12-07T06:54:10","slug":"vuelta-ciclista-a-espana-asturias","status":"publish","type":"post","link":"https:\/\/www.europesays.com\/es\/275444\/","title":{"rendered":"VUELTA CICLISTA A ESPA\u00d1A ASTURIAS"},"content":{"rendered":"<p class=\"ft-text ft-helper-closenews\"><a class=\"ft-link ft-link--decoration\" href=\"https:\/\/www.lne.es\/deportes\/deporte-astur\/2025\/09\/05\/hay-vuelta-ciclista-espana-paso-121287849.html\" rel=\"nofollow noopener\" target=\"_blank\"><strong>La Vuelta Ciclista a Espa\u00f1a, salvo giro inesperado de \u00faltima hora, prescindir\u00e1 de las etapas asturianas, algo que no suced\u00eda desde 2009<\/strong><\/a><strong>.<\/strong> De hecho, de las 80 ediciones que se llevan disputadas de la ronda espa\u00f1ola, <strong>solo en 17 ocasiones Asturias dej\u00f3 de estar presente<\/strong>. El per\u00edodo m\u00e1s prolongado de ausencia fue de cinco a\u00f1os, desde 1969 a 1973. Los a\u00f1os que la Vuelta a Espa\u00f1a no pas\u00f3 por la regi\u00f3n fueron los siguientes:<strong> 1935, 1955, 1959, 1961, 1962, 1966, 1967, 1969, 1970, 1971, 1972, 1973, 1975, 1977, 1998, 2004 y 2009. <\/strong><\/p>\n<p class=\"ft-text\">La Vuelta a Espa\u00f1a del pr\u00f3ximo a\u00f1o dar\u00e1 comienzo<strong> el s\u00e1bado 22 de agosto en M\u00f3naco, con una contrarreloj de 9,6 kil\u00f3metros.<\/strong> La Plaza del Casino acoger\u00e1 la salida de una etapa que<strong> finalizar\u00e1 en el Boulevard Albert I, donde se sit\u00faa cada a\u00f1o la meta del Gran Premio de M\u00f3naco de F\u00f3rmula 1. <\/strong><\/p>\n<p class=\"ft-text\">El domingo 23, la segunda etapa saldr\u00e1 desde M\u00f3naco. <strong>En esta jornada, el arco de salida estar\u00e1 situado en la Plaza del Palacio Princier. Tras uno recorrido neutralizado por las calles del Principado, la salida real se dar\u00e1 junto al Jardin Exotique para que los ciclistas abandonen M\u00f3naco <\/strong>camino de Francia en la primera jornada en l\u00ednea de La Vuelta 26.<\/p>\n<p class=\"ft-text\">Esas etapas francesas son las \u00fanicas que est\u00e1n confirmadas por la organizaci\u00f3n, pero se ha podido saber que la ronda espa\u00f1ola se dirigir\u00e1 desde Francia <strong>hacia la comunidad valenciana para terminar en Andaluc\u00eda,<\/strong><a class=\"ft-link ft-link--decoration\" href=\"https:\/\/www.lne.es\/deportes\/deporte-astur\/2025\/09\/05\/almeida-reina-angliru-etapa-vuelta-121280428.html\" rel=\"nofollow noopener\" target=\"_blank\"><strong> con lo que en esta edici\u00f3n prescindir\u00e1 del norte de Espa\u00f1a, lo que incluye al Principado de Asturias. <\/strong><\/a><\/p>\n<p class=\"ft-text\">Tambi\u00e9n se queda fuera en esta edici\u00f3n<strong> el cl\u00e1sico final en Madrid, ya que coincide con el Gran Premio de F\u00f3rmula 1 <\/strong>que por primera vez se va a disputar en la capital de Espa\u00f1a. La idea inicial era que el final fuese en las islas Canarias, pero no se lleg\u00f3 a cerrar el acuerdo y se busc\u00f3 otra alternativa en <strong>Andaluc\u00eda, siendo Granada una de las ciudades favoritas para acoger el final de la ronda espa\u00f1ola.<\/strong><\/p>\n<p data-close=\"closedContent\" class=\"subscribeHideForDisplay\">Suscr\u00edbete para seguir leyendo<\/p>\n","protected":false},"excerpt":{"rendered":"La Vuelta Ciclista a Espa\u00f1a, salvo giro inesperado de \u00faltima hora, prescindir\u00e1 de las etapas asturianas, algo que&hellip;\n","protected":false},"author":2,"featured_media":275445,"comment_status":"","ping_status":"","sticky":false,"template":"","format":"standard","meta":{"footnotes":""},"categories":[273],"tags":[20624,259,12232,3570,313,1757,312,168,25,24,5095,23,167,235,1357],"class_list":{"0":"post-275444","1":"post","2":"type-post","3":"status-publish","4":"format-standard","5":"has-post-thumbnail","7":"category-ciclismo","8":"tag-abandonar","9":"tag-andalucia","10":"tag-asturiano","11":"tag-cerca","12":"tag-ciclismo","13":"tag-ciclista","14":"tag-cycling","15":"tag-deportes","16":"tag-es","17":"tag-espana","18":"tag-monaco","19":"tag-spain","20":"tag-sports","21":"tag-valencia","22":"tag-vuelta"},"share_on_mastodon":{"url":"https:\/\/pubeurope.com\/@es\/115676975133925748","error":""},"_links":{"self":[{"href":"https:\/\/www.europesays.com\/es\/wp-json\/wp\/v2\/posts\/275444","targetHints":{"allow":["GET"]}}],"collection":[{"href":"https:\/\/www.europesays.com\/es\/wp-json\/wp\/v2\/posts"}],"about":[{"href":"https:\/\/www.europesays.com\/es\/wp-json\/wp\/v2\/types\/post"}],"author":[{"embeddable":true,"href":"https:\/\/www.europesays.com\/es\/wp-json\/wp\/v2\/users\/2"}],"replies":[{"embeddable":true,"href":"https:\/\/www.europesays.com\/es\/wp-json\/wp\/v2\/comments?post=275444"}],"version-history":[{"count":0,"href":"https:\/\/www.europesays.com\/es\/wp-json\/wp\/v2\/posts\/275444\/revisions"}],"wp:featuredmedia":[{"embeddable":true,"href":"https:\/\/www.europesays.com\/es\/wp-json\/wp\/v2\/media\/275445"}],"wp:attachment":[{"href":"https:\/\/www.europesays.com\/es\/wp-json\/wp\/v2\/media?parent=275444"}],"wp:term":[{"taxonomy":"category","embeddable":true,"href":"https:\/\/www.europesays.com\/es\/wp-json\/wp\/v2\/categories?post=275444"},{"taxonomy":"post_tag","embeddable":true,"href":"https:\/\/www.europesays.com\/es\/wp-json\/wp\/v2\/tags?post=275444"}],"curies":[{"name":"wp","href":"https:\/\/api.w.org\/{rel}","templated":true}]}}