{"id":275452,"date":"2025-12-07T06:59:22","date_gmt":"2025-12-07T06:59:22","guid":{"rendered":"https:\/\/www.europesays.com\/es\/275452\/"},"modified":"2025-12-07T06:59:22","modified_gmt":"2025-12-07T06:59:22","slug":"lucia-c-pino-artista-el-suceso-historico-que-mas-admiro-es-un-imperio-que-cae-babelia","status":"publish","type":"post","link":"https:\/\/www.europesays.com\/es\/275452\/","title":{"rendered":"Luc\u00eda C. Pino, artista: \u201cEl suceso hist\u00f3rico que m\u00e1s admiro es un imperio que cae\u201d | Babelia"},"content":{"rendered":"<p class=\"\"><a href=\"https:\/\/ca2m.org\/exposiciones\/lucia-c-pino-tu-que-tienes-ademanes-de-ensueno\" target=\"_self\" rel=\"nofollow noopener\" title=\"https:\/\/ca2m.org\/exposiciones\/lucia-c-pino-tu-que-tienes-ademanes-de-ensueno\">T\u00fa, que tienes ademanes de ensue\u00f1o, <\/a>exposici\u00f3n de Luc\u00eda C. Pino (Valencia, 1977) abierta en el CA2M de M\u00f3stoles hasta el 8 de marzo de 2026, explora cuestiones desde la materialidad y la forma a la capacidad para generar atm\u00f3sferas de medios dispares como la escultura y la fotograf\u00eda. <\/p>\n<p class=\"\"><b>En su exposici\u00f3n en el CA2M convergen escultura y fotograf\u00eda. \u00bfEn qu\u00e9 puntos se unen y en cu\u00e1les se separan? <\/b>Se unen en la idea de \u201carchivo\u201d y \u201ccuerpo\u201d y se separan en la dimensi\u00f3n espacial y material. <\/p>\n<p class=\"\"><b>\u00bfCu\u00e1ndo supo que se dedicar\u00eda al arte? <\/b>Siempre lo intu\u00ed, pero tuve que dar muchas vueltas hasta que entend\u00ed la manera. <\/p>\n<p class=\"\"><b>\u00bfQu\u00e9 artistas u obras recomendar\u00eda para iniciarse en el arte actual?<\/b> Me cuesta pensar que alguien tenga que iniciarse en arte porque vivo en Barcelona y tienes autobuses paseando con anuncios sobre Basquiat y Warhol porque hay una sucursal de un museo especializado en nombres populares\u2026 Es dif\u00edcil que no sepas qui\u00e9nes son\u2026 te guste o no. Por no hablar de Picasso o Gaud\u00ed, que han pasado a ser casi una broma de s\u00ed mismos por el uso excesivo y las m\u00faltiples versiones de sus obras aplicadas a las m\u00e1s diversas superficies\u2026 Si por actual te refieres al tiempo m\u00e1s cercano a nosotras, personalmente me gusta confiar en especialistas que revisan exposiciones a nivel internacional en diferentes medios\u2026 No s\u00e9, quiz\u00e1 recomendar\u00eda seguir en Instagram p\u00e1ginas como Art Viewer, Kuba Paris o Daily Lazy, por decir unas pocas. En papel, me gusta Concreta, que hace investigaci\u00f3n sobre creaci\u00f3n y teor\u00eda de la imagen, me gusta Mousse\u2026 Hay much\u00edsimas\u2026La verdad, recomendar\u00eda acercarse a los museos de la ciudad, que tienen librer\u00edas especializadas y a sus bibliotecas y centros de documentaci\u00f3n. <\/p>\n<p class=\"\"><b>\u00bfCon qu\u00e9 tres adjetivos definir\u00eda su obra? <\/b>Emp\u00edrica, experimental, misteriosa. <\/p>\n<p class=\"\"><b>\u00bfQu\u00e9 obra de arte ajena le habr\u00eda gustado crear? <\/b>Love Is The Message, The Message Is Death, de <a href=\"https:\/\/elpais.com\/cultura\/2019\/05\/11\/actualidad\/1557591540_644691.html\" target=\"_self\" rel=\"nofollow noopener\" title=\"https:\/\/elpais.com\/cultura\/2019\/05\/11\/actualidad\/1557591540_644691.html\">Arthur Jafa, <\/a>por ejemplo. Pero en realidad hay much\u00edsimas que me habr\u00eda gustado crear\u2026 <\/p>\n<p class=\"\"><b>\u00bfHay alguna obra de arte indeseable? <\/b>Las que ensalzan y enmascaran valores indeseables: racismo, <a href=\"https:\/\/elpais.com\/noticias\/patriarcado\/\" target=\"_self\" rel=\"nofollow noopener\" title=\"https:\/\/elpais.com\/noticias\/patriarcado\/\">patriarcado<\/a>, transfobia, clasismo, colonialismo, etc. <\/p>\n<p class=\"\"><b>Al echar la vista atr\u00e1s a su trabajo, \u00bfcu\u00e1les dir\u00eda que han sido sus obsesiones recurrentes? <\/b>La po\u00e9tica y pol\u00edtica de la econom\u00eda circular, la sensualidad y el deseo. Una especie de animismo. <\/p>\n<p class=\"\"><b>\u00bfQu\u00e9 es lo m\u00e1s bonito que le han dicho sobre su trabajo? <\/b>Que les parezco un ejemplo de que se puede ser artista sin ser rico, esto me parece a la vez un reconocimiento y una responsabilidad. <\/p>\n<p class=\"\"><b>\u00bfY lo m\u00e1s extravagante?<\/b> No s\u00e9 si lo dir\u00eda aqu\u00ed\u2026 <\/p>\n<p class=\"\"><b>\u00bfQu\u00e9 ha aprendido del mundo del arte que no se pueda aprender en un libro? <\/b>La praxis. Un libro te puede dar una receta sobre c\u00f3mo hacer un pan, pero hasta que no amasas y te salen unos cuantos malos, puede que no llegues a un pan de esos que te los comes a pellizcos sin nada m\u00e1s. <\/p>\n<p class=\"\"><b>\u00bfQu\u00e9 libro tiene abierto en la mesilla de noche?<\/b> Si solo puedo decir uno: Wayward Lives, Beautiful Experiments, de<a href=\"https:\/\/elpais.com\/icon-design\/2022-12-01\/the-power-100-la-lista-de-los-mas-poderosos-del-mundo-del-arte-incluye-a-dos-espanoles.html\" target=\"_self\" rel=\"nofollow noopener\" title=\"https:\/\/elpais.com\/icon-design\/2022-12-01\/the-power-100-la-lista-de-los-mas-poderosos-del-mundo-del-arte-incluye-a-dos-espanoles.html\"> Saidiya Hartman. <\/a><\/p>\n<p class=\"\"><b>\u00bfUno que no pudo terminar? <\/b>Forthcoming, de Jalal Toufic. <\/p>\n<p class=\"\"><b>\u00bfCu\u00e1l es la pel\u00edcula que m\u00e1s veces ha visto? <\/b>Watermelon Woman, de <a href=\"\" rel=\"\" title=\"\">Cheryl Dunye. <\/a><\/p>\n<p class=\"\"><b>Si tuviese que usar una canci\u00f3n o una pieza musical como autorretrato, \u00bfcu\u00e1l ser\u00eda? <\/b>Yo no me callo, de Huda, o Wallah, de Ghali. No creo que me retraten, pero me encantan. <\/p>\n<p class=\"\"><b>\u00bfLa \u00faltima serie que vio del tir\u00f3n? <\/b>El Padrino de Harlem, \u00bfqu\u00e9 voy a hacer hasta la que salga la pr\u00f3xima temporada? <\/p>\n<p class=\"\"><b>\u00bfQu\u00e9 est\u00e1 socialmente sobrevalorado? <\/b>La fama. El patriarcado. Occidente. <\/p>\n<p class=\"\"><b>\u00bfCu\u00e1l es el suceso hist\u00f3rico que m\u00e1s admira?<\/b> Un imperio que cae, el que sea. <\/p>\n<p class=\"\"><b>\u00bfTiene alg\u00fan placer culpable en materia cultural? <\/b>Gastar en libros que me esperan apilados\u2026 <\/p>\n<p class=\"\"><b>\u00bfA qu\u00e9 artista le dar\u00eda el Premio Vel\u00e1zquez?<\/b> La verdad que no lo s\u00e9, \u00bfa Juliana Huxtable? <\/p>\n<p class=\"\"><b>De no haberse dedicado al arte ser\u00eda\u2026 <\/b>Jardinera. <\/p>\n","protected":false},"excerpt":{"rendered":"T\u00fa, que tienes ademanes de ensue\u00f1o, exposici\u00f3n de Luc\u00eda C. Pino (Valencia, 1977) abierta en el CA2M de&hellip;\n","protected":false},"author":2,"featured_media":275453,"comment_status":"","ping_status":"","sticky":false,"template":"","format":"standard","meta":{"footnotes":""},"categories":[173],"tags":[229,233,505,231,230,57038,209,232,234,146,147,25,24,241,1469,225,3873,185,753,23],"class_list":{"0":"post-275452","1":"post","2":"type-post","3":"status-publish","4":"format-standard","5":"has-post-thumbnail","7":"category-arte-y-diseno","8":"tag-arte","9":"tag-arte-y-diseno","10":"tag-artistas","11":"tag-arts","12":"tag-arts-and-design","13":"tag-ca2m","14":"tag-cultura","15":"tag-design","16":"tag-diseno","17":"tag-entertainment","18":"tag-entretenimiento","19":"tag-es","20":"tag-espana","21":"tag-exposiciones","22":"tag-exposiciones-temporales","23":"tag-libros","24":"tag-museos","25":"tag-musica","26":"tag-peliculas","27":"tag-spain"},"share_on_mastodon":{"url":"https:\/\/pubeurope.com\/@es\/115676995042581671","error":""},"_links":{"self":[{"href":"https:\/\/www.europesays.com\/es\/wp-json\/wp\/v2\/posts\/275452","targetHints":{"allow":["GET"]}}],"collection":[{"href":"https:\/\/www.europesays.com\/es\/wp-json\/wp\/v2\/posts"}],"about":[{"href":"https:\/\/www.europesays.com\/es\/wp-json\/wp\/v2\/types\/post"}],"author":[{"embeddable":true,"href":"https:\/\/www.europesays.com\/es\/wp-json\/wp\/v2\/users\/2"}],"replies":[{"embeddable":true,"href":"https:\/\/www.europesays.com\/es\/wp-json\/wp\/v2\/comments?post=275452"}],"version-history":[{"count":0,"href":"https:\/\/www.europesays.com\/es\/wp-json\/wp\/v2\/posts\/275452\/revisions"}],"wp:featuredmedia":[{"embeddable":true,"href":"https:\/\/www.europesays.com\/es\/wp-json\/wp\/v2\/media\/275453"}],"wp:attachment":[{"href":"https:\/\/www.europesays.com\/es\/wp-json\/wp\/v2\/media?parent=275452"}],"wp:term":[{"taxonomy":"category","embeddable":true,"href":"https:\/\/www.europesays.com\/es\/wp-json\/wp\/v2\/categories?post=275452"},{"taxonomy":"post_tag","embeddable":true,"href":"https:\/\/www.europesays.com\/es\/wp-json\/wp\/v2\/tags?post=275452"}],"curies":[{"name":"wp","href":"https:\/\/api.w.org\/{rel}","templated":true}]}}