{"id":275454,"date":"2025-12-07T07:01:16","date_gmt":"2025-12-07T07:01:16","guid":{"rendered":"https:\/\/www.europesays.com\/es\/275454\/"},"modified":"2025-12-07T07:01:16","modified_gmt":"2025-12-07T07:01:16","slug":"pla-sequencia-es-un-formato-que-no-se-habia-hecho-nunca-en-television","status":"publish","type":"post","link":"https:\/\/www.europesays.com\/es\/275454\/","title":{"rendered":"\u201c\u2018Pla seq\u00fc\u00e8ncia\u2019 es un formato que no se hab\u00eda hecho nunca en televisi\u00f3n\u201d"},"content":{"rendered":"<p data-gtm-element-container=\"modulo-texto-link\" class=\"paragraph\">Jordi Bast\u00e9 vuelve el pr\u00f3ximo jueves 11 a la televisi\u00f3n con Pla seq\u00fc\u00e8ncia (La 2Cat, 22h), un nuevo formato de entrevistas que acompa\u00f1a a cada protagonista durante 55 minutos seguidos con el objetivo de mostrarlo tal como es, sin cortes ni filtros. El debut llega con un invitado de excepci\u00f3n: I\u00f1aki Urdangarin. Seguir\u00e1n Joan Laporta y despu\u00e9s, entre los 12 invitados previstos inicialmente, Emma Vilarasau, Llu\u00eds Llach, N\u00faria Picas, Sergi L\u00f3pez y Nina.<\/p>\n<p data-gtm-element-container=\"modulo-texto-link\" class=\"paragraph\"><strong>\u00bfRecuperar la entrevista pausada y profunda es el objetivo de Pla seq\u00fc\u00e8ncia?<\/strong><\/p>\n<p data-gtm-element-container=\"modulo-texto-link\" class=\"paragraph\">S\u00ed. La idea es conocer m\u00e1s a la gente mientras nos movemos con ella, sin estar cerrados en un plat\u00f3 ni en un espacio est\u00e1tico. Todo pasa en una sola toma y eso obliga a no parar en ning\u00fan momento. Y todo lo que se graba sale tal cual. Esta continuidad da un tipo de verdad que cuesta mucho conseguir en un formato m\u00e1s convencional, y creo que es lo que hace especial el programa.<\/p>\n<p>Sobre Urdangarin<br \/>\n\u201cLa conversaci\u00f3n gira mucho en torno a sentimientos, sensaciones y sobre todo a la soledad que siente\u201d<\/p>\n<p data-gtm-element-container=\"modulo-texto-link\" class=\"paragraph\"><strong>\u00bfY c\u00f3mo se gestionan los imprevistos, los silencios&#8230;?<\/strong><\/p>\n<p data-gtm-element-container=\"modulo-texto-link\" class=\"paragraph\">Alguna vez cogemos un camino que no era el previsto o nos dejamos llevar por la situaci\u00f3n, pero la conversaci\u00f3n acaba encontrando su lugar. Cada invitado escoge el espacio donde empezamos y eso nos ayuda mucho: con Vilarasau, por ejemplo, iniciamos la conversaci\u00f3n en el monasterio de Sant Cugat y de all\u00ed pasamos en el claustro, salimos a la calle, subimos al coche&#8230; Todo fluye en movimiento.<\/p>\n<p data-gtm-element-container=\"modulo-texto-link\" class=\"paragraph\"><strong>T\u00e9cnicamente debe ser muy complejo.<\/strong><\/p>\n<p data-gtm-element-container=\"modulo-texto-link\" class=\"paragraph\">Mucho. Vamos con una sola c\u00e1mara que no se detiene nunca pero que va pasando de manos para que el plan contin\u00fae. Cuando subimos escaleras o entramos en una casa, hay alguien anticipando nuestro paso. Es un esfuerzo enorme y por eso al final de cada programa incluimos unos minutos de making of , para que se vea c\u00f3mo se ha hecho todo y la dificultad t\u00e9cnica que comporta.<\/p>\n<p>                <img loading=\"lazy\" decoding=\"async\" data-full-src=\"https:\/\/www.lavanguardia.com\/uploads\/2025\/12\/06\/693454726ddd8.jpeg\" alt=\"El programa 'Pla seq\u00fc\u00e8ncia' se estrena el 11 de diciembre en La 2Cat\" width=\"449\" height=\"299\" src=\"https:\/\/www.europesays.com\/es\/wp-content\/uploads\/2025\/12\/693454726ddd8.jpeg\" class=\"lazy\"\/><\/p>\n<p class=\"caption-title \">El programa &#8216;Pla seq\u00fc\u00e8ncia&#8217; se estrena el 11 de diciembre en La 2Cat<\/p>\n<p>                    XAVIER CERVERA<\/p>\n<p data-gtm-element-container=\"modulo-texto-link\" class=\"paragraph\"><strong>Usted presume de formato innovador.<\/strong><\/p>\n<p data-gtm-element-container=\"modulo-texto-link\" class=\"paragraph\">S\u00ed, porque no se hab\u00eda hecho nunca en televisi\u00f3n: 55 minutos en un plano secuencia con una entrevista en movimiento. Otros periodistas habr\u00edan hecho versiones diferentes de una conversaci\u00f3n as\u00ed: una entrevista m\u00e1s informativa si fuera Silvia Intxaurrondo, o un montaje de una conversaci\u00f3n m\u00e1s larga si fuera Jordi \u00c9vole. Aqu\u00ed no hay montaje: es todo el tiempo real, y eso marca el tono. T\u00e9cnicamente, insisto, es espectacular. El equipo anda atr\u00e1s, entra en coches, pasa por gr\u00faas&#8230; Y tambi\u00e9n el sonido es impecable, incluso en sitios complicad\u00edsimos como las catacumbas del teatro de Vilanova con Sergi L\u00f3pez. Es un esfuerzo enorme.<\/p>\n<p data-gtm-element-container=\"modulo-texto-link\" class=\"paragraph\"><strong>\u00bfFue dif\u00edcil convencer a I\u00f1aki Urdangarin para venir al programa?<\/strong><\/p>\n<p data-gtm-element-container=\"modulo-texto-link\" class=\"paragraph\">S\u00ed, porque hac\u00eda tiempo que no quer\u00eda hablar. Un d\u00eda le dije que quiz\u00e1 este era un buen momento para explicar c\u00f3mo est\u00e1 ahora. Le ofrec\u00ed que \u00e9l introdujera del pasado lo que quisiera, que hablara del futuro si quer\u00eda, pero que el punto de partida fuera como se encuentra en el presente. La conversaci\u00f3n gira mucho en torno a sentimientos, sensaciones y sobre todo a la soledad que siente. \u00c9l estuvo mil d\u00edas en la prisi\u00f3n, y yo lo puedo confirmar porque lo fui a ver dos veces. En Brieva, que es una prisi\u00f3n de mujeres, estaba totalmente aislado. All\u00ed se reinvent\u00f3 y \u00e9l quiere explicar c\u00f3mo lo vivi\u00f3.<\/p>\n<p data-gtm-element-container=\"modulo-texto-link\" class=\"paragraph\"><strong>\u00bfCree que la imagen que resulte ser\u00e1 diferente de la que la gente espera?<\/strong><\/p>\n<p data-gtm-element-container=\"modulo-texto-link\" class=\"paragraph\">Seguramente s\u00ed. Pero yo mismo le digo que habr\u00e1 quien pensar\u00e1 que lo estoy blanqueando, y \u00e9l lo sabe. Pero no es eso: es hablar con una persona que ha estado sola mucho tiempo y que solo pod\u00eda conversar con los funcionarios o con la poca gente que lo visitaba. Es dur\u00edsimo. A qui\u00e9n busque morbosidad, venganza o temas relacionados con el rey em\u00e9rito, no lo encontrar\u00e1, porque \u00e9l no quiere ir por aqu\u00ed. Lo que explica es como se encuentra ahora, despu\u00e9s de haber tocado techo y haber ca\u00eddo con fuerza.<\/p>\n<p data-gtm-element-container=\"modulo-texto-link\" class=\"paragraph\"><strong>\u00bfHay alguna frase o an\u00e9cdota que le haya quedado especialmente grabada?<\/strong><\/p>\n<p data-gtm-element-container=\"modulo-texto-link\" class=\"paragraph\">\u00c9l dice que no guarda rencor, y lo repite con convicci\u00f3n. Tambi\u00e9n quiero destacar que no puso l\u00edneas rojas. Solo me avis\u00f3 de que, si hurgaba demasiado en cosas del pasado que \u00e9l no quer\u00eda tratar, simplemente dir\u00eda que no quiere hablar. Y, como detalle sorprendente, apuntar que hace toda la entrevista en catal\u00e1n. A pesar de haber nacido en el Pa\u00eds Vasco, siempre ha estado vinculado a Catalunya y siempre ha hablado en catal\u00e1n, y eso acaba dando un tono muy natural a la conversaci\u00f3n.<\/p>\n<p data-gtm-element-container=\"modulo-texto-link\" class=\"paragraph\"><strong>El segundo programa es con Joan Laporta. \u00bfQu\u00e9 podremos ver?<\/strong><\/p>\n<p data-gtm-element-container=\"modulo-texto-link\" class=\"paragraph\">A un Laporta que no hemos visto nunca, que habla de su vida a la escuela, de la familia, de la relaci\u00f3n con el suegro -que ten\u00eda ideas pol\u00edticas muy diferentes de las suyas-, de la relaci\u00f3n con los hijos&#8230; Del Bar\u00e7a hablamos muy poco. Con la entrevista se entiende de d\u00f3nde sale su liderazgo y c\u00f3mo se ha ido construyendo.<\/p>\n<p data-gtm-element-container=\"modulo-texto-link\" class=\"paragraph\"><strong>\u00bfC\u00f3mo vive formar parte de la nueva etapa de La 2Cat?<\/strong><\/p>\n<p data-gtm-element-container=\"modulo-texto-link\" class=\"paragraph\">Es un poco la sensaci\u00f3n de cuando llegu\u00e9 a RAC1: ganas de hacer cosas y conciencia que el proceso ser\u00e1 lento. TV3 es un monstruo magn\u00edfico que ha hecho un trabajo extraordinario para la lengua y la cultura, pero hay espacio para otra manera de hacer televisi\u00f3n. Con TVE fue muy f\u00e1cil: les planteamos el formato con el director Oriol Bosch y enseguida dijeron que s\u00ed. Esta libertad ha sido clave para sacar adelante un formato que, sinceramente, no se hab\u00eda hecho nunca.<\/p>\n","protected":false},"excerpt":{"rendered":"Jordi Bast\u00e9 vuelve el pr\u00f3ximo jueves 11 a la televisi\u00f3n con Pla seq\u00fc\u00e8ncia (La 2Cat, 22h), un nuevo&hellip;\n","protected":false},"author":2,"featured_media":275455,"comment_status":"","ping_status":"","sticky":false,"template":"","format":"standard","meta":{"footnotes":""},"categories":[171],"tags":[146,147,25,24,23,214],"class_list":{"0":"post-275454","1":"post","2":"type-post","3":"status-publish","4":"format-standard","5":"has-post-thumbnail","7":"category-tv","8":"tag-entertainment","9":"tag-entretenimiento","10":"tag-es","11":"tag-espana","12":"tag-spain","13":"tag-tv"},"share_on_mastodon":{"url":"https:\/\/pubeurope.com\/@es\/115677002996966615","error":""},"_links":{"self":[{"href":"https:\/\/www.europesays.com\/es\/wp-json\/wp\/v2\/posts\/275454","targetHints":{"allow":["GET"]}}],"collection":[{"href":"https:\/\/www.europesays.com\/es\/wp-json\/wp\/v2\/posts"}],"about":[{"href":"https:\/\/www.europesays.com\/es\/wp-json\/wp\/v2\/types\/post"}],"author":[{"embeddable":true,"href":"https:\/\/www.europesays.com\/es\/wp-json\/wp\/v2\/users\/2"}],"replies":[{"embeddable":true,"href":"https:\/\/www.europesays.com\/es\/wp-json\/wp\/v2\/comments?post=275454"}],"version-history":[{"count":0,"href":"https:\/\/www.europesays.com\/es\/wp-json\/wp\/v2\/posts\/275454\/revisions"}],"wp:featuredmedia":[{"embeddable":true,"href":"https:\/\/www.europesays.com\/es\/wp-json\/wp\/v2\/media\/275455"}],"wp:attachment":[{"href":"https:\/\/www.europesays.com\/es\/wp-json\/wp\/v2\/media?parent=275454"}],"wp:term":[{"taxonomy":"category","embeddable":true,"href":"https:\/\/www.europesays.com\/es\/wp-json\/wp\/v2\/categories?post=275454"},{"taxonomy":"post_tag","embeddable":true,"href":"https:\/\/www.europesays.com\/es\/wp-json\/wp\/v2\/tags?post=275454"}],"curies":[{"name":"wp","href":"https:\/\/api.w.org\/{rel}","templated":true}]}}