{"id":275467,"date":"2025-12-07T07:09:08","date_gmt":"2025-12-07T07:09:08","guid":{"rendered":"https:\/\/www.europesays.com\/es\/275467\/"},"modified":"2025-12-07T07:09:08","modified_gmt":"2025-12-07T07:09:08","slug":"la-maniobra-del-regimen-de-maduro-en-respuesta-al-asecho-de-estados-unidos-y-su-despliegue-en-el-caribe","status":"publish","type":"post","link":"https:\/\/www.europesays.com\/es\/275467\/","title":{"rendered":"La maniobra del r\u00e9gimen de Maduro en respuesta al asecho de Estados Unidos y su despliegue en el Caribe"},"content":{"rendered":"<p><strong>La Fuerza Armada de Venezuela incorpor\u00f3 el s\u00e1bado a 5.600 soldados a sus filas en medio de las \u00abamenazas\u00bb de Estados Unidos<\/strong>, que despleg\u00f3 en agosto una flotilla militar en el Caribe que incluye al portaviones m\u00e1s grande del mundo.<\/p>\n<p>Como respuesta a las maniobras militares estadounidenses, el presidente venezolano,<strong> Nicol\u00e1s Maduro, ha llamado a reforzar el alistamiento militar y a cerrar filas contra el \u00abimperialismo\u00bb<\/strong>, como suele referirse al gobierno de Estados Unidos.<\/p>\n<p>Oficiales que condujeron la ceremonia de incorporaci\u00f3n de los soldados indicaron que los nuevos efectivos son \u00abcombatientes revolucionarios, socialistas\u00bb y \u00abprofundamente chavistas, entrenados bajo el m\u00e9todo t\u00e1ctico de resistencia revolucionaria\u00bb.<\/p>\n<p><strong>Maduro considera a la Fuerza Armada, que le jura lealtad, la \u00abcolumna vertebral de la estabilidad, la paz, la seguridad y el futuro\u00bb de Venezuela.<\/strong><\/p>\n<p>\u00abVenezuela tiene una Fuerza Armada, junto al pueblo, fusionada, adiestrada, entrenada, moralizada; por ninguna circunstancia permitiremos la invasi\u00f3n de un imperio\u00bb, dijo el s\u00e1bado el coronel Gabriel Alejandro Rend\u00f3n V\u00edlchez.<\/p>\n<p><strong>Ante el despliegue de Estados Unidos en el Caribe se han incrementado las solicitudes para inscribirse en la Fuerza Armada Nacional Bolivariana,<\/strong> dijo el general Javier Jos\u00e9 Marcano T\u00e1bata.<\/p>\n<p><strong>\u00abEn estos momentos donde el imperialismo amenaza de manera ilegal, arbitraria, mentirosa, falsaria, arrogante, a nuestra patria, nuestro pueblo, los j\u00f3venes, acuden por miles a integrarse a la Fuerza Armada Nacional Bolivariana\u00bb,<\/strong> afirm\u00f3 durante el acto, celebrado en el Fuerte Tiuna, el complejo militar m\u00e1s grande de Venezuela, en Caracas.<\/p>\n<p>Washington acusa a Maduro de encabezar el supuesto Cartel de los Soles. Fuerzas estadounidenses han matado desde principios de septiembre 87 presuntos narcos que navegaban por el Caribe y el Pac\u00edfico oriental.<\/p>\n<p>Maduro niega las acusaciones de Washington y afirma que este despliegue militar busca derrocarlo para apoderarse de las cuantiosas reservas de petr\u00f3leo del pa\u00eds caribe\u00f1o.<\/p>\n<p>El presidente venezolano ha llamado a militares y polic\u00edas a mantener un <strong>\u00abplan de ofensiva permanente\u00bb para responder a la \u00abagresi\u00f3n imperialista\u00bb.<\/strong><\/p>\n<p>La Fuerza Armada venezolana est\u00e1 conformada por unos 200.000 efectivos a los que se suman otros 200.000 polic\u00edas, seg\u00fan datos oficiales. Maduro ha dicho adem\u00e1s que cuenta con unos ocho millones de reservistas de la Milicia Nacional Bolivariana.<\/p>\n","protected":false},"excerpt":{"rendered":"La Fuerza Armada de Venezuela incorpor\u00f3 el s\u00e1bado a 5.600 soldados a sus filas en medio de las&hellip;\n","protected":false},"author":2,"featured_media":275468,"comment_status":"","ping_status":"","sticky":false,"template":"","format":"standard","meta":{"footnotes":""},"categories":[42],"tags":[17,18,629,13,14,2589,11,61,62,63,64,19,20,9,10,15,16,67204,12,21,22,1192,65,66,67],"class_list":{"0":"post-275467","1":"post","2":"type-post","3":"status-publish","4":"format-standard","5":"has-post-thumbnail","7":"category-internacional","8":"tag-breaking-news","9":"tag-breakingnews","10":"tag-estados-unidos","11":"tag-featured-news","12":"tag-featurednews","13":"tag-fuerzas-armadas","14":"tag-headlines","15":"tag-internacional","16":"tag-international","17":"tag-international-news","18":"tag-internationalnews","19":"tag-latest-news","20":"tag-latestnews","21":"tag-news","22":"tag-noticias","23":"tag-noticias-destacadas","24":"tag-noticiasdestacadas","25":"tag-rgimen-de-maduro","26":"tag-titulares","27":"tag-ultimas-noticias","28":"tag-ultimasnoticias","29":"tag-venezuela","30":"tag-world","31":"tag-world-news","32":"tag-worldnews"},"share_on_mastodon":{"url":"https:\/\/pubeurope.com\/@es\/115677034231412349","error":""},"_links":{"self":[{"href":"https:\/\/www.europesays.com\/es\/wp-json\/wp\/v2\/posts\/275467","targetHints":{"allow":["GET"]}}],"collection":[{"href":"https:\/\/www.europesays.com\/es\/wp-json\/wp\/v2\/posts"}],"about":[{"href":"https:\/\/www.europesays.com\/es\/wp-json\/wp\/v2\/types\/post"}],"author":[{"embeddable":true,"href":"https:\/\/www.europesays.com\/es\/wp-json\/wp\/v2\/users\/2"}],"replies":[{"embeddable":true,"href":"https:\/\/www.europesays.com\/es\/wp-json\/wp\/v2\/comments?post=275467"}],"version-history":[{"count":0,"href":"https:\/\/www.europesays.com\/es\/wp-json\/wp\/v2\/posts\/275467\/revisions"}],"wp:featuredmedia":[{"embeddable":true,"href":"https:\/\/www.europesays.com\/es\/wp-json\/wp\/v2\/media\/275468"}],"wp:attachment":[{"href":"https:\/\/www.europesays.com\/es\/wp-json\/wp\/v2\/media?parent=275467"}],"wp:term":[{"taxonomy":"category","embeddable":true,"href":"https:\/\/www.europesays.com\/es\/wp-json\/wp\/v2\/categories?post=275467"},{"taxonomy":"post_tag","embeddable":true,"href":"https:\/\/www.europesays.com\/es\/wp-json\/wp\/v2\/tags?post=275467"}],"curies":[{"name":"wp","href":"https:\/\/api.w.org\/{rel}","templated":true}]}}