{"id":275473,"date":"2025-12-07T07:18:11","date_gmt":"2025-12-07T07:18:11","guid":{"rendered":"https:\/\/www.europesays.com\/es\/275473\/"},"modified":"2025-12-07T07:18:11","modified_gmt":"2025-12-07T07:18:11","slug":"he-pasado-mas-controles-que-nadie-simplemente-por-ser-espanol","status":"publish","type":"post","link":"https:\/\/www.europesays.com\/es\/275473\/","title":{"rendered":"He pasado m\u00e1s controles que nadie simplemente por ser espa\u00f1ol"},"content":{"rendered":"<p class=\"ft-text\"><strong>\u00d3scar Freire<\/strong> recibi\u00f3 en su casa de Torrelavega entre \u00abajetreo de chavalucos\u00bb, una mesa en forma de cassette de m\u00fasica y tres maillots arco\u00edris enmarcados \u00abjusto enfrente\u00bb. Desde all\u00ed repasaba, junto al portal de <strong>JotDown en una entrevista el pasado a\u00f1o<\/strong>, una vida que arranca en un barrio obrero y termina en la \u00e9lite del ciclismo mundial. \u00ab<strong>Soy el cuarto de cuatro hermanos, el m\u00e1s peque\u00f1o, y a m\u00ed durante muchos a\u00f1os me crio mi abuela<\/strong>\u00ab, resume. Su padre trabajaba en la papelera SNIACE, su madre \u00abtrabajaba en el mercado y ten\u00eda una tienda en Tanos\u00bb, y \u00e9l se cri\u00f3 \u00abmucho mejor de lo que disfrutan ahora los cr\u00edos\u00bb, siempre en la calle, aprendiendo a ser independiente: \u00abEso te hace ser m\u00e1s independiente\u00bb.<\/p>\n<p class=\"ft-text\">La <a class=\"ft-link ft-link--decoration\" href=\"https:\/\/www.sport.es\/es\/noticias\/ciclismo\/oscar-freire-tricampeon-mundo-espanol-114028615\" rel=\"nofollow noopener\" target=\"_blank\">bicicleta lleg\u00f3 de la mano de la familia<\/a>. \u00ab<strong>Mi primera bici me la regal\u00f3 mi t\u00edo<\/strong>\u00ab, recuerda, y con ella empez\u00f3 a ganar carreras y \u00abmis dinerillos\u00bb, combinando sus triunfos con la ayuda econ\u00f3mica del t\u00edo para poder seguir en aficionados. De aquella primera m\u00e1quina solo queda la memoria: \u00ab<strong>Me la trajeron los Reyes\u2026 una pena que no la tenga, me hubiese encantado conservar mi primera bici<\/strong>\u00ab.<\/p>\n<p class=\"ft-text\">Muy pronto se vio diferente. \u00abEs que siempre he sido ganador\u00bb, admite. Ten\u00eda velocidad, intuici\u00f3n y una capacidad casi quir\u00fargica para leer el pelot\u00f3n. \u00abTen\u00eda una cualidad muy buena para ganar carreras, que era ser r\u00e1pido\u00bb, explica. Y a\u00f1ade otra virtud que le marc\u00f3: \u00abLa concentraci\u00f3n, la frialdad\u00bb. A\u00f1os despu\u00e9s, ya retirado, lo condensa en una frase demoledora: \u00ab<strong>Yo creo que lo que mejor hac\u00eda yo era saber correr, y ahora veo a muchos ciclistas que no saben correr<\/strong>\u00ab.<\/p>\n<p class=\"ft-text\">El salto a la fama llega con Verona 1999. <strong>Freire <\/strong>aterriza en un Mundial al que Espa\u00f1a llega sin gran presi\u00f3n y se baja del circuito con el maillot arco\u00edris. \u00abUna vez que estoy all\u00ed yo siempre pensaba en ganar\u00bb, admite. No era favorito, \u00abno me conoc\u00edan tanto\u00bb, pero supo aprovechar la duda ajena. A\u00fan hoy recuerda la sensaci\u00f3n extra\u00f1a de no creerse campe\u00f3n del mundo: \u00abNo lo vi claro ni en meta, no sab\u00eda que era campe\u00f3n del mundo, me parec\u00eda tan\u2026\u00bb. Acab\u00f3 present\u00e1ndose en la rueda de prensa con un simple \u00ab<strong>me llamo \u00d3scar Freire<\/strong>\u00ab, mientras muchos a\u00fan se preguntaban qui\u00e9n era ese espa\u00f1ol que hab\u00eda arruinado el guion.<\/p>\n<p class=\"ft-text\">Su relaci\u00f3n con la selecci\u00f3n espa\u00f1ola cambi\u00f3 con los a\u00f1os, entre bicefalias y policefalias.<strong> De Verona pasa a convivir con otros l\u00edderes, intereses de equipo y presiones externas<\/strong>. \u00c9l mismo lo resume con franqueza: \u00abEl problema fue eso, que dejas de ir a un Mundial, llegas al siguiente a\u00f1o, otro seleccionador diferente y hay m\u00e1s favoritos\u00bb. Y sostiene que para un seleccionador \u00abes situaci\u00f3n complicada, porque cada uno corremos en un equipo diferente, nos paga un equipo diferente y no se gana por selecci\u00f3n, se gana a nivel individual\u00bb. Cuando se postul\u00f3 para seleccionador, se top\u00f3 con otra realidad: \u00ab<strong>Es la pol\u00edtica lo que va por delante<\/strong>\u00ab.<\/p>\n<p>Freire, sobre el dopaje en el ciclismo<\/p>\n<p class=\"ft-text\"><strong>Freire <\/strong>tambi\u00e9n ha sido una voz inc\u00f3moda cuando se habla de dopaje y controles. \u00ab<strong>A m\u00ed me han pasado en quince d\u00edas siete controles sorpresa<\/strong>\u00ab, cuenta, entre visitas a su casa en Suiza \u00aba las seis de la ma\u00f1ana\u00bb o controles en mitad de una fiesta \u00abcon trescientos invitados\u00bb. Su diagn\u00f3stico es tajante: \u00abYo siempre he dicho que en un a\u00f1o pasaba m\u00e1s controles que un futbolista en toda su carrera deportiva\u00bb. Y la frase que mejor resume su frustraci\u00f3n: \u00ab<strong>He pasado el que m\u00e1s controles de todo el pelot\u00f3n. \u00bfPor qu\u00e9? Simplemente por ser espa\u00f1ol, que est\u00e1bamos mal vistos, y por ganar carreras<\/strong>\u00ab.<\/p>\n<p class=\"ft-text\">Esa sensaci\u00f3n de agravio se amplifica cuando compara el trato al ciclismo con el de otros deportes y recuerda que \u00abal ciclismo lo han tratado muy mal\u00bb. Con todo, no vive anclado en el resentimiento. Reivindica haber hecho su carrera con \u00abmuch\u00edsimo cuidado\u00bb, llamando al m\u00e9dico hasta para una simple crema, y mira atr\u00e1s con una mezcla de orgullo y nostalgia: \u00ab<strong>Yo tuve la suerte de ser ciclista, y es un privilegio<\/strong>\u00ab. Asegura que \u00abha sido la mejor \u00e9poca de mi vida\u00bb y que, pese a los errores y las renuncias, no se puede quejar: \u00abHe sido un afortunado de hacer lo que me gusta, dedicarme a lo que me gusta\u00bb.<\/p>\n<p class=\"ft-text\">Entre los muebles que dise\u00f1a, la impresora 3D y alguna salida en bici cuando el tiempo y las ganas lo permiten, <strong>Freire <\/strong>sigue siendo el mismo tipo que un d\u00eda sali\u00f3 del Barrio Covadonga para ganar al mundo entero sin perder su manera de hablar claro.<\/p>\n","protected":false},"excerpt":{"rendered":"\u00d3scar Freire recibi\u00f3 en su casa de Torrelavega entre \u00abajetreo de chavalucos\u00bb, una mesa en forma de cassette&hellip;\n","protected":false},"author":2,"featured_media":275474,"comment_status":"","ping_status":"","sticky":false,"template":"","format":"standard","meta":{"footnotes":""},"categories":[273],"tags":[313,13692,312,168,16580,25,24,1489,11080,31788,2789,23896,5101,2032,23,167],"class_list":{"0":"post-275473","1":"post","2":"type-post","3":"status-publish","4":"format-standard","5":"has-post-thumbnail","7":"category-ciclismo","8":"tag-ciclismo","9":"tag-controles","10":"tag-cycling","11":"tag-deportes","12":"tag-dopaje","13":"tag-es","14":"tag-espana","15":"tag-espanol","16":"tag-exciclista","17":"tag-freire","18":"tag-oscar","19":"tag-oscar-freire","20":"tag-pasado","21":"tag-profesional","22":"tag-spain","23":"tag-sports"},"share_on_mastodon":{"url":"https:\/\/pubeurope.com\/@es\/115677069569499657","error":""},"_links":{"self":[{"href":"https:\/\/www.europesays.com\/es\/wp-json\/wp\/v2\/posts\/275473","targetHints":{"allow":["GET"]}}],"collection":[{"href":"https:\/\/www.europesays.com\/es\/wp-json\/wp\/v2\/posts"}],"about":[{"href":"https:\/\/www.europesays.com\/es\/wp-json\/wp\/v2\/types\/post"}],"author":[{"embeddable":true,"href":"https:\/\/www.europesays.com\/es\/wp-json\/wp\/v2\/users\/2"}],"replies":[{"embeddable":true,"href":"https:\/\/www.europesays.com\/es\/wp-json\/wp\/v2\/comments?post=275473"}],"version-history":[{"count":0,"href":"https:\/\/www.europesays.com\/es\/wp-json\/wp\/v2\/posts\/275473\/revisions"}],"wp:featuredmedia":[{"embeddable":true,"href":"https:\/\/www.europesays.com\/es\/wp-json\/wp\/v2\/media\/275474"}],"wp:attachment":[{"href":"https:\/\/www.europesays.com\/es\/wp-json\/wp\/v2\/media?parent=275473"}],"wp:term":[{"taxonomy":"category","embeddable":true,"href":"https:\/\/www.europesays.com\/es\/wp-json\/wp\/v2\/categories?post=275473"},{"taxonomy":"post_tag","embeddable":true,"href":"https:\/\/www.europesays.com\/es\/wp-json\/wp\/v2\/tags?post=275473"}],"curies":[{"name":"wp","href":"https:\/\/api.w.org\/{rel}","templated":true}]}}