{"id":275475,"date":"2025-12-07T07:20:26","date_gmt":"2025-12-07T07:20:26","guid":{"rendered":"https:\/\/www.europesays.com\/es\/275475\/"},"modified":"2025-12-07T07:20:26","modified_gmt":"2025-12-07T07:20:26","slug":"perfumerias-avenida-se-enfrenta-a-zaragoza","status":"publish","type":"post","link":"https:\/\/www.europesays.com\/es\/275475\/","title":{"rendered":"Perfumer\u00edas Avenida se enfrenta a Zaragoza"},"content":{"rendered":"<p class=\"paragraph-atom &#10;        A-500-300-700-N A-550-300-700-N--md  \">Todav\u00eda resuenan los ecos del canast\u00f3n de Iyana Mart\u00edn en Salamanca para mandar a la lona a Valencia Basket. Perfumer\u00edas Avenida ha regresado por todo lo alto del par\u00f3n y este domingo se enfrenta a otro coloso del basket nacional: Zaragoza. El choque tendr\u00e1 lugar, a partir de las 12:15 horas, en el pabell\u00f3n Pr\u00edncipe Felipe.<\/p>\n<p class=\"paragraph-atom &#10;        A-500-300-700-N A-550-300-700-N--md  \">La ciudad ma\u00f1ana acoger\u00e1 a dos equipos en gran estado de forma: Zaragoza lleva seis victorias seguidas en Liga y Avenida enlaza cuatro triunfos.<\/p>\n<p class=\"paragraph-atom &#10;        A-500-300-700-N A-550-300-700-N--md  \">\u201cTenemos un reto ilusionante y complicado. Zaragoza tiene una plantilla incre\u00edble y en su casa son m\u00e1s fuertes. A todas nos gustan estos partidos y vamos con buena racha. Ojal\u00e1 consigamos la victoria\u201d, asegura Bel\u00e9n Arrojo.<\/p>\n<p class=\"paragraph-atom &#10;        A-500-300-700-N A-550-300-700-N--md  \">Zaragoza tiene en sus filas a jugadoras de mucho nivel como Fingall, Leite, Mario Ortiz o Helena Pueyo, entre otras.<\/p>\n","protected":false},"excerpt":{"rendered":"Todav\u00eda resuenan los ecos del canast\u00f3n de Iyana Mart\u00edn en Salamanca para mandar a la lona a Valencia&hellip;\n","protected":false},"author":2,"featured_media":275476,"comment_status":"","ping_status":"","sticky":false,"template":"","format":"standard","meta":{"footnotes":""},"categories":[269],"tags":[14092,299,298,168,27995,25,24,14091,4233,23,167,491],"class_list":{"0":"post-275475","1":"post","2":"type-post","3":"status-publish","4":"format-standard","5":"has-post-thumbnail","7":"category-baloncesto","8":"tag-avenida","9":"tag-baloncesto","10":"tag-basketball","11":"tag-deportes","12":"tag-enfrenta","13":"tag-es","14":"tag-espana","15":"tag-perfumerias","16":"tag-poder","17":"tag-spain","18":"tag-sports","19":"tag-zaragoza"},"share_on_mastodon":{"url":"https:\/\/pubeurope.com\/@es\/115677077440131285","error":""},"_links":{"self":[{"href":"https:\/\/www.europesays.com\/es\/wp-json\/wp\/v2\/posts\/275475","targetHints":{"allow":["GET"]}}],"collection":[{"href":"https:\/\/www.europesays.com\/es\/wp-json\/wp\/v2\/posts"}],"about":[{"href":"https:\/\/www.europesays.com\/es\/wp-json\/wp\/v2\/types\/post"}],"author":[{"embeddable":true,"href":"https:\/\/www.europesays.com\/es\/wp-json\/wp\/v2\/users\/2"}],"replies":[{"embeddable":true,"href":"https:\/\/www.europesays.com\/es\/wp-json\/wp\/v2\/comments?post=275475"}],"version-history":[{"count":0,"href":"https:\/\/www.europesays.com\/es\/wp-json\/wp\/v2\/posts\/275475\/revisions"}],"wp:featuredmedia":[{"embeddable":true,"href":"https:\/\/www.europesays.com\/es\/wp-json\/wp\/v2\/media\/275476"}],"wp:attachment":[{"href":"https:\/\/www.europesays.com\/es\/wp-json\/wp\/v2\/media?parent=275475"}],"wp:term":[{"taxonomy":"category","embeddable":true,"href":"https:\/\/www.europesays.com\/es\/wp-json\/wp\/v2\/categories?post=275475"},{"taxonomy":"post_tag","embeddable":true,"href":"https:\/\/www.europesays.com\/es\/wp-json\/wp\/v2\/tags?post=275475"}],"curies":[{"name":"wp","href":"https:\/\/api.w.org\/{rel}","templated":true}]}}