{"id":275478,"date":"2025-12-07T07:23:16","date_gmt":"2025-12-07T07:23:16","guid":{"rendered":"https:\/\/www.europesays.com\/es\/275478\/"},"modified":"2025-12-07T07:23:16","modified_gmt":"2025-12-07T07:23:16","slug":"roberto-begnini-es-recibido-calidamente-por-leon-xiv-que-lo-admira-por-la-vida-es-bella","status":"publish","type":"post","link":"https:\/\/www.europesays.com\/es\/275478\/","title":{"rendered":"Roberto Begnini es recibido c\u00e1lidamente por Le\u00f3n XIV, que lo admira por \u00abLa vida es bella\u00bb"},"content":{"rendered":"<p>                                    <img decoding=\"async\" loading=\"lazy\" src=\"https:\/\/www.europesays.com\/es\/wp-content\/uploads\/2025\/10\/68cd8fba0b451.jpeg\" alt=\"Redacci\u00f3n REL\" width=\"40\" height=\"40\" data-full-src=\"https:\/\/www.europesays.com\/es\/wp-content\/uploads\/2025\/10\/68cd8fba0b451.jpeg\"\/><\/p>\n<p class=\"paragraph\">El jueves por la tarde, el Papa Le\u00f3n XIV recibi\u00f3 a un actor al que admira: <b>Roberto Begnini<\/b>, famoso, entre otras pel\u00edculas, por <b>La vida es bella<\/b> (1997) o <b>Pinocho<\/b> (2002).<\/p>\n<p class=\"paragraph\">Begnini ha preparado recientemente un espect\u00e1culo-mon\u00f3logo centrado en la figura de <b>San Pedro, \u00abel gran amigo de Jes\u00fas\u00bb<\/b>. Lo emitir\u00e1 el 10 de diciembre en horario de m\u00e1xima audiencia la RAI 1 (el canal principal de la TV p\u00fablica italiana). Se titula<b>\u00a0Pedro, un hombre en el viento. <\/b><\/p>\n<p class=\"paragraph\">Pedro fue el primer Papa, el primer senescal o vicario de Cristo. Y <b>a su actual heredero, Le\u00f3n XIV, le gust\u00f3 poder ver fragmentos de este mon\u00f3logo<\/b> que el famoso actor dedica a su predecesor. Al finalizar la proyecci\u00f3n de esta obra de Benigni, el Pont\u00edfice exclam\u00f3: \u00ab\u00a1Qu\u00e9 bonito! Trata sobre el amor\u00bb. El mon\u00f3logo completo dura 2 horas y ha sido grabado recientemente en los mismos jardines vaticanos.<\/p>\n<p>    <img decoding=\"async\" src=\"https:\/\/www.europesays.com\/es\/wp-content\/uploads\/2025\/12\/1765092194_116_hqdefault.jpg\" alt=\"Miniatura del video\"\/><\/p>\n<p>    <a class=\"ytp-impression-link\" href=\"https:\/\/www.youtube.com\/watch?v=6pCjEAiNCmw\" target=\"_blank\" rel=\"noopener noreferrer nofollow\" onclick=\"event.stopPropagation()\" aria-label=\"Ver en YouTube\"><\/p>\n<p>    <\/a><\/p>\n<p class=\"paragraph\">En su encuentro, el Papa y el cineasta <b>no s\u00f3lo hablaron sobre San Pedro, sino tambi\u00e9n sobre cine, Dante y San Agust\u00edn<\/b> con sus Confesiones.<\/p>\n<p class=\"paragraph\">Hace poco, hablando de sus pel\u00edculas preferidas, el Papa Le\u00f3n XIV incluy\u00f3 La vida es bella (de Begnini, que obtuvo un Oscar en 1999) entre las cuatro primeras. Hablando de cine, el Papa y el cineasta se declararon admiradores de \u00ab\u00a1Qu\u00e9 bello es vivir!\u00bb, la pel\u00edcula navide\u00f1a del director estadounidense Frank Capra.<\/p>\n<p>            <a href=\"#\" title=\"\"><\/p>\n<p>                    <img loading=\"lazy\" decoding=\"async\" data-index=\"\" width=\"140\" height=\"140\" alt=\"Una escena de 'La vida es bella', de Roberto Benigni, una de las pel\u00edculas favoritas del Papa.\" data-full=\"[object Object]\" data-original=\"[object Object]\" src=\"https:\/\/imagenes.religionenlibertad.com\/files\/related_image\/files\/fp\/uploads\/2025\/11\/12\/6914303bb228f.r_d.1024-581.jpeg\" data-full-src=\"https:\/\/www.europesays.com\/es\/wp-content\/uploads\/2025\/12\/6914303bb228f.jpeg\"\/><\/p>\n<p>            <\/a><\/p>\n<p class=\"paragraph\">En el encuentro estuvieron presentes tambi\u00e9n Paolo Ruffini, Prefecto del Dicasterio para la Comunicaci\u00f3n; Stefano D&#8217;Agostini, Director de Vatican Media; Giampaolo Rossi, CEO de la RAI; y Simona Ercolani, CEO y directora creativa de Stand by Me, que, junto a Vatican Media, produjo el mon\u00f3logo \u00abPietro, un hombre en el viento\u00bb.<\/p>\n<p>    <img decoding=\"async\" src=\"https:\/\/www.europesays.com\/es\/wp-content\/uploads\/2025\/12\/1765092196_622_hqdefault.jpg\" alt=\"Miniatura del video\"\/><\/p>\n<p>    <a class=\"ytp-impression-link\" href=\"https:\/\/www.youtube.com\/watch?v=D-03q9Ef6YE\" target=\"_blank\" rel=\"noopener noreferrer nofollow\" onclick=\"event.stopPropagation()\" aria-label=\"Ver en YouTube\"><\/p>\n<p>    <\/a><\/p>\n","protected":false},"excerpt":{"rendered":"El jueves por la tarde, el Papa Le\u00f3n XIV recibi\u00f3 a un actor al que admira: Roberto Begnini,&hellip;\n","protected":false},"author":2,"featured_media":275479,"comment_status":"","ping_status":"","sticky":false,"template":"","format":"standard","meta":{"footnotes":""},"categories":[174],"tags":[67205,6572,255,146,147,25,24,256,32761,9593,23],"class_list":{"0":"post-275478","1":"post","2":"type-post","3":"status-publish","4":"format-standard","5":"has-post-thumbnail","7":"category-famosos","8":"tag-actores-cristianos","9":"tag-celebridades","10":"tag-celebrities","11":"tag-entertainment","12":"tag-entretenimiento","13":"tag-es","14":"tag-espana","15":"tag-famosos","16":"tag-leon-xiv","17":"tag-santos","18":"tag-spain"},"share_on_mastodon":{"url":"https:\/\/pubeurope.com\/@es\/115677089963263482","error":""},"_links":{"self":[{"href":"https:\/\/www.europesays.com\/es\/wp-json\/wp\/v2\/posts\/275478","targetHints":{"allow":["GET"]}}],"collection":[{"href":"https:\/\/www.europesays.com\/es\/wp-json\/wp\/v2\/posts"}],"about":[{"href":"https:\/\/www.europesays.com\/es\/wp-json\/wp\/v2\/types\/post"}],"author":[{"embeddable":true,"href":"https:\/\/www.europesays.com\/es\/wp-json\/wp\/v2\/users\/2"}],"replies":[{"embeddable":true,"href":"https:\/\/www.europesays.com\/es\/wp-json\/wp\/v2\/comments?post=275478"}],"version-history":[{"count":0,"href":"https:\/\/www.europesays.com\/es\/wp-json\/wp\/v2\/posts\/275478\/revisions"}],"wp:featuredmedia":[{"embeddable":true,"href":"https:\/\/www.europesays.com\/es\/wp-json\/wp\/v2\/media\/275479"}],"wp:attachment":[{"href":"https:\/\/www.europesays.com\/es\/wp-json\/wp\/v2\/media?parent=275478"}],"wp:term":[{"taxonomy":"category","embeddable":true,"href":"https:\/\/www.europesays.com\/es\/wp-json\/wp\/v2\/categories?post=275478"},{"taxonomy":"post_tag","embeddable":true,"href":"https:\/\/www.europesays.com\/es\/wp-json\/wp\/v2\/tags?post=275478"}],"curies":[{"name":"wp","href":"https:\/\/api.w.org\/{rel}","templated":true}]}}