{"id":275480,"date":"2025-12-07T07:24:23","date_gmt":"2025-12-07T07:24:23","guid":{"rendered":"https:\/\/www.europesays.com\/es\/275480\/"},"modified":"2025-12-07T07:24:23","modified_gmt":"2025-12-07T07:24:23","slug":"miniatura-y-leyenda-un-autorretrato-de-frida-kahlo-de-cinco-centimetros-sale-a-la-venta-por-una-cifra-record-en-el-art-basel-miami-beach","status":"publish","type":"post","link":"https:\/\/www.europesays.com\/es\/275480\/","title":{"rendered":"Miniatura y leyenda: un autorretrato de Frida Kahlo de cinco cent\u00edmetros sale a la venta por una cifra r\u00e9cord en el Art Basel Miami Beach"},"content":{"rendered":"<p><img alt=\"El autorretrato en miniatura de\" class=\"global-image\" decoding=\"async\" fetchpriority=\"high\" height=\"1440\" loading=\"eager\" src=\"https:\/\/www.europesays.com\/es\/wp-content\/uploads\/2025\/12\/ESWYU6FP7FFK5G4D2TWD7YAHFI.jpg\" width=\"2560\"\/>El autorretrato en miniatura de Frida Kahlo, exhibido en Art Basel Miami Beach 2025, se ofrece por USD 15 millones y destaca por su formato \u00fanico &#8211; (Cr\u00e9ditos: Prime Video\/Manuel \u00c1lvarez Bravo)<\/p>\n<p class=\"paragraph\">Un <b>autorretrato en miniatura de <\/b><a href=\"https:\/\/www.infobae.com\/tag\/frida-kahlo\/\" target=\"_blank\" rel=\"noreferrer nofollow noopener\" title=\"https:\/\/www.infobae.com\/tag\/frida-kahlo\/\"><b>Frida Kahlo<\/b><\/a>, de apenas cinco cent\u00edmetros de alto, se convirti\u00f3 en uno de los principales atractivos de <a href=\"https:\/\/www.infobae.com\/cultura\/2025\/12\/05\/art-basel-miami-beach-arranca-con-ventas-millonarias-y-record-de-asistencia\/\" target=\"_blank\" rel=\"noreferrer nofollow noopener\" title=\"https:\/\/www.infobae.com\/cultura\/2025\/12\/05\/art-basel-miami-beach-arranca-con-ventas-millonarias-y-record-de-asistencia\/\"><b>Art Basel Miami Beach 2025<\/b>.<\/a> Exhibida en el stand de la <b>galer\u00eda Weinstein<\/b>, la obra se ofrece por <b>USD 15 millones<\/b>, en un contexto marcado por el reciente r\u00e9cord de subasta alcanzado por otra pieza de la artista mexicana. <\/p>\n<p class=\"paragraph\">La presencia de Kahlo en la feria coincide con un auge sin precedentes en la valoraci\u00f3n de su obra y un renovado inter\u00e9s internacional por el <b>arte femenino<\/b>. La edici\u00f3n de este a\u00f1o de <b>Art Basel Miami Beach<\/b>, celebrada en el <b>Miami Beach Convention Center<\/b>, destaca por la exhibici\u00f3n de este autorretrato, el \u00fanico de los 55 autorretratos conocidos de Kahlo realizado en formato miniatura. <\/p>\n<p class=\"paragraph\"><b>Rowland Weinstein<\/b>, fundador de la galer\u00eda, subraya la excepcionalidad de la pieza y su relevancia en el mercado actual. De acuerdo con The Art Newspaper, la obra fue adquirida en <b>Sotheby\u2019s Nueva York<\/b> en 2011, poco despu\u00e9s de no alcanzar su precio estimado en subasta, que entonces oscilaba entre <b>USD 800.000 y USD 1,2 millones<\/b>. En el a\u00f1o 2000, la misma pieza se vendi\u00f3 por <b>USD 225.750<\/b>, lo que evidencia el notable crecimiento del mercado de Kahlo en los \u00faltimos a\u00f1os.<\/p>\n<p class=\"paragraph\">El autorretrato, fechado en torno a <b>1938<\/b>, muestra a la artista con su caracter\u00edstico peinado adornado con flores rojas y trenzas. El reverso del lienzo revela una dedicatoria \u00edntima: \u201cPara Bartoli con amor, Mara\u201d, dirigida al poeta catal\u00e1n <b>Jos\u00e9 Bartoli<\/b>, con quien Kahlo mantuvo una relaci\u00f3n apasionada durante la \u00faltima d\u00e9cada de su vida. <\/p>\n<p><img alt=\"La obra de Frida Kahlo\" class=\"global-image\" decoding=\"async\" fetchpriority=\"low\" height=\"2322\" loading=\"lazy\" src=\"https:\/\/www.europesays.com\/es\/wp-content\/uploads\/2025\/12\/JZJHMMJU6FAA3CEOK5Y65WMRHY.jpg\" width=\"1920\"\/>La obra de Frida Kahlo incluye una dedicatoria secreta a Jos\u00e9 Bartoli, lo que a\u00f1ade valor simb\u00f3lico y personal al autorretrato presentado en la feria<\/p>\n<p class=\"paragraph\">Seg\u00fan Weinstein, la artista firm\u00f3 la obra como \u201cMara\u201d, un apodo derivado de \u201cmaravillosa\u201d, para evitar que su esposo, <b>Diego Rivera<\/b>, descubriera el mensaje. Esta historia personal a\u00f1ade un valor simb\u00f3lico a la pieza, que permanece sin comprador al cierre de la feria, aunque se exhibe junto a dos dibujos realizados por Kahlo durante una convalecencia, ambos valorados en <b>USD 950.000<\/b> cada uno.<\/p>\n<p class=\"paragraph\">El protagonismo de <b>Kahlo<\/b> en Art Basel Miami Beach se produce en un momento de r\u00e9cords para la artista. El mes pasado, su obra \u201cEl sue\u00f1o (La cama)\u201d (1940) se vendi\u00f3 por <b>USD 54,7 millones<\/b> en Sotheby\u2019s Nueva York, estableciendo un nuevo m\u00e1ximo para una artista femenina. <\/p>\n<p class=\"paragraph\">Antes de esta venta, la estadounidense <b>Georgia O\u2019Keeffe<\/b> ostentaba el r\u00e9cord con \u201cJimson Weed\/White Flower No. 1\u201d, subastada por <b>USD 44 millones<\/b>. La reciente transacci\u00f3n de Kahlo no solo supera esa cifra, sino que tambi\u00e9n la posiciona como una de las artistas m\u00e1s valoradas del mercado internacional.<\/p>\n<p class=\"paragraph\">La subasta de \u201cEl sue\u00f1o (La cama)\u201d se celebr\u00f3 en <b>noviembre de 2025<\/b>, con una estimaci\u00f3n previa de entre <b>USD 40 millones y USD 60 millones<\/b>. La obra, creada en un periodo de crisis personal y de salud para Kahlo, representa a la artista dormida en una cama de madera, envuelta en una manta dorada y acompa\u00f1ada por un esqueleto de tama\u00f1o natural recostado sobre almohadas, evocando la muerte y el sufrimiento f\u00edsico que marcaron su vida. La pieza fue calificada por Sotheby\u2019s como <b>una de las m\u00e1s conmovedoras e impactantes de la producci\u00f3n de Kahlo.<\/b><\/p>\n<p><img alt=\"Art Basel Miami Beach 2025\" class=\"global-image\" decoding=\"async\" fetchpriority=\"low\" height=\"1218\" loading=\"lazy\" src=\"https:\/\/www.europesays.com\/es\/wp-content\/uploads\/2025\/12\/6YZ4XGHA2VBAVEYTI5Q7J3HIMA.jpeg\" width=\"1920\"\/>Art Basel Miami Beach 2025 registra ventas millonarias y r\u00e9cord de asistencia, reflejando la recuperaci\u00f3n y dinamismo del mercado internacional del arte<\/p>\n<p class=\"paragraph\">El contexto de <b>Art Basel Miami Beach 2025<\/b> refleja una recuperaci\u00f3n del <b>mercado del arte<\/b> tras a\u00f1os de contracci\u00f3n. La feria abri\u00f3 su vig\u00e9sima tercera edici\u00f3n con ventas millonarias y r\u00e9cord de asistencia, impulsada por el entusiasmo de coleccionistas y galeristas internacionales. <\/p>\n<p class=\"paragraph\"><b>Larry Gagosian<\/b>, uno de los galeristas m\u00e1s influyentes, expres\u00f3 su optimismo: \u201cHemos comenzado con mucha fuerza. Me alegra ver que el impulso de la temporada de subastas de noviembre en Nueva York se traslada a las ferias de arte\u201d. <\/p>\n<p class=\"paragraph\"><b>David Maupin<\/b>, cofundador de Lehmann Maupin, a\u00f1adi\u00f3: \u201cNo hay ninguna feria en Estados Unidos que se compare con Art Basel Miami. Cada a\u00f1o es uno de nuestros eventos m\u00e1s productivos y gratificantes en el calendario del arte\u201d.<\/p>\n<p class=\"paragraph\">Las cifras de ventas en la feria respaldan este dinamismo. <b>Hauser &amp; Wirth<\/b> report\u00f3 seis ventas superiores al mill\u00f3n de d\u00f3lares, mientras que otras galer\u00edas como <b>White Cube<\/b> y <b>Gladstone<\/b> concretaron transacciones de hasta <b>USD 3,9 millones<\/b> por obras de artistas contempor\u00e1neos. El sector digital tambi\u00e9n mostr\u00f3 un fuerte desempe\u00f1o, con la venta total de esculturas de <b>Beeple<\/b> por <b>USD 100.000<\/b> cada una y la r\u00e1pida colocaci\u00f3n de obras generadas algor\u00edtmicamente.<\/p>\n<p><img alt=\"El mercado del arte femenino\" class=\"global-image\" decoding=\"async\" fetchpriority=\"low\" height=\"1427\" loading=\"lazy\" src=\"https:\/\/www.europesays.com\/es\/wp-content\/uploads\/2025\/12\/XJVNJQJFAZAHPMHBYMWLSLTVMU.jpg\" width=\"1920\"\/>El mercado del arte femenino vive un auge sin precedentes, impulsado por el r\u00e9cord de USD 54,7 millones alcanzado por &#8216;El sue\u00f1o (La cama)&#8217; de Kahlo en Sotheby\u2019s &#8211; (AP Photo\/Kirsty Wigglesworth)<\/p>\n<p class=\"paragraph\">La revalorizaci\u00f3n de <b>artistas femeninas<\/b> es otro fen\u00f3meno destacado en la feria. Adem\u00e1s de Kahlo, la galer\u00eda <b>Berry Campbell<\/b> vendi\u00f3 seis piezas de artistas como <b>Mercedes Matter<\/b>, <b>Mary Abbott<\/b>, <b>Elaine de Kooning<\/b>, <b>Betty Parsons<\/b> y <b>Yvonne Thomas<\/b>, con precios que oscilaron entre <b>USD 65.000 y USD 375.000<\/b>. Obras de <b>Leonora Carrington<\/b> y <b>Leonor Fini<\/b>, otras figuras clave del surrealismo femenino, tambi\u00e9n se exhiben en el stand de Weinstein, reflejando una tendencia de equiparaci\u00f3n de precios con sus pares masculinos y una revisi\u00f3n de su importancia en la historia del arte.<\/p>\n<p class=\"paragraph\">El contexto hist\u00f3rico y personal de Kahlo en la creaci\u00f3n de sus obras a\u00f1ade una dimensi\u00f3n adicional a su valoraci\u00f3n. \u201cEl sue\u00f1o (La cama)\u201d fue pintado en un momento especialmente turbulento, marcado por el deterioro de la salud de la artista debido a la poliomielitis y las secuelas de un grave accidente de autob\u00fas. Esta carga emocional y simb\u00f3lica se percibe en la representaci\u00f3n de la muerte y el sufrimiento en la obra, elementos que contribuyeron a su impacto en el mercado y en la cr\u00edtica.<\/p>\n<p class=\"paragraph\">La escasez de obras de Kahlo en circulaci\u00f3n, sumada a la alta demanda internacional, explica el inter\u00e9s excepcional que despierta su presencia en Art Basel Miami Beach. Weinstein, el galerista responsable de la exhibici\u00f3n del autorretrato en miniatura, atribuye su posici\u00f3n en la feria a una estrategia de adquisici\u00f3n a largo plazo: \u201cLa \u00fanica raz\u00f3n por la que puedo tener un stand como este es porque empec\u00e9 a comprar hace 25 a\u00f1os\u201d, declar\u00f3 a The Art Newspaper.<\/p>\n<p class=\"paragraph\">En la correspondencia privada de la artista, se revela que Kahlo pint\u00f3 el autorretrato en un formato tan diminuto que pod\u00eda llevarlo consigo a cualquier parte, un gesto que sintetiza la dimensi\u00f3n personal y universal de su arte.<\/p>\n","protected":false},"excerpt":{"rendered":"El autorretrato en miniatura de Frida Kahlo, exhibido en Art Basel Miami Beach 2025, se ofrece por USD&hellip;\n","protected":false},"author":2,"featured_media":275481,"comment_status":"","ping_status":"","sticky":false,"template":"","format":"standard","meta":{"footnotes":""},"categories":[173],"tags":[229,233,231,230,232,234,146,147,25,24,23],"class_list":{"0":"post-275480","1":"post","2":"type-post","3":"status-publish","4":"format-standard","5":"has-post-thumbnail","7":"category-arte-y-diseno","8":"tag-arte","9":"tag-arte-y-diseno","10":"tag-arts","11":"tag-arts-and-design","12":"tag-design","13":"tag-diseno","14":"tag-entertainment","15":"tag-entretenimiento","16":"tag-es","17":"tag-espana","18":"tag-spain"},"share_on_mastodon":{"url":"https:\/\/pubeurope.com\/@es\/115677093299653512","error":""},"_links":{"self":[{"href":"https:\/\/www.europesays.com\/es\/wp-json\/wp\/v2\/posts\/275480","targetHints":{"allow":["GET"]}}],"collection":[{"href":"https:\/\/www.europesays.com\/es\/wp-json\/wp\/v2\/posts"}],"about":[{"href":"https:\/\/www.europesays.com\/es\/wp-json\/wp\/v2\/types\/post"}],"author":[{"embeddable":true,"href":"https:\/\/www.europesays.com\/es\/wp-json\/wp\/v2\/users\/2"}],"replies":[{"embeddable":true,"href":"https:\/\/www.europesays.com\/es\/wp-json\/wp\/v2\/comments?post=275480"}],"version-history":[{"count":0,"href":"https:\/\/www.europesays.com\/es\/wp-json\/wp\/v2\/posts\/275480\/revisions"}],"wp:featuredmedia":[{"embeddable":true,"href":"https:\/\/www.europesays.com\/es\/wp-json\/wp\/v2\/media\/275481"}],"wp:attachment":[{"href":"https:\/\/www.europesays.com\/es\/wp-json\/wp\/v2\/media?parent=275480"}],"wp:term":[{"taxonomy":"category","embeddable":true,"href":"https:\/\/www.europesays.com\/es\/wp-json\/wp\/v2\/categories?post=275480"},{"taxonomy":"post_tag","embeddable":true,"href":"https:\/\/www.europesays.com\/es\/wp-json\/wp\/v2\/tags?post=275480"}],"curies":[{"name":"wp","href":"https:\/\/api.w.org\/{rel}","templated":true}]}}