{"id":275484,"date":"2025-12-07T07:28:10","date_gmt":"2025-12-07T07:28:10","guid":{"rendered":"https:\/\/www.europesays.com\/es\/275484\/"},"modified":"2025-12-07T07:28:10","modified_gmt":"2025-12-07T07:28:10","slug":"chris-pratt-estrenara-documental-sobre-la-tumba-de-san-pedro","status":"publish","type":"post","link":"https:\/\/www.europesays.com\/es\/275484\/","title":{"rendered":"Chris Pratt estrenar\u00e1 documental sobre la tumba de San Pedro"},"content":{"rendered":"<p>                              <a href=\"https:\/\/www.aciprensa.com\/autor\/77\/francesca-pollio-fenton\" rel=\"nofollow noopener\" target=\"_blank\"><br \/>\n                  <img loading=\"lazy\" decoding=\"async\" alt=\"Francesca Pollio Fenton\" class=\"author-image m-0 mr-4\" height=\"48\" src=\"https:\/\/www.europesays.com\/es\/wp-content\/uploads\/2025\/12\/francesca-pollio.jpg\" width=\"48\"\/><br \/>\n                <\/a><\/p>\n<p> Por<br \/>\n                                  <a href=\"https:\/\/www.aciprensa.com\/autor\/77\/francesca-pollio-fenton\" rel=\"nofollow noopener\" target=\"_blank\">Francesca Pollio Fenton<\/a>\n                                <\/p>\n<p class=\"post-info date-author\">\n                                  6 de diciembre de 2025<br \/>06:10 p. m.\n                              <\/p>\n<p class=\"post-info date-author-mobile\">\n                  Dic. 6, 2025<br \/>06:10 p. m.\n                <\/p>\n<p>El actor estadounidense Chris Pratt, conocido principalmente por sus papeles en \u201cGuardianes de la Galaxia\u201d y \u201cJurassic World\u201d, est\u00e1 filmando actualmente un documental sobre la Necr\u00f3polis Vaticana, que se encuentra bajo la Ciudad del Vaticano y contiene tumbas que datan del siglo I al IV d. C., a profundidades que var\u00edan entre los 5 y los 12 metros bajo la Bas\u00edlica de San Pedro.<\/p>\n<p>La pel\u00edcula, que est\u00e1 siendo producida por Vatican Media, la F\u00e1brica de San Pedro y AF Films, se estrenar\u00e1 en 2026 con motivo del 400 aniversario de la inauguraci\u00f3n y dedicaci\u00f3n de la bas\u00edlica.<\/p>\n<p>\tRecibe las principales noticias de ACI Prensa por WhatsApp y Telegram<\/p>\n<p class=\"box-desc\">Cada vez es m\u00e1s dif\u00edcil ver noticias cat\u00f3licas en las redes sociales. Suscr\u00edbete a nuestros canales gratuitos hoy:<\/p>\n<p>Pratt guiar\u00e1 a los espectadores en un recorrido para descubrir la tumba de San Pedro a trav\u00e9s de historias de fe, historia y arqueolog\u00eda.<\/p>\n<p>\u201cEs un honor extraordinario colaborar con el Papa Le\u00f3n y el Vaticano en este proyecto. La historia de San Pedro es fundamental para la fe cristiana y estoy profundamente agradecido por la confianza y el acceso que se me han concedido para ayudar a llevar su legado a la pantalla\u201d, <a href=\"https:\/\/www.vaticannews.va\/es\/vaticano\/news\/2025-12\/un-documental-sobre-la-tumba-de-pedro-guiado-por-chris-pratt.html\" target=\"_blank\" class=\"null\" rel=\"noopener noreferrer nofollow\">dijo Pratt a Vatican News<\/a>.<\/p>\n<p>Aunque Pratt no es cat\u00f3lico, \u00e9l y su esposa, Katherine Schwarzenegger, cat\u00f3lica practicante, asisten regularmente a Misa y est\u00e1n criando a sus hijos en la fe cat\u00f3lica. Pratt habla abiertamente de su fe y de la importancia que otorga a orar diariamente. Tambi\u00e9n ha colaborado en m\u00faltiples ocasiones con Hallow, una aplicaci\u00f3n cat\u00f3lica de oraci\u00f3n y meditaci\u00f3n, y ha participado en sus desaf\u00edos de oraci\u00f3n de Cuaresma, Adviento y oraciones diarias.<\/p>\n<p>A trav\u00e9s de pruebas hist\u00f3ricas y descubrimientos arqueol\u00f3gicos, los espectadores de la nueva pel\u00edcula est\u00e1n invitados a descubrir el lugar de entierro de San Pedro en la Necr\u00f3polis Vaticana, que fue anunciado oficialmente por el Papa P\u00edo XII en 1950.<\/p>\n<p>En 1939, el Papa P\u00edo XII hizo que los obreros comenzaran excavaciones bajo la bas\u00edlica con el fin de tratar de encontrar el lugar de entierro del ap\u00f3stol. En 1950, el Papa anunci\u00f3 oficialmente que se hab\u00eda encontrado la ubicaci\u00f3n de la tumba, junto con fragmentos \u00f3seos que probablemente pertenec\u00edan al santo. En 1968, el Papa Pablo VI anunci\u00f3 que los fragmentos \u00f3seos encontrados eran efectivamente los de San Pedro.<\/p>\n<p>Los huesos de San Pedro se exhibieron p\u00fablicamente por primera vez en 2013 por el Papa Francisco. El entonces Pont\u00edfice sostuvo las reliquias durante una Misa en la Plaza de San Pedro, que marc\u00f3 el final del A\u00f1o de la Fe de la Iglesia.<\/p>\n<p>Traducido y adaptado por el equipo de ACI Prensa. Publicado originalmente en <a href=\"https:\/\/www.catholicnewsagency.com\/news\/268305\/christ-pratt-to-release-documentary-on-tomb-of-st-peter\" target=\"_blank\" class=\"null\" rel=\"noopener noreferrer nofollow\">CNA<\/a>.<\/p>\n<p>                    <a href=\"https:\/\/www.aciprensa.com\/autor\/77\/francesca-pollio-fenton\" rel=\"nofollow noopener\" target=\"_blank\"><br \/>\n                      <img decoding=\"async\" alt=\"Francesca Pollio Fenton\" src=\"https:\/\/www.europesays.com\/es\/wp-content\/uploads\/2025\/12\/1765092490_716_francesca-pollio.jpg\"\/><br \/>\n                    <\/a><\/p>\n<p>\n                    <b>Francesca Pollio Fenton<\/b> <br \/>Francesca Pollio Fenton es la responsable de redes sociales de Catholic News Agency. Recibi\u00f3 su licenciatura en Comunicaciones con \u00e9nfasis en Medios Digitales de la Universidad de Colorado, en Denver (Estados Unidos).\n                  <\/p>\n","protected":false},"excerpt":{"rendered":"Por Francesca Pollio Fenton 6 de diciembre de 202506:10 p. m. Dic. 6, 202506:10 p. m. El actor&hellip;\n","protected":false},"author":2,"featured_media":275485,"comment_status":"","ping_status":"","sticky":false,"template":"","format":"standard","meta":{"footnotes":""},"categories":[169],"tags":[67206,177,146,147,25,24,176,175,8388,67207,23,403],"class_list":{"0":"post-275484","1":"post","2":"type-post","3":"status-publish","4":"format-standard","5":"has-post-thumbnail","7":"category-cine","8":"tag-chris-pratt","9":"tag-cine","10":"tag-entertainment","11":"tag-entretenimiento","12":"tag-es","13":"tag-espana","14":"tag-film","15":"tag-movies","16":"tag-noticias-catolicas","17":"tag-san-pedro-apostol","18":"tag-spain","19":"tag-vaticano"},"share_on_mastodon":{"url":"","error":""},"_links":{"self":[{"href":"https:\/\/www.europesays.com\/es\/wp-json\/wp\/v2\/posts\/275484","targetHints":{"allow":["GET"]}}],"collection":[{"href":"https:\/\/www.europesays.com\/es\/wp-json\/wp\/v2\/posts"}],"about":[{"href":"https:\/\/www.europesays.com\/es\/wp-json\/wp\/v2\/types\/post"}],"author":[{"embeddable":true,"href":"https:\/\/www.europesays.com\/es\/wp-json\/wp\/v2\/users\/2"}],"replies":[{"embeddable":true,"href":"https:\/\/www.europesays.com\/es\/wp-json\/wp\/v2\/comments?post=275484"}],"version-history":[{"count":0,"href":"https:\/\/www.europesays.com\/es\/wp-json\/wp\/v2\/posts\/275484\/revisions"}],"wp:featuredmedia":[{"embeddable":true,"href":"https:\/\/www.europesays.com\/es\/wp-json\/wp\/v2\/media\/275485"}],"wp:attachment":[{"href":"https:\/\/www.europesays.com\/es\/wp-json\/wp\/v2\/media?parent=275484"}],"wp:term":[{"taxonomy":"category","embeddable":true,"href":"https:\/\/www.europesays.com\/es\/wp-json\/wp\/v2\/categories?post=275484"},{"taxonomy":"post_tag","embeddable":true,"href":"https:\/\/www.europesays.com\/es\/wp-json\/wp\/v2\/tags?post=275484"}],"curies":[{"name":"wp","href":"https:\/\/api.w.org\/{rel}","templated":true}]}}