{"id":275495,"date":"2025-12-07T07:34:21","date_gmt":"2025-12-07T07:34:21","guid":{"rendered":"https:\/\/www.europesays.com\/es\/275495\/"},"modified":"2025-12-07T07:34:21","modified_gmt":"2025-12-07T07:34:21","slug":"sheinbaum-y-trump-sonrien-en-su-primera-pequena-reunion-la-presidenta-de-mexico-dijo-que-fue-excelente","status":"publish","type":"post","link":"https:\/\/www.europesays.com\/es\/275495\/","title":{"rendered":"Sheinbaum y Trump sonr\u00eden en su primera \u201cpeque\u00f1a\u201d reuni\u00f3n. La presidenta de M\u00e9xico dijo que fue \u201cexcelente\u201d"},"content":{"rendered":"<p>      CNN Espa\u00f1ol<br \/>\n        \u00a0\u2014\u00a0<\/p>\n<p class=\"paragraph inline-placeholder vossi-paragraph\" data-uri=\"es.cms.cnn.com\/_components\/paragraph\/instances\/cmitfl5uc004b26pa592bb3i6@published\" data-editable=\"text\" data-component-name=\"paragraph\" data-article-gutter=\"true\">\n            La presidenta de M\u00e9xico, <a href=\"https:\/\/cnnespanol.cnn.com\/2025\/12\/04\/latinoamerica\/sheinbaum-jornada-laboral-mexico-region-orix?iid=cnn_buildContentRecirc_end_recirc&amp;recs_exp=relacionado-article-end&amp;tenant_id=related.es\" rel=\"nofollow noopener\" target=\"_blank\">Claudia Sheinbaum<\/a>, y el presidente de Estados Unidos, Donald Trump, tuvieron este viernes su primer encuentro cara a cara en Washington, seguido por una reuni\u00f3n en la que tambi\u00e9n particip\u00f3 el primer ministro de Canad\u00e1, Mark Carney.\n    <\/p>\n<p class=\"paragraph inline-placeholder vossi-paragraph\" data-uri=\"es.cms.cnn.com\/_components\/paragraph\/instances\/cmitfogxs0005356oem4ppqtp@published\" data-editable=\"text\" data-component-name=\"paragraph\" data-article-gutter=\"true\">\n            \u201cTuvimos una excelente reuni\u00f3n\u201d, dijo Sheinbaum <a href=\"https:\/\/x.com\/Claudiashein\/status\/1997051798406787377\" target=\"_blank\" rel=\"nofollow\">en X<\/a> sobre su encuentro con ambos mandatarios. \u201cHablamos de la gran oportunidad que representa la Copa Mundial de F\u00fatbol 2026 para los tres pa\u00edses y de la buena relaci\u00f3n que tenemos\u201d.\n    <\/p>\n<p class=\"paragraph inline-placeholder vossi-paragraph\" data-uri=\"es.cms.cnn.com\/_components\/paragraph\/instances\/cmitfogxs0006356ovhll7j14@published\" data-editable=\"text\" data-component-name=\"paragraph\" data-article-gutter=\"true\">\n            La reuni\u00f3n entre Sheinbaum, Trump y Carney se produce <a href=\"https:\/\/cnnespanol.cnn.com\/2025\/12\/04\/mexico\/sheinbaum-reunion-trump-sorteo-orix\" rel=\"nofollow noopener\" target=\"_blank\">dos d\u00edas despu\u00e9s<\/a> de que Trump indicara que posiblemente dejar\u00e1 expirar el T-MEC, el tratado de libre comercio con M\u00e9xico y Canad\u00e1, que de acuerdo con lo programado debe renegociarse en 2026.\n    <\/p>\n<p class=\"paragraph inline-placeholder vossi-paragraph\" data-uri=\"es.cms.cnn.com\/_components\/paragraph\/instances\/cmitfogxs0007356omjbtrkdd@published\" data-editable=\"text\" data-component-name=\"paragraph\" data-article-gutter=\"true\">\n            En las im\u00e1genes que difundi\u00f3 Sheinbaum en sus redes sociales, tanto ella como Trump y Carney lucen sonrientes. La presidenta de M\u00e9xico est\u00e1 en el centro de la foto, a su derecha el presidente de <a href=\"http:\/\/ee.uu\" target=\"_blank\" rel=\"nofollow noopener\">EE.UU<\/a>., y a su izquierda el primer ministro de Canad\u00e1.\n    <\/p>\n<p class=\"paragraph inline-placeholder vossi-paragraph\" data-uri=\"es.cms.cnn.com\/_components\/paragraph\/instances\/cmitfogxs0008356okgvwui9k@published\" data-editable=\"text\" data-component-name=\"paragraph\" data-article-gutter=\"true\">\n            \u201cAcordamos seguir trabajando juntos para temas comerciales con nuestros equipos\u201d, asegur\u00f3 la presidenta de M\u00e9xico. CNN consult\u00f3 a la Presidencia de M\u00e9xico para conocer m\u00e1s detalles al respecto y espera respuesta.\n    <\/p>\n<p class=\"paragraph inline-placeholder vossi-paragraph\" data-uri=\"es.cms.cnn.com\/_components\/paragraph\/instances\/cmitfogxs0009356oascqj0v2@published\" data-editable=\"text\" data-component-name=\"paragraph\" data-article-gutter=\"true\">\n            Si bien Trump y Sheinbaum hab\u00edan tenido conversaciones telef\u00f3nicas, esta es la primera vez que se re\u00fanen de manera presencial. Trump la invit\u00f3 a que regrese a Washington, dijo Sheinbaum a la prensa tras el encuentro. \u201cYa acordaremos una fecha\u201d, agreg\u00f3, seg\u00fan reporta EFE.\n    <\/p>\n<p>       <img decoding=\"async\" src=\"https:\/\/www.europesays.com\/es\/wp-content\/uploads\/2025\/12\/g7b0bueb0amdxll.jpg\" alt=\"Sheinbaum, Trump y Carney acordaron \" seguir=\"\" trabajando=\"\" juntos=\"\" para=\"\" temas=\"\" comerciales=\"\" dijo=\"\" la=\"\" presidenta=\"\" de=\"\" m=\"\" class=\"image__dam-img image__dam-img--loading\" onload=\"this.classList.remove('image__dam-img--loading')\" onerror=\"imageLoadError(this)\" height=\"1387\" width=\"2080\" loading=\"lazy\"\/><\/p>\n<p class=\"paragraph inline-placeholder vossi-paragraph\" data-uri=\"es.cms.cnn.com\/_components\/paragraph\/instances\/cmitfogxs000a356oyra8t8j8@published\" data-editable=\"text\" data-component-name=\"paragraph\" data-article-gutter=\"true\">\n            Horas antes de la reuni\u00f3n, Trump hab\u00eda elogiado su v\u00ednculo con Sheinbaum y Carney en el marco del sorteo del Mundial de F\u00fatbol de 2026, el evento deportivo en el pa\u00eds ser\u00e1 anfitri\u00f3n junto a M\u00e9xico y Canad\u00e1, donde estuvieron presentes los tres mandatarios para sacar las bolillas de sus respectivos pa\u00edses.\n    <\/p>\n<p class=\"paragraph inline-placeholder vossi-paragraph\" data-uri=\"es.cms.cnn.com\/_components\/paragraph\/instances\/cmitfogxs000b356odkuana5p@published\" data-editable=\"text\" data-component-name=\"paragraph\" data-article-gutter=\"true\">\n            \u201cCon Carney y Sheinbaum trabajamos de manera muy estrecha, con coordinaci\u00f3n, la relaci\u00f3n ha sido fant\u00e1stica\u201d, dijo Trump al subir al escenario del Centro Kennedy de Washington, sede del evento, donde tambi\u00e9n fue galardonado <a href=\"https:\/\/cnnespanol.cnn.com\/2025\/12\/05\/eeuu\/trump-premio-fifa-de-la-paz-mundial-trax\" rel=\"nofollow noopener\" target=\"_blank\">con el premio FIFA de la Paz<\/a>.\n    <\/p>\n<p class=\"paragraph inline-placeholder vossi-paragraph\" data-uri=\"es.cms.cnn.com\/_components\/paragraph\/instances\/cmitfogxs000c356oymiqe7i4@published\" data-editable=\"text\" data-component-name=\"paragraph\" data-article-gutter=\"true\">\n            \u201cNos estamos llevando muy bien\u201d, hab\u00eda dicho ante la prensa en la alfombra roja del Centro Kennedy, poco antes de que comenzara el sorteo.\n    <\/p>\n<p class=\"paragraph inline-placeholder vossi-paragraph\" data-uri=\"es.cms.cnn.com\/_components\/paragraph\/instances\/cmitfogxs000d356or384eqrk@published\" data-editable=\"text\" data-component-name=\"paragraph\" data-article-gutter=\"true\">\n            Sheinbaum hab\u00eda anunciado el jueves que tendr\u00eda <a href=\"https:\/\/cnnespanol.cnn.com\/2025\/12\/04\/mexico\/sheinbaum-reunion-trump-sorteo-orix\" rel=\"nofollow noopener\" target=\"_blank\">una \u201cpeque\u00f1a\u201d reuni\u00f3n<\/a> con el mandatario de Estados Unidos. \u201cTodo parece indicar que vamos a tener una peque\u00f1a reuni\u00f3n\u201d, dijo en conferencia de prensa, sin dar mayores detalles sobre los temas que se abordar\u00edan en el encuentro.\n    <\/p>\n<p class=\"paragraph inline-placeholder vossi-paragraph\" data-uri=\"es.cms.cnn.com\/_components\/paragraph\/instances\/cmitfogxs000e356oqwxdxkjx@published\" data-editable=\"text\" data-component-name=\"paragraph\" data-article-gutter=\"true\">\n            Est\u00e1 previsto que este s\u00e1bado la presidenta de M\u00e9xico <a href=\"https:\/\/www.facebook.com\/ClaudiaSheinbaumPardo\/videos\/1337943294262140\/\" target=\"_blank\" rel=\"nofollow noopener\">participe de una movilizaci\u00f3n<\/a> en el Z\u00f3calo de la Ciudad de M\u00e9xico para conmemorar los siete a\u00f1os desde que el partido oficialista Morena lleg\u00f3 al Gobierno.\n    <\/p>\n","protected":false},"excerpt":{"rendered":"CNN Espa\u00f1ol \u00a0\u2014\u00a0 La presidenta de M\u00e9xico, Claudia Sheinbaum, y el presidente de Estados Unidos, Donald Trump, tuvieron&hellip;\n","protected":false},"author":2,"featured_media":275496,"comment_status":"","ping_status":"","sticky":false,"template":"","format":"standard","meta":{"footnotes":""},"categories":[42],"tags":[17,18,18291,352,13,14,11,61,62,63,64,19,20,9,10,15,16,12,21,22,65,66,67],"class_list":{"0":"post-275495","1":"post","2":"type-post","3":"status-publish","4":"format-standard","5":"has-post-thumbnail","7":"category-internacional","8":"tag-breaking-news","9":"tag-breakingnews","10":"tag-claudia-sheinbaum","11":"tag-donald-trump","12":"tag-featured-news","13":"tag-featurednews","14":"tag-headlines","15":"tag-internacional","16":"tag-international","17":"tag-international-news","18":"tag-internationalnews","19":"tag-latest-news","20":"tag-latestnews","21":"tag-news","22":"tag-noticias","23":"tag-noticias-destacadas","24":"tag-noticiasdestacadas","25":"tag-titulares","26":"tag-ultimas-noticias","27":"tag-ultimasnoticias","28":"tag-world","29":"tag-world-news","30":"tag-worldnews"},"share_on_mastodon":{"url":"https:\/\/pubeurope.com\/@es\/115677133210029156","error":""},"_links":{"self":[{"href":"https:\/\/www.europesays.com\/es\/wp-json\/wp\/v2\/posts\/275495","targetHints":{"allow":["GET"]}}],"collection":[{"href":"https:\/\/www.europesays.com\/es\/wp-json\/wp\/v2\/posts"}],"about":[{"href":"https:\/\/www.europesays.com\/es\/wp-json\/wp\/v2\/types\/post"}],"author":[{"embeddable":true,"href":"https:\/\/www.europesays.com\/es\/wp-json\/wp\/v2\/users\/2"}],"replies":[{"embeddable":true,"href":"https:\/\/www.europesays.com\/es\/wp-json\/wp\/v2\/comments?post=275495"}],"version-history":[{"count":0,"href":"https:\/\/www.europesays.com\/es\/wp-json\/wp\/v2\/posts\/275495\/revisions"}],"wp:featuredmedia":[{"embeddable":true,"href":"https:\/\/www.europesays.com\/es\/wp-json\/wp\/v2\/media\/275496"}],"wp:attachment":[{"href":"https:\/\/www.europesays.com\/es\/wp-json\/wp\/v2\/media?parent=275495"}],"wp:term":[{"taxonomy":"category","embeddable":true,"href":"https:\/\/www.europesays.com\/es\/wp-json\/wp\/v2\/categories?post=275495"},{"taxonomy":"post_tag","embeddable":true,"href":"https:\/\/www.europesays.com\/es\/wp-json\/wp\/v2\/tags?post=275495"}],"curies":[{"name":"wp","href":"https:\/\/api.w.org\/{rel}","templated":true}]}}