{"id":275508,"date":"2025-12-07T07:47:08","date_gmt":"2025-12-07T07:47:08","guid":{"rendered":"https:\/\/www.europesays.com\/es\/275508\/"},"modified":"2025-12-07T07:47:08","modified_gmt":"2025-12-07T07:47:08","slug":"romanticismo-o-unidad-familiar-por-que-millie-bobby-brown-se-habria-cambiado-el-nombre","status":"publish","type":"post","link":"https:\/\/www.europesays.com\/es\/275508\/","title":{"rendered":"\u00bfRomanticismo o unidad familiar? Por qu\u00e9 Millie Bobby Brown se habr\u00eda cambiado el nombre"},"content":{"rendered":"<p class=\"c-paragraph\"><b\/>\u00ab\u00bf<b>Por qu\u00e9 la gente se ha enfadado con ella <\/b>por el hecho de que se haya puesto el nombre de su marido?\u00bb, preguntaba en Twitter un usuario sobre la noticia de que <a href=\"https:\/\/www.20minutos.es\/tags\/temas\/millie-bobby-brown.html\" rel=\"nofollow noopener\" target=\"_blank\">Millie Bobby Brown<\/a> hab\u00eda anunciado su nuevo nombre. Desde hace poco, la actriz de <a href=\"https:\/\/www.20minutos.es\/tags\/temas\/stranger-things.html\" rel=\"nofollow noopener\" target=\"_blank\">Stranger Things<\/a> se llama legalmente <a href=\"https:\/\/www.20minutos.es\/cinemania\/series\/millie-bobby-brown-actriz-stranger-things-cambio-nombre_6905479_0.html\" rel=\"nofollow noopener\" target=\"_blank\">Millie Bonnie Bongiovi<\/a>, una decisi\u00f3n que <b>ha levantado ampollas en redes sociales<\/b> entre sus fans (y los menos fans).<\/p>\n<p class=\"c-paragraph\">Mucho antes de este giro de volante, quien se ha metido en la piel de Once en la serie de mayor \u00e9xito de los hermanos Duffer, y Jake Bongiovi <b>empezaron a salir en 2021<\/b>. Un noviazgo que avanz\u00f3 imparable y en abril de 2023 sorprendi\u00f3 al mundo entero cuando anunciaron que se hab\u00edan prometido. Adem\u00e1s, fue <b>una pedida de mano at\u00edpica<\/b>, puesto que sucedi\u00f3 cuando compart\u00edan una inmersi\u00f3n (ambos son aficionados al buceo) y el actor y modelo <b>le dio una concha que ten\u00eda un anillo.<\/b><\/p>\n<p class=\"c-paragraph\">Millie no dud\u00f3 en aceptar y su etapa de prometidos lleg\u00f3 a su fin cuando, <b>en mayo de 2024, tuvo lugar la boda<\/b>. A pesar de ser una de las parejas referentes para la Generaci\u00f3n Z, alejados de la prensa, apostaron por <a href=\"https:\/\/www.20minutos.es\/noticia\/5313877\/0\/millie-bobby-brown-boda-secreto-hijo-jon-bon-jovi\/\" rel=\"nofollow noopener\" target=\"_blank\">una ceremonia familiar y muy \u00edntima<\/a> a la que por supuesto no falt\u00f3 <b>Jon Bon Jovi,<\/b> el padre del novio. Aunque esta no fue la \u00fanica sorpresa que la pareja ten\u00eda reservada, en agosto de 2025 anunciaron en un comunicado compartido en sus redes sociales que <b>hab\u00edan ampliado la familia<\/b> <a href=\"https:\/\/www.20minutos.es\/gente\/millie-bobby-brown-su-marido-comparten-primera-foto-su-hija-adoptiva_6514432_0.html\" rel=\"nofollow noopener\" target=\"_blank\">adoptando una ni\u00f1a<\/a>.<\/p>\n<p class=\"c-paragraph\"><b>Su consistente historia de amor <\/b>no ha tenido una sola turbulencia (que sepamos), pero s\u00ed alg\u00fan que otro plot twist. El \u00faltimo ha sido el cambio legal de nombre, que, generalmente se hace al contraer matrimonio, sin embargo Millie, en su l\u00ednea de hacer las cosas a su ritmo, ha dado el paso <b>m\u00e1s de medio a\u00f1o despu\u00e9s<\/b>. Los comentarios en redes sociales no se han hecho esperar: \u00abSe ha levantado y ha dicho nuevo hombre, nueva yo\u00bb o \u00abSe revertir\u00e1 esa tradici\u00f3n en el futuro? En plan los maridos poni\u00e9ndose el apellido de su esposa?\u00bb.<\/p>\n<p class=\"c-paragraph\">La estrella de Stranger Things se ha sumado a la lista de celebridades que optan por esta costumbre todav\u00eda muy arraigada en ciertos pa\u00edses. <b>Ashley Tisdale<\/b>, una de las protagonistas de High School Musical, tambi\u00e9n tom\u00f3 esta decisi\u00f3n que no pas\u00f3 sin dar lugar a diversidad opiniones: \u00abPrimero tuvimos Ashley French, ahora Millie Bon Bon? Revelaos, chicas\u00bb. Incluso <b>Jennifer Lopez <\/b>se cambi\u00f3 a Jennifer Affleck durante los dos a\u00f1os que dur\u00f3 su matrimonio con el actor.<\/p>\n<p>M\u00e1s que un cambio de nombre: un viaje personal<\/p>\n<p class=\"c-paragraph\">Analizando el panorama actual en Reino Unido, pa\u00eds del que tiene la nacionalidad la actriz,<b> el 90% de las mujeres se cambian el apellido<\/b> por el de su marido al casarse. En Estados Unidos, donde naci\u00f3 su marido, rondar\u00eda el 70%. Una tradici\u00f3n que <b>proviene de la Edad Medi<\/b>a, cuando las mujeres no eran reconocidas como sujetos legales y al casarse, quedaban bajo la protecci\u00f3n y autoridad de su esposo.<\/p>\n<p class=\"c-paragraph\">Aunque en el momento presente, gracias a los avances en materia de igualdad, este ya no es el motivo por el que se cambia el apellido, todav\u00eda para muchas personas es <b>por el valor sentimental que transmite<\/b>, una cuesti\u00f3n ligada a la tradici\u00f3n y romanticismo. Sin embargo, en el caso de Millie, no es descartable que pueda deberse a dos motivos: el primero por el paso que han dado este verano de convertirse en padres y<b> ser percibidos como una unidad familiar<\/b>. Ya que la actriz ha tenido muchos meses despu\u00e9s del \u00abS\u00ed, quiero\u00bb, para hacer esta modificaci\u00f3n legal y no la ha puesto en pr\u00e1ctica hasta adoptar a su hija.<\/p>\n<p class=\"c-paragraph\">De hecho, seg\u00fan un art\u00edculo de la BBC, un profesor universitario ingl\u00e9s, Simon Duncan, estuvo investigando la vigencia de esta pr\u00e1ctica y concluy\u00f3 que adoptar el apellido de la pareja se percibe como <b>una forma de mostrar compromiso<\/b> y uni\u00f3n hacia el exterior. Tambi\u00e9n que la narrativa de &#8216;buena familia&#8217; era <b>m\u00e1s fuerte entre las mujeres<\/b> que ya hab\u00edan tenido hijos y algunas de las que no se cambiaron el apellido en un primer momento, lo hicieron tras dar a luz.<\/p>\n<p class=\"c-paragraph\">Por otro lado, al cambiarse el apellido tambi\u00e9n ha alterado su segundo nombre. Si bien hasta ahora utilizaba el art\u00edstico \u00abBobby\u00bb, ha recuperado \u00abBonnie\u00bb, que fue el que eligieron sus padres cuando naci\u00f3. Reivindica sus ra\u00edces y a la vez, contin\u00faa construyendo su identidad y su carrera desde un lugar propio. Este equilibrio entre su pasado, su presente y lo que quiere proyectar para el futuro, parece m\u00e1s una elecci\u00f3n consciente y significativa que simple h\u00e1bito.<\/p>\n","protected":false},"excerpt":{"rendered":"\u00ab\u00bfPor qu\u00e9 la gente se ha enfadado con ella por el hecho de que se haya puesto el&hellip;\n","protected":false},"author":2,"featured_media":275509,"comment_status":"","ping_status":"","sticky":false,"template":"","format":"standard","meta":{"footnotes":""},"categories":[174],"tags":[255,146,147,25,24,17002,256,5043,2074,67209,23,18472],"class_list":{"0":"post-275508","1":"post","2":"type-post","3":"status-publish","4":"format-standard","5":"has-post-thumbnail","7":"category-famosos","8":"tag-celebrities","9":"tag-entertainment","10":"tag-entretenimiento","11":"tag-es","12":"tag-espana","13":"tag-familiar","14":"tag-famosos","15":"tag-por","16":"tag-que","17":"tag-romanticismo","18":"tag-spain","19":"tag-unidad"},"share_on_mastodon":{"url":"https:\/\/pubeurope.com\/@es\/115677183614426521","error":""},"_links":{"self":[{"href":"https:\/\/www.europesays.com\/es\/wp-json\/wp\/v2\/posts\/275508","targetHints":{"allow":["GET"]}}],"collection":[{"href":"https:\/\/www.europesays.com\/es\/wp-json\/wp\/v2\/posts"}],"about":[{"href":"https:\/\/www.europesays.com\/es\/wp-json\/wp\/v2\/types\/post"}],"author":[{"embeddable":true,"href":"https:\/\/www.europesays.com\/es\/wp-json\/wp\/v2\/users\/2"}],"replies":[{"embeddable":true,"href":"https:\/\/www.europesays.com\/es\/wp-json\/wp\/v2\/comments?post=275508"}],"version-history":[{"count":0,"href":"https:\/\/www.europesays.com\/es\/wp-json\/wp\/v2\/posts\/275508\/revisions"}],"wp:featuredmedia":[{"embeddable":true,"href":"https:\/\/www.europesays.com\/es\/wp-json\/wp\/v2\/media\/275509"}],"wp:attachment":[{"href":"https:\/\/www.europesays.com\/es\/wp-json\/wp\/v2\/media?parent=275508"}],"wp:term":[{"taxonomy":"category","embeddable":true,"href":"https:\/\/www.europesays.com\/es\/wp-json\/wp\/v2\/categories?post=275508"},{"taxonomy":"post_tag","embeddable":true,"href":"https:\/\/www.europesays.com\/es\/wp-json\/wp\/v2\/tags?post=275508"}],"curies":[{"name":"wp","href":"https:\/\/api.w.org\/{rel}","templated":true}]}}