{"id":275510,"date":"2025-12-07T07:50:35","date_gmt":"2025-12-07T07:50:35","guid":{"rendered":"https:\/\/www.europesays.com\/es\/275510\/"},"modified":"2025-12-07T07:50:35","modified_gmt":"2025-12-07T07:50:35","slug":"un-nuevo-habitante-llego-al-palacio","status":"publish","type":"post","link":"https:\/\/www.europesays.com\/es\/275510\/","title":{"rendered":"Un nuevo habitante lleg\u00f3 al palacio"},"content":{"rendered":"<p data-journey-content=\"true\" data-node-id=\"4\" class=\"css-6wxqfj emevuu60\">En <a href=\"https:\/\/www.diezminutos.es\/telenovela\/espanolas\/a69604394\/la-promesa-avance-capitulo-729-jueves-4-diciembre-2025-tve\/\" target=\"_blank\" data-vars-ga-outbound-link=\"https:\/\/www.diezminutos.es\/telenovela\/espanolas\/a69604394\/la-promesa-avance-capitulo-729-jueves-4-diciembre-2025-tve\/\" data-vars-ga-ux-element=\"Hyperlink\" data-vars-ga-call-to-action=\"los \u00faltimos cap\u00edtulos de &#039;La Promesa&#039;\" data-node-id=\"4.1\" class=\"body-link css-177bzfx emevuu60\" rel=\"nofollow noopener\">los \u00faltimos cap\u00edtulos de &#8216;La Promesa&#8217;<\/a>, Jacobo y Martina permanecieron indecisos respecto a su futuro juntos. Aunque ambos creyeron que su relaci\u00f3n merec\u00eda una oportunidad, la joven necesit\u00f3 m\u00e1s tiempo para decidir. La gesti\u00f3n de las tierras complic\u00f3 el trato entre Jacobo y Adriano, lo que oblig\u00f3 a Martina a lidiar entre ellos. Muy a su pesar, To\u00f1o revel\u00f3 a Manuel que Enora estaba m\u00e1s preocupada en mejorar el motor que en investigar la participaci\u00f3n de don Lisandro en la empresa de don Luis. Como agua de mayo esper\u00f3 Curro algo de ayuda; la situaci\u00f3n de \u00c1ngela con Lorenzo llev\u00f3 al muchacho a acudir a su hermano. Acuciantes se aventuraron las semanas para el servicio: Crist\u00f3bal, junto a Teresa, anunciaron el fin de las libranzas\u2026 y la llegada de un nuevo lacayo, que dej\u00f3 a Mar\u00eda Fern\u00e1ndez estupefacta.<\/p>\n<p><img draggable=\"true\" alt=\"la promesa\" title=\"La Promesa\" loading=\"lazy\" width=\"4096\" height=\"2731\" decoding=\"async\" data-nimg=\"1\" style=\"color:transparent;width:100%;height:auto;\"   src=\"https:\/\/www.europesays.com\/es\/wp-content\/uploads\/2025\/12\/g62c3a4xsaaxswf-692d4f9ef26a6.jpg\" class=\"css-0 e1g79fud0\"\/><\/p>\n<p>Add RTVE<\/p>\n<p>Manuel pidi\u00f3 a Enora que se centrara en investigar a don Lisandro en &#8216;La Promesa&#8217;<\/p>\n<p data-journey-content=\"true\" data-node-id=\"10\" class=\"css-6wxqfj emevuu60\">Esta semana en &#8216;<a href=\"https:\/\/www.diezminutos.es\/telenovela-la-promesa\/\" target=\"_blank\" data-vars-ga-outbound-link=\"https:\/\/www.diezminutos.es\/telenovela-la-promesa\/\" data-vars-ga-ux-element=\"Hyperlink\" data-vars-ga-call-to-action=\"La Promesa\" data-node-id=\"10.1\" class=\"body-link css-177bzfx emevuu60\" rel=\"nofollow noopener\">La Promesa<\/a>&#8216;, \u00c1ngela confes\u00f3 a Martina su desesperaci\u00f3n ante la inminente boda, mientras Martina sigui\u00f3 lidiando con las tensiones entre Jacobo y Adriano, que estallaron en una dura discusi\u00f3n agravada por Leocadia. Curro revel\u00f3 a Manuel su amor por \u00c1ngela y su enfrentamiento con Lorenzo, logrando su apoyo para impedir la boda, lo que provoc\u00f3 un nuevo encontronazo. Mar\u00eda Fern\u00e1ndez se incomod\u00f3 con la llegada de Carlo, el padre del hijo que esperaba, pero Samuel la anim\u00f3 a hablar con \u00e9l. Teresa advirti\u00f3 a las doncellas del aumento de trabajo y recibi\u00f3 la negativa de Crist\u00f3bal a ofrecerles una compensaci\u00f3n, aunque liber\u00f3 a Lope para colaborar en el men\u00fa de la boda. Petra investig\u00f3 junto a Lope y Vera qui\u00e9n estaba detr\u00e1s del plagio de las recetas, sin obtener todav\u00eda resultados. Manuel pidi\u00f3 a Enora que se centrara en investigar a don Lisandro y no en mejorar el motor. Sin embargo, Enora persuadi\u00f3 a To\u00f1o para que la apoyara a espaldas de Manuel.<\/p>\n<p>Teresa dio una mala noticia a sus compa\u00f1eros en &#8216;La Promesa&#8217;<img draggable=\"true\" alt=\"la promesa tve teresa y cristobal\" title=\"la promesa tve teresa y cristobal\" loading=\"lazy\" width=\"4096\" height=\"2731\" decoding=\"async\" data-nimg=\"1\" style=\"color:transparent;width:100%;height:auto;\"   src=\"https:\/\/www.europesays.com\/es\/wp-content\/uploads\/2025\/12\/promesa-2-11-69316b5514398.jpg\" class=\"css-0 e1g79fud0\"\/><\/p>\n<p>Productora<\/p>\n<p data-journey-content=\"true\" data-node-id=\"18\" class=\"css-6wxqfj emevuu60\">Las investigaciones de Petra no tardaron en dar frutos, pero el ladr\u00f3n de recetas trat\u00f3 de convencerla para que no lo delatara. \u00bfLo consigui\u00f3? Samuel y Mar\u00eda Fern\u00e1ndez se vieron obligados a reprender a Carlo por prestar demasiada atenci\u00f3n a las doncellas. En vez de investigar para Manuel, Enora y To\u00f1o trabajaron en secreto en un nuevo motor que promet\u00eda ser mucho mejor que el anterior. Adriano pidi\u00f3 a Leocadia hablar personalmente con el detective que ella hab\u00eda contratado para buscar a Catalina. Teresa inform\u00f3 al servicio de que no habr\u00eda libranzas ni gratificaci\u00f3n, lo que desemboc\u00f3 en las protestas de Petra.<br data-node-id=\"18.1\"\/><\/p>\n<p><img src=\"https:\/\/www.europesays.com\/es\/wp-content\/uploads\/2025\/12\/1765093835_459_43af9b8f-983e-4e74-8e74-9a7479b0966b_1681831601.file\" alt=\"Headshot of Pilar Mart\u00ednez\" title=\"Headshot of Pilar Mart\u00ednez\" width=\"100%\" height=\"100%\" decoding=\"async\" loading=\"lazy\" class=\"css-o0wq4v ev8dhu53\"\/><\/p>\n<p>Pilar Mart\u00ednez es periodista especializada en contenidos de televisi\u00f3n y cultura, se gradu\u00f3 en la carrera en Periodismo en la Facultad de Ciencias de la Informaci\u00f3n (Universidad Complutense de Madrid) en el a\u00f1o 2018. Desde entonces ha pasado por las redacciones de Ecoteuve (El Economista), donde realiz\u00f3 sus primeras pr\u00e1cticas durante el verano del 2016.<\/p>\n<p>Posteriormente, concretamente, en el a\u00f1o 2017 se pas\u00f3 al grupo Hearst Espa\u00f1a, donde comenz\u00f3 su andadura en las revistas de televisi\u00f3n: Supertele, Teleprograma, Telenovela. Ahora colabora con Diez Minutos, en su versi\u00f3n web, donde se encarga de realizar los avances semanales de las ficciones diarias de moda, as\u00ed como entrevistas y art\u00edculos sobre los melodramas o telenovelas que aterrizan en nuestro pa\u00eds y aquellos que est\u00e1n por venir.<\/p>\n<p>Toda una cazadora de exclusivas. A esto, se suma su puesto como redactora jefe de la secci\u00f3n de novela narrativa en la revista Culturamas, medio digital de alto impacto al que lleva unida desde el a\u00f1o 2013. \u00c1vida lectora, cin\u00e9fila y seri\u00e9fila de primer nivel, ha hecho de su vocaci\u00f3n su oficio. \u00a0<\/p>\n","protected":false},"excerpt":{"rendered":"En los \u00faltimos cap\u00edtulos de &#8216;La Promesa&#8217;, Jacobo y Martina permanecieron indecisos respecto a su futuro juntos. Aunque&hellip;\n","protected":false},"author":2,"featured_media":275511,"comment_status":"","ping_status":"","sticky":false,"template":"","format":"standard","meta":{"footnotes":""},"categories":[171],"tags":[253,146,147,25,24,23,214],"class_list":{"0":"post-275510","1":"post","2":"type-post","3":"status-publish","4":"format-standard","5":"has-post-thumbnail","7":"category-tv","8":"tag-discover","9":"tag-entertainment","10":"tag-entretenimiento","11":"tag-es","12":"tag-espana","13":"tag-spain","14":"tag-tv"},"share_on_mastodon":{"url":"https:\/\/pubeurope.com\/@es\/115677195961304949","error":""},"_links":{"self":[{"href":"https:\/\/www.europesays.com\/es\/wp-json\/wp\/v2\/posts\/275510","targetHints":{"allow":["GET"]}}],"collection":[{"href":"https:\/\/www.europesays.com\/es\/wp-json\/wp\/v2\/posts"}],"about":[{"href":"https:\/\/www.europesays.com\/es\/wp-json\/wp\/v2\/types\/post"}],"author":[{"embeddable":true,"href":"https:\/\/www.europesays.com\/es\/wp-json\/wp\/v2\/users\/2"}],"replies":[{"embeddable":true,"href":"https:\/\/www.europesays.com\/es\/wp-json\/wp\/v2\/comments?post=275510"}],"version-history":[{"count":0,"href":"https:\/\/www.europesays.com\/es\/wp-json\/wp\/v2\/posts\/275510\/revisions"}],"wp:featuredmedia":[{"embeddable":true,"href":"https:\/\/www.europesays.com\/es\/wp-json\/wp\/v2\/media\/275511"}],"wp:attachment":[{"href":"https:\/\/www.europesays.com\/es\/wp-json\/wp\/v2\/media?parent=275510"}],"wp:term":[{"taxonomy":"category","embeddable":true,"href":"https:\/\/www.europesays.com\/es\/wp-json\/wp\/v2\/categories?post=275510"},{"taxonomy":"post_tag","embeddable":true,"href":"https:\/\/www.europesays.com\/es\/wp-json\/wp\/v2\/tags?post=275510"}],"curies":[{"name":"wp","href":"https:\/\/api.w.org\/{rel}","templated":true}]}}