{"id":275512,"date":"2025-12-07T07:52:26","date_gmt":"2025-12-07T07:52:26","guid":{"rendered":"https:\/\/www.europesays.com\/es\/275512\/"},"modified":"2025-12-07T07:52:26","modified_gmt":"2025-12-07T07:52:26","slug":"este-es-el-misterioso-personaje-que-scarlett-johansson-interpretaria-en-the-batman-2","status":"publish","type":"post","link":"https:\/\/www.europesays.com\/es\/275512\/","title":{"rendered":"Este es el misterioso personaje que Scarlett Johansson interpretar\u00eda en &#8216;The Batman 2&#8217;"},"content":{"rendered":"<p><b>Scarlett Johansson<\/b><a class=\"Link \" href=\"https:\/\/www.tvazteca.com\/azteca7\/noticias-musica\/quien-es-maxx-morando-el-misterioso-prometido-miley-cyrus-que-es-6-anos\" target=\"_blank\" rel=\"nofollow noopener\"><b> se gan\u00f3 un lugar fuerte en Hollywood <\/b><\/a><b>por su facilidad para moverse entre g\u00e9neros,<\/b> algo que siempre llama la atenci\u00f3n de los directores. Despu\u00e9s de tantos a\u00f1os en Marvel, todo indica que ahora pondr\u00e1 rumbo a DC Comics y aparecer\u00e1 en &#8216;The Batman 2&#8217; con un personaje que, seg\u00fan dicen, va a dar much\u00edsimo que hablar.<\/p>\n<p><b>La actriz estar\u00eda cerca de sumarse junto a Robert Pattinson en un papel que sigue siendo un verdadero enigma, aunque eso no fren\u00f3 a los fans, que ya activaron el modo detective.<\/b> <\/p>\n<p>Seg\u00fan Espinof, las apuestas m\u00e1s repetidas son dos: <b>Hiedra Venenosa<\/b> \u2014pese a que su naturaleza fant\u00e1stica no encaja del todo con el tono del filme\u2014 y la periodista, <b>Vicki Vale<\/b>, que muchos consideran la candidata m\u00e1s l\u00f3gica.<\/p>\n<p>        <img decoding=\"async\" alt=\"scarlett johansson ser\u00eda Vicki Vale\" class=\"Image lazyload\"  src=\"https:\/\/www.europesays.com\/es\/wp-content\/uploads\/2025\/12\/1765093945_267_\" loading=\"lazy\" width=\"928\" height=\"522\"\/>(Especial\/Marvel\/DC)Scarlett Johansson ser\u00eda Vicki Vale en \u2018The Batman 2&#8242;.<\/p>\n<p>Sin anuncios oficiales, la pregunta sigue flotando: \u00bfa qui\u00e9n interpretar\u00eda? <b>En redes aparecen nombres cl\u00e1sicos de Gotham de todo tipo<\/b>, alimentando la conversaci\u00f3n d\u00eda tras d\u00eda. Cada fan tiene su teor\u00eda, pero por ahora, todo se mantiene envuelto en misterio.<\/p>\n<p>\u00bfPor qu\u00e9 se atras\u00f3 el estreno de &#8216;The Batman: 2&#8217;?\n<\/p>\n<p>Aunque la expectativa es enorme y los fans ya cuentan los d\u00edas para volver a ver su h\u00e9roe en acci\u00f3n, <b>la secuela sufri\u00f3 varios tropiezos en el camino<\/b>. Entre idas y vueltas, hubo una serie de motivos que terminaron empujando el estreno m\u00e1s lejos de lo esperado.<\/p>\n<ul class=\"rte2-style-ul\">\n<li><b>La raz\u00f3n principal es que a\u00fan no ten\u00eda un guion terminado.<\/b> James Gunn, que junto con Matt Reeves supervisa la pel\u00edcula, confirm\u00f3 que el libreto segu\u00eda en desarrollo, y sin un guion firme no tiene sentido arrancar producci\u00f3n. Sin emabrgo, ya est\u00e1 listo para comenzar a rodar.\n<\/li>\n<li>Por otro lado, The Statesman <b>explica que un filme con efectos visuales, ambientaci\u00f3n, acci\u00f3n y escala como esta demanda mucho tiempo de preproducci\u00f3n<\/b>, rodaje y post-producci\u00f3n \u2014 y m\u00e1s a\u00fan si planean hacerlo bien. Gunn dijo que una demora de varios a\u00f1os entre pel\u00edculas de gran presupuesto no es inusual.<\/li>\n<li>Adem\u00e1s, <b>los cambios en el calendario de estrenos del estudio y otros proyectos en carpeta de la productora tambi\u00e9n influyeron.<\/b> El retraso original para 2026 termin\u00f3 corri\u00e9ndose a 2027, en parte para dar espacio a otros lanzamientos y para no saturar el calendario.<\/li>\n<\/ul>\n<p>\u00bfQu\u00e9 actores est\u00e1n confirmados en &#8216;The Batman 2&#8217;?\n<\/p>\n<p><b>Robert Pattinson vuelve a ponerse el traje de Batman,<\/b> manteniendo la l\u00ednea intensa y oscura que marc\u00f3 la primera entrega. <b>Junto a \u00e9l regresan Jeffrey Wright como el siempre firme James Gordon,<\/b> A<b>ndy Serkis en el papel de Alfred y Colin Farrell, que sigue construyendo un Ping\u00fcino<\/b> cada vez m\u00e1s metido en los rincones turbios del crimen en Gotham.<\/p>\n<p>        <img decoding=\"async\" alt=\"Aunque ya hay varios confirmados, The Batman 2 promete sumar m\u00e1s sorpresas en su elenco.\" class=\"Image lazyload\"  src=\"https:\/\/www.europesays.com\/es\/wp-content\/uploads\/2025\/12\/1765093946_198_\" loading=\"lazy\" width=\"928\" height=\"522\"\/>Fuente: Trailer Oficial de The Batman (2022)Aunque ya hay varios confirmados, The Batman 2 promete sumar m\u00e1s sorpresas en su elenco.<\/p>\n<p>Por ahora, esos son los nombres que est\u00e1n realmente asegurados para The Batman II. <b>El resto del elenco se mantiene en secreto,<\/b> lo que alimenta las teor\u00edas y las ganas de saber qui\u00e9n m\u00e1s se sumar\u00e1. Mientras tanto, la producci\u00f3n sigue jugando al misterio, dejando a los fans atentos a cualquier novedad.<\/p>\n","protected":false},"excerpt":{"rendered":"Scarlett Johansson se gan\u00f3 un lugar fuerte en Hollywood por su facilidad para moverse entre g\u00e9neros, algo que&hellip;\n","protected":false},"author":2,"featured_media":275513,"comment_status":"","ping_status":"","sticky":false,"template":"","format":"standard","meta":{"footnotes":""},"categories":[169],"tags":[177,837,146,147,25,24,176,2631,175,9109,23,67210],"class_list":{"0":"post-275512","1":"post","2":"type-post","3":"status-publish","4":"format-standard","5":"has-post-thumbnail","7":"category-cine","8":"tag-cine","9":"tag-dc","10":"tag-entertainment","11":"tag-entretenimiento","12":"tag-es","13":"tag-espana","14":"tag-film","15":"tag-marvel","16":"tag-movies","17":"tag-scarlett-johansson","18":"tag-spain","19":"tag-the-batman"},"share_on_mastodon":{"url":"https:\/\/pubeurope.com\/@es\/115677203932283111","error":""},"_links":{"self":[{"href":"https:\/\/www.europesays.com\/es\/wp-json\/wp\/v2\/posts\/275512","targetHints":{"allow":["GET"]}}],"collection":[{"href":"https:\/\/www.europesays.com\/es\/wp-json\/wp\/v2\/posts"}],"about":[{"href":"https:\/\/www.europesays.com\/es\/wp-json\/wp\/v2\/types\/post"}],"author":[{"embeddable":true,"href":"https:\/\/www.europesays.com\/es\/wp-json\/wp\/v2\/users\/2"}],"replies":[{"embeddable":true,"href":"https:\/\/www.europesays.com\/es\/wp-json\/wp\/v2\/comments?post=275512"}],"version-history":[{"count":0,"href":"https:\/\/www.europesays.com\/es\/wp-json\/wp\/v2\/posts\/275512\/revisions"}],"wp:featuredmedia":[{"embeddable":true,"href":"https:\/\/www.europesays.com\/es\/wp-json\/wp\/v2\/media\/275513"}],"wp:attachment":[{"href":"https:\/\/www.europesays.com\/es\/wp-json\/wp\/v2\/media?parent=275512"}],"wp:term":[{"taxonomy":"category","embeddable":true,"href":"https:\/\/www.europesays.com\/es\/wp-json\/wp\/v2\/categories?post=275512"},{"taxonomy":"post_tag","embeddable":true,"href":"https:\/\/www.europesays.com\/es\/wp-json\/wp\/v2\/tags?post=275512"}],"curies":[{"name":"wp","href":"https:\/\/api.w.org\/{rel}","templated":true}]}}