{"id":275516,"date":"2025-12-07T07:54:11","date_gmt":"2025-12-07T07:54:11","guid":{"rendered":"https:\/\/www.europesays.com\/es\/275516\/"},"modified":"2025-12-07T07:54:11","modified_gmt":"2025-12-07T07:54:11","slug":"esta-es-la-enfermedad-que-puedes-combatir-comiendo-frutas","status":"publish","type":"post","link":"https:\/\/www.europesays.com\/es\/275516\/","title":{"rendered":"Esta es la enfermedad que puedes combatir comiendo frutas"},"content":{"rendered":"<p>Cada vez hay m\u00e1s evidencias de que la alimentaci\u00f3n influye directamente en la salud del cerebro. Y lo que parec\u00eda sentido com\u00fan -priorizar alimentos saludables- comienza a confirmarse como un factor clave para <strong>reducir el riesgo de enfermedades neurodegenerativas<\/strong>.<\/p>\n<p>C\u00f3mo la alimentaci\u00f3n protege al cerebro<\/p>\n<p>Un estudio de la Universitat Rovira i Virgili (URV), junto al Instituto de Investigaci\u00f3n Sanitaria Pere Virgili (IISPV), en Tarragona, analiz\u00f3 la dieta de m\u00e1s de 200.000 adultos en el Reino Unido durante m\u00e1s de 13 a\u00f1os. Tal y como apunta EFE, los investigadores concluyeron que los carbohidratos de bajo \u00edndice gluc\u00e9mico, presentes en fruta y cereales integrales, se asocian con un <strong>16% menos de riesgo de desarrollar <a href=\"https:\/\/www.elindependiente.com\/etiquetas\/alzheimer\/\" rel=\"nofollow noopener\" target=\"_blank\">Alzheimer<\/a><\/strong>, mientras que los carbohidratos de alto \u00edndice gluc\u00e9mico elevan el riesgo en un 14\u202f%. \u00abLa <a href=\"https:\/\/www.elindependiente.com\/vida-sana\/2024\/08\/31\/que-comer-antes-entrenar-por-que\/\" target=\"_blank\" rel=\"noreferrer noopener nofollow\">calidad de los carbohidratos<\/a> ingeridos influyen de forma significativa en la salud metab\u00f3lica y en el riesgo de enfermedades relacionadas\u201d, ha se\u00f1alado M\u00f2nica Bull\u00f3, responsable del estudio.<\/p>\n<p>Qu\u00e9 beneficios tiene consumir frutas y cereales integrales<\/p>\n<p><strong><a href=\"https:\/\/www.elindependiente.com\/vida-sana\/2025\/10\/26\/kiwi-fruta-temporada-dormir\/\" rel=\"nofollow noopener\" target=\"_blank\">Consumir frutas<\/a> y cereales integrales<\/strong> no solo aporta energ\u00eda y nutrientes esenciales, sino que protege directamente la salud del cerebro a trav\u00e9s de varios mecanismos:<\/p>\n<ul class=\"wp-block-list\">\n<li><strong>Control del az\u00facar en sangre y salud metab\u00f3lica<\/strong>: los carbohidratos de bajo \u00edndice gluc\u00e9mico liberan la glucosa de forma m\u00e1s lenta y sostenida. Evitan as\u00ed picos de insulina y fluctuaciones que pueden da\u00f1ar las neuronas a largo plazo.<\/li>\n<li><strong>Fibra diet\u00e9tica y digesti\u00f3n<\/strong>: las <a href=\"https:\/\/www.elindependiente.com\/vida-sana\/2024\/02\/26\/fruta-bajar-el-colesterol-y-esta-de-moda\/\" rel=\"nofollow noopener\" target=\"_blank\">frutas<\/a> y los cereales integrales son ricos en fibra, lo que regula el tr\u00e1nsito intestinal. Adem\u00e1s, favorece una microbiota equilibrada y ayuda a mantener un peso saludable, factores que influyen indirectamente en la salud cerebral.<\/li>\n<li><strong>Protecci\u00f3n cardiovascular<\/strong>: estos alimentos contribuyen a reducir el colesterol y la presi\u00f3n arterial, protegiendo el sistema circulatorio. Mantener un buen flujo sangu\u00edneo al cerebro es fundamental para prevenir el deterioro cognitivo.<\/li>\n<li><strong>Vitaminas, minerales y compuestos bioactivos<\/strong>: las frutas aporta antioxidantes como <a href=\"https:\/\/www.elindependiente.com\/vida-sana\/salud\/2024\/12\/07\/guayaba-fruta-rica-vitamina-c-regula-azucar-sangre\/\" rel=\"nofollow noopener\" target=\"_blank\"><strong>vitamina C<\/strong><\/a> y polifenoles, mientras que los cereales integrales contienen vitaminas del grupo B y minerales como magnesio y zinc. Estos nutrientes combaten el estr\u00e9s oxidativo y la inflamaci\u00f3n, dos procesos que favorecen el envejecimiento cerebral y la aparici\u00f3n de Alzheimer.<\/li>\n<\/ul>\n<p>En conjunto, estos beneficios hacen que <strong>la ingesta regular de <a href=\"https:\/\/www.elindependiente.com\/vida-sana\/2025\/12\/05\/frutas-sueno\/\" rel=\"nofollow noopener\" target=\"_blank\">frutas<\/a> y cereales integrales <\/strong>sea una estrategia real para prevenir o retrasar el deterioro cognitivo a medida que envejecemos.<\/p>\n<p>Prevenci\u00f3n contra el Alzheimer<\/p>\n<p><strong>El <a href=\"https:\/\/www.elindependiente.com\/etiquetas\/alzheimer\/\" rel=\"nofollow noopener\" target=\"_blank\">Alzheimer<\/a> es la forma m\u00e1s com\u00fan de demencia<\/strong> y se caracteriza por la p\u00e9rdida progresiva de memoria, dificultades para realizar tareas cotidianas y cambios de humor. Aunque la edad es el principal factor de riesgo, adoptar <strong>h\u00e1bitos de vida saludables<\/strong> -como una dieta rica en fruta y cereales integrales, actividad f\u00edsica regular y estimulaci\u00f3n cognitiva- puede reducir la probabilidad de desarrollarlo o retrasar su aparici\u00f3n.<\/p>\n<p>No existe una cura definitiva para el Alzheimer, pero priorizar fruta y cereales integrales en la alimentaci\u00f3n diaria es una <strong>estrategia sencilla y eficaz<\/strong> para cuidar el cerebro a largo plazo. Comer bien deja de ser solo una cuesti\u00f3n de nutrici\u00f3n: es una inversi\u00f3n directa en memoria, bienestar y calidad de vida futura.<\/p>\n<p>            <a class=\"articulo-relacionado__media\" href=\"https:\/\/www.elindependiente.com\/vida-sana\/2025\/11\/22\/consecuencias-consumir-chia-adelgazar\/\" title=\"Estas son las consecuencias de consumir ch\u00eda para adelgazar\" rel=\"nofollow noopener\" target=\"_blank\"><\/p>\n<p>                <img loading=\"lazy\" decoding=\"async\" src=\"data:image\/svg+xml,%3Csvg%20xmlns=\" http:=\"\" width=\"390\" height=\"220\" alt=\"Estas son las consecuencias de consumir ch\u00eda para adelgazar\" data-lazy-src=\"https:\/\/www.europesays.com\/es\/wp-content\/uploads\/2025\/12\/semillas-de-chia-nutritivas-en-una-cuchara-de-cerca-390x220.jpg\"\/><\/p>\n<p>\t\t\t            <\/a><\/p>\n<p>PUBLICIDAD<\/p>\n","protected":false},"excerpt":{"rendered":"Cada vez hay m\u00e1s evidencias de que la alimentaci\u00f3n influye directamente en la salud del cerebro. Y lo&hellip;\n","protected":false},"author":2,"featured_media":275517,"comment_status":"","ping_status":"","sticky":false,"template":"","format":"standard","meta":{"footnotes":""},"categories":[92],"tags":[3214,25,24,165,166,975,23,24554],"class_list":{"0":"post-275516","1":"post","2":"type-post","3":"status-publish","4":"format-standard","5":"has-post-thumbnail","7":"category-salud","8":"tag-alimentacion","9":"tag-es","10":"tag-espana","11":"tag-health","12":"tag-salud","13":"tag-seo","14":"tag-spain","15":"tag-vida-sana"},"share_on_mastodon":{"url":"https:\/\/pubeurope.com\/@es\/115677211178112909","error":""},"_links":{"self":[{"href":"https:\/\/www.europesays.com\/es\/wp-json\/wp\/v2\/posts\/275516","targetHints":{"allow":["GET"]}}],"collection":[{"href":"https:\/\/www.europesays.com\/es\/wp-json\/wp\/v2\/posts"}],"about":[{"href":"https:\/\/www.europesays.com\/es\/wp-json\/wp\/v2\/types\/post"}],"author":[{"embeddable":true,"href":"https:\/\/www.europesays.com\/es\/wp-json\/wp\/v2\/users\/2"}],"replies":[{"embeddable":true,"href":"https:\/\/www.europesays.com\/es\/wp-json\/wp\/v2\/comments?post=275516"}],"version-history":[{"count":0,"href":"https:\/\/www.europesays.com\/es\/wp-json\/wp\/v2\/posts\/275516\/revisions"}],"wp:featuredmedia":[{"embeddable":true,"href":"https:\/\/www.europesays.com\/es\/wp-json\/wp\/v2\/media\/275517"}],"wp:attachment":[{"href":"https:\/\/www.europesays.com\/es\/wp-json\/wp\/v2\/media?parent=275516"}],"wp:term":[{"taxonomy":"category","embeddable":true,"href":"https:\/\/www.europesays.com\/es\/wp-json\/wp\/v2\/categories?post=275516"},{"taxonomy":"post_tag","embeddable":true,"href":"https:\/\/www.europesays.com\/es\/wp-json\/wp\/v2\/tags?post=275516"}],"curies":[{"name":"wp","href":"https:\/\/api.w.org\/{rel}","templated":true}]}}