{"id":275524,"date":"2025-12-07T07:58:07","date_gmt":"2025-12-07T07:58:07","guid":{"rendered":"https:\/\/www.europesays.com\/es\/275524\/"},"modified":"2025-12-07T07:58:07","modified_gmt":"2025-12-07T07:58:07","slug":"kallas-hace-oidos-sordos-a-las-criticas-de-la-administracion-trump-a-la-union-europea","status":"publish","type":"post","link":"https:\/\/www.europesays.com\/es\/275524\/","title":{"rendered":"Kallas hace o\u00eddos sordos a las cr\u00edticas de la Administraci\u00f3n Trump a la Uni\u00f3n Europea"},"content":{"rendered":"<p>\n  Por&amp;nbsp<b>Euronews<\/b>\n<\/p>\n<p>\n         Publicado<br \/>\n            07\/12\/2025 &#8211; 8:40 CET\n            <\/p>\n<p>La responsable de la pol\u00edtica exterior de la UE, <strong>Kaja Kallas<\/strong>, ha afirmado que Estados Unidos sigue siendo <strong>el principal aliado de Europa<\/strong>, a pesar de sus recientes cr\u00edticas a la trayectoria actual del bloque.<\/p>\n<p>En una entrevista con &#8216;Euronews&#8217; en <a href=\"https:\/\/es.euronews.com\/2025\/12\/06\/foro-doha-2025-retos-mundiales-albares\" rel=\"nofollow noopener\" target=\"_blank\">la primera jornada del Foro de Doha 2025<\/a>, que se celebra estos d\u00edas en la capital qatar\u00ed, Kallas anim\u00f3 al mundo a poner el foco en la unidad e insisti\u00f3 en que E<strong>uropa y Am\u00e9rica deben \u00abpermanecer unidos\u00bb<\/strong>. \u00abCentr\u00e9monos en las cosas que podemos hacer juntos. Lo que podemos extraer de esa estrategia de seguridad es que seguimos siendo aliados de EE.UU. No siempre vamos a estar de acuerdo en todo\u00bb, opin\u00f3.<\/p>\n<p>\u00abCentr\u00e9monos en los retos globales que tenemos realmente, que son, ya saben, las <strong>pr\u00e1cticas econ\u00f3micas coercitivas de China<\/strong>, a las que ambos nos enfrentamos, o la amenaza que proviene de <strong>actores malignos como Rusia, como China, como Ir\u00e1n<\/strong>\u00ab, a\u00f1adi\u00f3 la alta representante europea.<\/p>\n<p>El viernes, Estados Unidos public\u00f3 su nueva Estrategia de Seguridad Nacional, en la que <a href=\"https:\/\/es.euronews.com\/my-europe\/2025\/12\/05\/la-administracion-trump-advierte-a-europa-del-declive-civilizador-en-su-nueva-estrategia-d\" rel=\"nofollow noopener\" target=\"_blank\">describe a Europa como un continente en \u00abdeclive\u00bb<\/a>, advierte de que las naciones europeas <strong>se enfrentan a un \u00abborrado civilizatorio\u00bb debido a la migraci\u00f3n<\/strong> y propone \u00abcultivar la resistencia\u00bb a la trayectoria actual de Europa.<\/p>\n<p>Una semana de tensiones<\/p>\n<p>La Estrategia de Seguridad Nacional se sum\u00f3 a una semana de tensiones entre Washington y Bruselas. El viernes, la Comisi\u00f3n Europea <a href=\"https:\/\/es.euronews.com\/my-europe\/2025\/12\/05\/ue-multa-x-120-millones-marca-azul-falta-transparencia\" rel=\"nofollow noopener\" target=\"_blank\">mult\u00f3 a la plataforma de redes sociales X<\/a> de <strong>Elon Musk<\/strong>, antes conocida como Twitter, con <strong>120 millones de euros por violar las normas de transparencia<\/strong> de la legislaci\u00f3n de la UE.<\/p>\n<p>Musk respondi\u00f3 <strong>diciendo que la UE deber\u00eda ser desmantelada<\/strong> y \u201cregresar a ser pa\u00edses individuales\u201d, mientras que el secretario de Estado de Estados Unidos, <strong>Marco Rubio<\/strong>, calific\u00f3 la multa como una abominaci\u00f3n.<\/p>\n<p>Adem\u00e1s, la celebraci\u00f3n del Foro de Doha, cuyo lema de este a\u00f1o, &#8216;Justicia en acci\u00f3n: M\u00e1s all\u00e1 de las promesas para el progreso&#8217;, coincide con las conversaciones que <strong>funcionarios estadounidenses y ucranianos<\/strong> mantienen estos d\u00edas en Florida para poner fin a la guerra con Rusia. Por su parte, los europeos intentan volver a la mesa de negociaciones <a href=\"https:\/\/es.euronews.com\/my-europe\/2025\/11\/22\/los-lideres-europeos-rechazan-el-plan-de-paz-de-eeuu-y-dicen-que-es-solo-un-borrador\" rel=\"nofollow noopener\" target=\"_blank\">tras haber sido inicialmente marginados<\/a> en las conversaciones directas entre Washington y Mosc\u00fa.<\/p>\n<p>El lunes, el canciller alem\u00e1n, <strong>Friedrich Merz<\/strong>, el primer ministro brit\u00e1nico, <strong>Keir Starmer<\/strong>, el presidente franc\u00e9s, <strong>Emmanuel Macron<\/strong>, y su hom\u00f3logo ucraniano, <strong>Volod\u00edmir Zelenski<\/strong>, se reunir\u00e1n en Londres para retomar las conversaciones.<\/p>\n","protected":false},"excerpt":{"rendered":"Por&amp;nbspEuronews Publicado 07\/12\/2025 &#8211; 8:40 CET La responsable de la pol\u00edtica exterior de la UE, Kaja Kallas, ha&hellip;\n","protected":false},"author":2,"featured_media":275525,"comment_status":"","ping_status":"","sticky":false,"template":"","format":"standard","meta":{"footnotes":""},"categories":[42],"tags":[17,18,352,11405,629,13,14,11,61,62,63,64,29999,19,20,9,10,15,16,20989,12,21,22,1617,65,66,67],"class_list":{"0":"post-275524","1":"post","2":"type-post","3":"status-publish","4":"format-standard","5":"has-post-thumbnail","7":"category-internacional","8":"tag-breaking-news","9":"tag-breakingnews","10":"tag-donald-trump","11":"tag-elon-musk","12":"tag-estados-unidos","13":"tag-featured-news","14":"tag-featurednews","15":"tag-headlines","16":"tag-internacional","17":"tag-international","18":"tag-international-news","19":"tag-internationalnews","20":"tag-kaja-kallas","21":"tag-latest-news","22":"tag-latestnews","23":"tag-news","24":"tag-noticias","25":"tag-noticias-destacadas","26":"tag-noticiasdestacadas","27":"tag-qatar","28":"tag-titulares","29":"tag-ultimas-noticias","30":"tag-ultimasnoticias","31":"tag-union-europea","32":"tag-world","33":"tag-world-news","34":"tag-worldnews"},"share_on_mastodon":{"url":"https:\/\/pubeurope.com\/@es\/115677226851021799","error":""},"_links":{"self":[{"href":"https:\/\/www.europesays.com\/es\/wp-json\/wp\/v2\/posts\/275524","targetHints":{"allow":["GET"]}}],"collection":[{"href":"https:\/\/www.europesays.com\/es\/wp-json\/wp\/v2\/posts"}],"about":[{"href":"https:\/\/www.europesays.com\/es\/wp-json\/wp\/v2\/types\/post"}],"author":[{"embeddable":true,"href":"https:\/\/www.europesays.com\/es\/wp-json\/wp\/v2\/users\/2"}],"replies":[{"embeddable":true,"href":"https:\/\/www.europesays.com\/es\/wp-json\/wp\/v2\/comments?post=275524"}],"version-history":[{"count":0,"href":"https:\/\/www.europesays.com\/es\/wp-json\/wp\/v2\/posts\/275524\/revisions"}],"wp:featuredmedia":[{"embeddable":true,"href":"https:\/\/www.europesays.com\/es\/wp-json\/wp\/v2\/media\/275525"}],"wp:attachment":[{"href":"https:\/\/www.europesays.com\/es\/wp-json\/wp\/v2\/media?parent=275524"}],"wp:term":[{"taxonomy":"category","embeddable":true,"href":"https:\/\/www.europesays.com\/es\/wp-json\/wp\/v2\/categories?post=275524"},{"taxonomy":"post_tag","embeddable":true,"href":"https:\/\/www.europesays.com\/es\/wp-json\/wp\/v2\/tags?post=275524"}],"curies":[{"name":"wp","href":"https:\/\/api.w.org\/{rel}","templated":true}]}}