{"id":275540,"date":"2025-12-07T08:12:13","date_gmt":"2025-12-07T08:12:13","guid":{"rendered":"https:\/\/www.europesays.com\/es\/275540\/"},"modified":"2025-12-07T08:12:13","modified_gmt":"2025-12-07T08:12:13","slug":"arte-ibiza-una-ventana-a-la-arquitectura-de-ibiza-en-un-museo-de-atenas","status":"publish","type":"post","link":"https:\/\/www.europesays.com\/es\/275540\/","title":{"rendered":"ARTE IBIZA | Una ventana a la arquitectura de Ibiza en un museo de Atenas"},"content":{"rendered":"<p class=\"ft-text ft-helper-closenews\">La <a class=\"ft-link ft-link--decoration\" href=\"https:\/\/www.diariodeibiza.es\/dominical\/2025\/09\/28\/memoria-isla-penya-arquetipo-arquitectura-121957520.html\" target=\"_blank\" rel=\"nofollow noopener\">arquitectura tradicional ibicenca<\/a> tendr\u00e1 un espacio propio en un museo de Atenas gracias a la obra del artista ibicenco <a class=\"ft-link ft-link--decoration\" href=\"https:\/\/www.diariodeibiza.es\/ibiza\/2025\/05\/15\/miguel-angel-garcia-lopez-dedica-117402736.html\" target=\"_blank\" rel=\"nofollow noopener\"><strong>Miguel \u00c1ngel Garc\u00eda L\u00f3pez<\/strong><\/a><a class=\"ft-link ft-link--decoration\" href=\"https:\/\/www.diariodeibiza.es\/ibiza\/2025\/05\/15\/miguel-angel-garcia-lopez-dedica-117402736.html\" target=\"_blank\" rel=\"nofollow noopener\">, <\/a>seleccionado para formar parte de la colecci\u00f3n del <strong>Cofelouzos Family Art Museum<\/strong>, perteneciente a una conocida familia de mecenas griegos.<\/p>\n<p class=\"ft-text\">Garc\u00eda L\u00f3pez participa en el nuevo proyecto del centro dedicado a artistas espa\u00f1oles, para el que el museo ha escogido creadores de distintos puntos del pa\u00eds y les ha solicitado una obra original que pasar\u00e1 a formar parte de sus fondos y de un libro recopilatorio. La publicaci\u00f3n llevar\u00e1 por t\u00edtulo \u201835&#215;35 Spain Art Project\u2019 y reunir\u00e1 todas las piezas en formato 35&#215;35 cent\u00edmetros.<\/p>\n<p class=\"ft-text\">\u00abEl museo te ficha, te proporciona un lienzo con las medidas y te da absoluta libertad para que crees lo que quieras. Yo decid\u00ed representar la arquitectura tradicional ibicenca, con un cuadro de una casa payesa de <a class=\"ft-link ft-link--decoration\" href=\"https:\/\/www.diariodeibiza.es\/tags\/sant-josep\/\" rel=\"nofollow noopener\" target=\"_blank\">Sant Josep<\/a>, trabajado con diferentes texturas, collage y \u00f3leo\u00bb, explica el artista.<\/p>\n<p><img decoding=\"async\" src=\"https:\/\/www.europesays.com\/es\/wp-content\/uploads\/2025\/12\/fac17f7a-a1e4-44e1-9e1e-da8a7eaad872_alta-libre-aspect-ratio_default_0.jpg\" width=\"1200\" height=\"854\" alt=\"Una ventana a la arquitectura ibicenca en un museo de Atenas\" class=\"ft-helper-img-rd\" loading=\"lazy\"\/><\/p>\n<p class=\"ft-helper-fontColor-quaternary ft-helper-fontSize-body-S ft-helper-spacer-t-xxs\">Detalle de la obra enviada por Miguel \u00c1ngel Garc\u00eda L\u00f3pez al Museo Cofelouzos  \/ MAGL<\/p>\n<p class=\"ft-text\">Para Garc\u00eda L\u00f3pez, la invitaci\u00f3n del museo supone un doble motivo de satisfacci\u00f3n: \u00abPara m\u00ed es un orgullo que este museo se haya fijado en m\u00ed y que mi obra vaya a ser contemplada por gente de todo el mundo. Y tambi\u00e9n que un museo de Atenas vaya a tener algo tan representativo de nuestra cultura como es la arquitectura, que adem\u00e1s tiene mucho que ver tambi\u00e9n con la griega como una herencia mediterr\u00e1nea\u00bb.<\/p>\n<p class=\"ft-text\">\u00abHabr\u00e1 una ventana a <a class=\"ft-link ft-link--decoration\" href=\"https:\/\/www.diariodeibiza.es\/tags\/ibiza\/\" rel=\"nofollow noopener\" target=\"_blank\">Ibiza<\/a> en Atenas, con una obra de un artista de Ibiza\u00bb, resume el creador, que recibi\u00f3 el encargo hace tres meses y ya ha remitido su pieza al Cofelouzos Family Art Museum para que se integre en este proyecto.<\/p>\n<p data-close=\"closedContent\" class=\"subscribeHideForDisplay\">Suscr\u00edbete para seguir leyendo<\/p>\n","protected":false},"excerpt":{"rendered":"La arquitectura tradicional ibicenca tendr\u00e1 un espacio propio en un museo de Atenas gracias a la obra del&hellip;\n","protected":false},"author":2,"featured_media":275541,"comment_status":"","ping_status":"","sticky":false,"template":"","format":"standard","meta":{"footnotes":""},"categories":[173],"tags":[801,15073,229,233,231,230,4949,232,234,146,147,25,24,2003,367,48961,470,503,67213,23,3108],"class_list":{"0":"post-275540","1":"post","2":"type-post","3":"status-publish","4":"format-standard","5":"has-post-thumbnail","7":"category-arte-y-diseno","8":"tag-arquitectura","9":"tag-art","10":"tag-arte","11":"tag-arte-y-diseno","12":"tag-arts","13":"tag-arts-and-design","14":"tag-atenas","15":"tag-design","16":"tag-diseno","17":"tag-entertainment","18":"tag-entretenimiento","19":"tag-es","20":"tag-espana","21":"tag-exposicion","22":"tag-familia","23":"tag-ibicenca","24":"tag-museo","25":"tag-pintura","26":"tag-sant-josep","27":"tag-spain","28":"tag-ventana"},"share_on_mastodon":{"url":"https:\/\/pubeurope.com\/@es\/115677281892854046","error":""},"_links":{"self":[{"href":"https:\/\/www.europesays.com\/es\/wp-json\/wp\/v2\/posts\/275540","targetHints":{"allow":["GET"]}}],"collection":[{"href":"https:\/\/www.europesays.com\/es\/wp-json\/wp\/v2\/posts"}],"about":[{"href":"https:\/\/www.europesays.com\/es\/wp-json\/wp\/v2\/types\/post"}],"author":[{"embeddable":true,"href":"https:\/\/www.europesays.com\/es\/wp-json\/wp\/v2\/users\/2"}],"replies":[{"embeddable":true,"href":"https:\/\/www.europesays.com\/es\/wp-json\/wp\/v2\/comments?post=275540"}],"version-history":[{"count":0,"href":"https:\/\/www.europesays.com\/es\/wp-json\/wp\/v2\/posts\/275540\/revisions"}],"wp:featuredmedia":[{"embeddable":true,"href":"https:\/\/www.europesays.com\/es\/wp-json\/wp\/v2\/media\/275541"}],"wp:attachment":[{"href":"https:\/\/www.europesays.com\/es\/wp-json\/wp\/v2\/media?parent=275540"}],"wp:term":[{"taxonomy":"category","embeddable":true,"href":"https:\/\/www.europesays.com\/es\/wp-json\/wp\/v2\/categories?post=275540"},{"taxonomy":"post_tag","embeddable":true,"href":"https:\/\/www.europesays.com\/es\/wp-json\/wp\/v2\/tags?post=275540"}],"curies":[{"name":"wp","href":"https:\/\/api.w.org\/{rel}","templated":true}]}}