{"id":275542,"date":"2025-12-07T08:14:13","date_gmt":"2025-12-07T08:14:13","guid":{"rendered":"https:\/\/www.europesays.com\/es\/275542\/"},"modified":"2025-12-07T08:14:13","modified_gmt":"2025-12-07T08:14:13","slug":"espana-a-su-paso-por-eurovision","status":"publish","type":"post","link":"https:\/\/www.europesays.com\/es\/275542\/","title":{"rendered":"Espa\u00f1a a su paso por Eurovisi\u00f3n"},"content":{"rendered":"<p data-gtm-element-container=\"modulo-texto-link\" class=\"paragraph\">Con la decisi\u00f3n de RTVE de no acudir al pr\u00f3ximo Festival de Eurovisi\u00f3n en respuesta a la participaci\u00f3n de Israel, ratificada esta semana en asamblea por el grueso de miembros de la Uni\u00f3n Europea de Radiodifusi\u00f3n (UER), Espa\u00f1a se despide de un concurso de canciones al que se apunt\u00f3 en 1961 y al que no falt\u00f3 nunca desde esa primera vez. En estos 64 a\u00f1os, el certamen \u2013que en el 2020 se cancel\u00f3 por el coronavirus\u2013 ha proporcionado al pa\u00eds m\u00e1s disgustos que alegr\u00edas.<\/p>\n<p data-gtm-element-container=\"modulo-texto-link\" class=\"paragraph\">Las dos \u00fanicas victorias quedan ya muy lejanas: Massiel en 1968 con La la la , y Salom\u00e9 en 1969 con Vivo cantando en un inusual cu\u00e1druple empate. Franco salt\u00f3 de gozo por el oro de Massiel. La dictadura franquista llevaba tiempo intentando ganar Eurovisi\u00f3n para auparse de alguna manera en Europa y no escatim\u00f3 en gastos cuando le correspondi\u00f3 albergar el festival del a\u00f1o siguiente en Madrid. En busca de modernidad, el cartel oficial de 1969 fue encargado a Salvador Dal\u00ed.<\/p>\n<p>                <img loading=\"lazy\" decoding=\"async\" data-full-src=\"https:\/\/www.lavanguardia.com\/uploads\/2019\/05\/16\/5fa533e15e4e7.png\" alt=\"Horizontal\" width=\"449\" height=\"253\" src=\"https:\/\/www.europesays.com\/es\/wp-content\/uploads\/2025\/12\/5fa533e15e4e7.png\" class=\"lazy\"\/><\/p>\n<p class=\"caption-title \">Salom\u00e9 gan\u00f3 el festival de 1969 en Madrid con &#8216;Vivo cantando&#8217; en un cu\u00e1druple empate\u00a0<\/p>\n<p>                    Terceros<\/p>\n<p data-gtm-element-container=\"modulo-texto-link\" class=\"paragraph\">Pero la dictadura exist\u00eda. Como protesta, Austria decidi\u00f3 no participar al festival de 1969 en Madrid. Casualidades: Austria es la anfitriona del pr\u00f3ximo festival \u2013que se celebrar\u00e1 en Viena en mayo del 2026-, en el que<a href=\"https:\/\/www.lavanguardia.com\/local\/barcelona\/20251206\/11337712\/fractura-geopolitica-eurovision-admite.html\" rel=\"nofollow noopener\" target=\"_blank\"> Espa\u00f1a ha decidido no participar en protesta por la presencia de Israel<\/a>. (Hasta ahora, los otros tres pa\u00edses disidentes ante la permanencia israel\u00ed en el concurso pese a la violencia en Gaza y al plausible recurso a campa\u00f1as organizadas en el televoto son: Pa\u00edses Bajos, Irlanda y Eslovenia.)<\/p>\n<p data-gtm-element-container=\"modulo-texto-link\" class=\"paragraph\">Tres de las <a href=\"https:\/\/www.lavanguardia.com\/television\/programacion-tv\/cuatro\" target=\"_blank\" rel=\"noopener noreferrer nofollow\">cuatro<\/a> platas (Karina en 1971 con En un mundo nuevo , Mocedades en 1973 con Eres t\u00fa , y Betty Missiego en 1979 con Su canci\u00f3n ) se lograron en los primeros tiempos del festival, cuando el muro de Berl\u00edn a\u00fan estaba en pie y solo compet\u00edan pa\u00edses de la Europa occidental y alg\u00fan pa\u00eds ribere\u00f1o del Mediterr\u00e1neo, como Israel, cuya radiotelevisi\u00f3n p\u00fablica es miembro de la UER.<\/p>\n<p>                <img loading=\"lazy\" decoding=\"async\" data-full-src=\"https:\/\/www.lavanguardia.com\/uploads\/2023\/01\/18\/63c7bf61b1b1e.jpeg\" alt=\"Horizontal\" width=\"449\" height=\"299\" src=\"https:\/\/www.europesays.com\/es\/wp-content\/uploads\/2025\/12\/63c7bf61b1b1e.jpeg\" class=\"lazy\"\/><\/p>\n<p class=\"caption-title \">Chanel, representante espa\u00f1ola en Eurovisi\u00f3n 2022 en Tur\u00edn, qued\u00f3 tercera con &#8216;SloMo&#8217;\u00a0<\/p>\n<p>                    RTVE \/ EP<\/p>\n<p data-gtm-element-container=\"modulo-texto-link\" class=\"paragraph\">Eres t\u00fa de Mocedades fue un \u00e9xito mundial enorme; logr\u00f3 entrar en el top ten de Estados Unidos, donde vendi\u00f3 un mill\u00f3n de copias, un hito para un canci\u00f3n en espa\u00f1ol. M\u00e1s casualidades: el segundo puesto de Missiego se produjo en Jerusal\u00e9n cuando lideraba la tabla y el jurado espa\u00f1ol, el \u00faltimo en votar, dio diez puntos a los israel\u00edes  Gali Atari &amp; Milk and Honey, que se proclamaron vencedores con Hallelujah.<\/p>\n<p data-gtm-element-container=\"modulo-texto-link\" class=\"paragraph\">La cuarta plata de Espa\u00f1a fue la de Anabel Conde con Vuelve conmigo en 1995, cuando el tel\u00f3n de acero ya hab\u00eda ca\u00eddo, el continente era otro y el festival tambi\u00e9n. En esa cita en Dubl\u00edn participaban con normalidad pa\u00edses del antiguo bloque sovi\u00e9tico del este, como Polonia o la mism\u00edsima Rusia, ahora vetada desde el 2022 por su agresi\u00f3n a Ucrania.<\/p>\n<p>                <img loading=\"lazy\" decoding=\"async\" data-full-src=\"https:\/\/www.lavanguardia.com\/uploads\/2015\/01\/24\/5fa271e88452d.jpeg\" alt=\"La representante de Espa\u00f1a, Karina, interpreta la canci\u00f3n \" en=\"\" un=\"\" mundo=\"\" nuevo=\"\" con=\"\" la=\"\" que=\"\" obtuvo=\"\" el=\"\" segundo=\"\" premio=\"\" del=\"\" festival=\"\" de=\"\" canci=\"\" eurovisi=\"\" al=\"\" conseguir=\"\" votos.=\"\" width=\"449\" height=\"253\" src=\"https:\/\/www.europesays.com\/es\/wp-content\/uploads\/2025\/12\/5fa271e88452d.jpeg\" class=\"lazy\"\/><\/p>\n<p class=\"caption-title \">Karina, interpretando la canci\u00f3n &#8216;En un mundo nuevo&#8217; en el festival de 1971 en Dubl\u00edn, en que qued\u00f3 segunda\u00a0<\/p>\n<p>                    Propias<\/p>\n<p data-gtm-element-container=\"modulo-texto-link\" class=\"paragraph\">Ya en el siglo XXI, tras decenios de llanto, \u00fanicamente <a href=\"https:\/\/www.lavanguardia.com\/television\/20220516\/8269087\/chanel-eurovision-espana-posicion-actuacion.html\" rel=\"nofollow noopener\" target=\"_blank\">el tercer puesto alcanzado por Chanel con SloMo en el 2022<\/a> hizo so\u00f1ar de nuevo a Espa\u00f1a, que desempolv\u00f3 para el recuerdo el otro bronce espa\u00f1ol, cosechado en 1984 por el grupo Bravo con Lady, lady .<\/p>\n<p data-gtm-element-container=\"modulo-texto-link\" class=\"paragraph\">Los disgustos son m\u00e1s numerosos, aunque no especialmente peores a los sufridos por otros pa\u00edses europeos. El \u00fanico r\u00e9cord espa\u00f1ol es ser el pa\u00eds que en el 2025 llevaba m\u00e1s a\u00f1os sin ganar desde su \u00faltima victoria.<\/p>\n<p>                <img loading=\"lazy\" decoding=\"async\" data-full-src=\"https:\/\/www.lavanguardia.com\/uploads\/2025\/05\/05\/6818ca7a7f32d.png\" alt=\"Anabel Conde, representante de Espa\u00f1a en el Festival de Eurovisi\u00f3n de 1995.\" width=\"449\" height=\"252\" src=\"https:\/\/www.europesays.com\/es\/wp-content\/uploads\/2025\/12\/6818ca7a7f32d.png\" class=\"lazy\"\/><\/p>\n<p class=\"caption-title \">Anabel Conde, representante de Espa\u00f1a en Eurovisi\u00f3n 1995 en Dubl\u00edn, logr\u00f3 el segundo puesto con &#8216;Vuelve conmigo&#8217;.<\/p>\n<p>                    RTVE<\/p>\n<p data-gtm-element-container=\"modulo-texto-link\" class=\"paragraph\">En la estad\u00edstica de clasificaciones constan cinco \u00faltimos puestos: V\u00edctor Balaguer en 1962, Conchita Bautista en 1965, Remedios Amaya en 1983, Lydia en 1999, y Manel Navarro en el 2017. Este \u00faltimo caso se vio agrandado en la percepci\u00f3n general por el gallo que se le escap\u00f3 a Manel cuando entonaba su\u00a0Do it for your lover.<\/p>\n<p data-gtm-element-container=\"modulo-texto-link\" class=\"paragraph\">En tres humillantes ocasiones, el representante tuvo que pechar con zero points . Les ocurri\u00f3 a V\u00edctor Balaguer; a Conchita Bautista (quien ya hab\u00eda sido la representante en el debut de Espa\u00f1a en 1961, en que qued\u00f3 novena); y a Remedios Amaya, quien defendi\u00f3 descalza y con arrojo el tema de flamenco pop \u00bfQui\u00e9n maneja mi barca? <\/p>\n<p>                <img loading=\"lazy\" decoding=\"async\" data-full-src=\"https:\/\/www.lavanguardia.com\/uploads\/2018\/04\/12\/5fa43b2b9131d.jpeg\" alt=\"Horizontal\" width=\"449\" height=\"253\" src=\"https:\/\/www.europesays.com\/es\/wp-content\/uploads\/2025\/12\/5fa43b2b9131d.jpeg\" class=\"lazy\"\/><\/p>\n<p class=\"caption-title \">Betty Missiego, segunda en Eurovisi\u00f3n en 1979 con &#8216;Su canci\u00f3n&#8217;<\/p>\n<p>                    Otras Fuentes<\/p>\n<p data-gtm-element-container=\"modulo-texto-link\" class=\"paragraph\">Con todo, hubo tambi\u00e9n resultados felices: Julio Iglesias fue cuarto en 1970 con Gwendolyne como Sergio Dalma en 1991 con Bailar pegados ; las Az\u00facar Moreno conquistaron la quinta plaza en 1990 con Bandido ; y ha habido un plantel de sextos puestos: Raphael en 1967 (el a\u00f1o anterior hab\u00eda sido s\u00e9ptimo); Nina en 1989; Marcos Llunas en 1997; y David Civera en el 2001.<\/p>\n<p data-gtm-element-container=\"modulo-texto-link\" class=\"paragraph\">En los a\u00f1os dos mil, quedar del d\u00e9cimo puesto para arriba se convirti\u00f3 en un premio en s\u00ed mismo. Rosa fue s\u00e9ptima en el 2002 y Beth, octava en el 2003. Ram\u00f3n del Castillo (2004), Pastora Soler (2012) y Ruth Lorenzo (2014) alcanzaron el d\u00e9cimo lugar.<\/p>\n<p>                <img loading=\"lazy\" decoding=\"async\" data-full-src=\"https:\/\/www.lavanguardia.com\/uploads\/2025\/12\/06\/69347f9ba99a7.jpeg\" alt=\"El grupo Mocedades, representante de Espa\u00f1a en el Festival de Eurovisi\u00f3n de 1973 en Luxemburgo, donde quedaron en segundo lugar con la canci\u00f3n 'Eres t\u00fa'\" width=\"449\" height=\"253\" src=\"https:\/\/www.europesays.com\/es\/wp-content\/uploads\/2025\/12\/69347f9ba99a7.jpeg\" class=\"lazy\"\/><\/p>\n<p class=\"caption-title \">El grupo Mocedades, representante de Espa\u00f1a en el Festival de Eurovisi\u00f3n de 1973 en Luxemburgo, donde quedaron en segundo lugar con la canci\u00f3n &#8216;Eres t\u00fa&#8217;<\/p>\n<p>                    RTVE<\/p>\n<p data-gtm-element-container=\"modulo-texto-link\" class=\"paragraph\">Como los sistemas de puntuaci\u00f3n han ido variando, las puntuaciones no pueden compararse entre s\u00ed. El incremento\u00a0 del n\u00famero de pa\u00edses participantes oblig\u00f3 a introducir m\u00e9todos de criba: una semifinal desde el 2004, dos semifinales desde el 2008. Espa\u00f1a, uno de los llamados Big Five \u2013los cinco mayores contribuyentes financieros; los otros son Alemania, Francia, Italia y Reino Unido\u2013, se clasificaba directa para la final, una supuesta ventaja que no compensa.<\/p>\n<p>                <img loading=\"lazy\" decoding=\"async\" data-full-src=\"https:\/\/www.lavanguardia.com\/uploads\/2025\/12\/06\/6934806220570.jpeg\" alt=\"El grupo Bravo, representante de Espa\u00f1a en Eurovisi\u00f3n en 1984 con el tema 'Lady, lady'. Qued\u00f3 en tercer lugar\" width=\"449\" height=\"337\" src=\"https:\/\/www.europesays.com\/es\/wp-content\/uploads\/2025\/12\/6934806220570.jpeg\" class=\"lazy\"\/><\/p>\n<p class=\"caption-title \">El grupo Bravo, representante de Espa\u00f1a en Eurovisi\u00f3n en 1984 con el tema &#8216;Lady, lady&#8217;. Qued\u00f3 en tercer lugar\u00a0<\/p>\n<p>                    RTVE<\/p>\n","protected":false},"excerpt":{"rendered":"Con la decisi\u00f3n de RTVE de no acudir al pr\u00f3ximo Festival de Eurovisi\u00f3n en respuesta a la participaci\u00f3n&hellip;\n","protected":false},"author":2,"featured_media":275543,"comment_status":"","ping_status":"","sticky":false,"template":"","format":"standard","meta":{"footnotes":""},"categories":[171],"tags":[146,147,25,24,23,214],"class_list":{"0":"post-275542","1":"post","2":"type-post","3":"status-publish","4":"format-standard","5":"has-post-thumbnail","7":"category-tv","8":"tag-entertainment","9":"tag-entretenimiento","10":"tag-es","11":"tag-espana","12":"tag-spain","13":"tag-tv"},"share_on_mastodon":{"url":"https:\/\/pubeurope.com\/@es\/115677290655076080","error":""},"_links":{"self":[{"href":"https:\/\/www.europesays.com\/es\/wp-json\/wp\/v2\/posts\/275542","targetHints":{"allow":["GET"]}}],"collection":[{"href":"https:\/\/www.europesays.com\/es\/wp-json\/wp\/v2\/posts"}],"about":[{"href":"https:\/\/www.europesays.com\/es\/wp-json\/wp\/v2\/types\/post"}],"author":[{"embeddable":true,"href":"https:\/\/www.europesays.com\/es\/wp-json\/wp\/v2\/users\/2"}],"replies":[{"embeddable":true,"href":"https:\/\/www.europesays.com\/es\/wp-json\/wp\/v2\/comments?post=275542"}],"version-history":[{"count":0,"href":"https:\/\/www.europesays.com\/es\/wp-json\/wp\/v2\/posts\/275542\/revisions"}],"wp:featuredmedia":[{"embeddable":true,"href":"https:\/\/www.europesays.com\/es\/wp-json\/wp\/v2\/media\/275543"}],"wp:attachment":[{"href":"https:\/\/www.europesays.com\/es\/wp-json\/wp\/v2\/media?parent=275542"}],"wp:term":[{"taxonomy":"category","embeddable":true,"href":"https:\/\/www.europesays.com\/es\/wp-json\/wp\/v2\/categories?post=275542"},{"taxonomy":"post_tag","embeddable":true,"href":"https:\/\/www.europesays.com\/es\/wp-json\/wp\/v2\/tags?post=275542"}],"curies":[{"name":"wp","href":"https:\/\/api.w.org\/{rel}","templated":true}]}}