{"id":275570,"date":"2025-12-07T08:37:10","date_gmt":"2025-12-07T08:37:10","guid":{"rendered":"https:\/\/www.europesays.com\/es\/275570\/"},"modified":"2025-12-07T08:37:10","modified_gmt":"2025-12-07T08:37:10","slug":"los-mejores-momentos-del-casting-de-el-conquis-en-vitoria","status":"publish","type":"post","link":"https:\/\/www.europesays.com\/es\/275570\/","title":{"rendered":"los mejores momentos del casting de &#8216;El Conquis&#8217; en Vitoria"},"content":{"rendered":"<p>Un se\u00f1or lamentando la muerte de Chanquete como si estuvi\u00e9ramos en 1982. Ese es el arranque del v\u00eddeo del <strong>casting de El Conquistador<\/strong> en Vitoria-Gasteiz. Y, a partir de ah\u00ed, ya no hay marcha atr\u00e1s: empieza el desfile de candidatos dispuestos (literalmente) a todo para llamar la atenci\u00f3n de la productora.<\/p>\n<p>El <strong>programa de ETB<\/strong> ha seleccionado justo esos segundos capaces de provocar sorpresa, risa y, por qu\u00e9 no decirlo, un poquito de verg\u00fcenza ajena. Y funciona.<\/p>\n<p>\t\t\t\t\t\t\tPUBLICIDAD &#8211; SIGUE LEYENDO ABAJO<br \/>\n\t\t\t\t\t\t\t<a rel=\"noreferrer nofollow noopener\" href=\"https:\/\/www.ecoisola.es\/\" target=\"_blank\"><br \/>\n\t\t\t\t\t\t\t\t<img decoding=\"async\" width=\"400px\" height=\"400px\" layout=\"responsive\" data-category=\"banner-ecoisola\" id=\"segundoparr\" class=\"banclick\" src=\"https:\/\/www.europesays.com\/es\/wp-content\/uploads\/2025\/11\/publicidad-segundo-parrafo-62.gif\"\/><br \/>\n\t\t\t\t\t\t\t<\/a><\/p>\n<p>El primer protagonista es un hombre que interpreta, con drama, la m\u00edtica escena de Verano Azul. Despu\u00e9s aparece un chico que decide que lo suyo es cantar <strong>mientras hace flexiones.<\/strong> El tema elegido: \u201cTodos tenemos un amigo que besa pitos\u201d. La letra no tiene p\u00e9rdida y las flexiones tampoco.<\/p>\n<p><img fetchpriority=\"high\" decoding=\"async\" class=\"alignnone wp-image-277559 size-full\" title=\"Casting El Conquis Vitoria\" src=\"https:\/\/www.europesays.com\/es\/wp-content\/uploads\/2025\/12\/Diseno-sin-titulo-1.jpg.webp.jpeg\" alt=\"Casting El Conquis Vitoria\" width=\"1212\" height=\"808\"  \/><\/p>\n<p>A continuaci\u00f3n irrumpe un d\u00fao c\u00f3mico que se lanza a contar un <strong>chiste<\/strong>:<br \/>\u2014\u00bb\u00bfQu\u00e9 le dice una impresora a otra?\u00bb<br \/>\u2014\u00bb\u00bfEsa hoja es tuya o es impresi\u00f3n m\u00eda?\u00bb.<\/p>\n<p>\t\t\t\t\t\tPUBLICIDAD &#8211; SIGUE LEYENDO ABAJO<br \/>\n\t\t\t\t\t\t<a rel=\"noreferrer nofollow noopener\" href=\"https:\/\/www.hyundai.es\/concesionarios\/autolasa\/gama-hibrida-electrica\" target=\"_blank\"><br \/>\n\t\t\t\t\t\t\t<img decoding=\"async\" width=\"400px\" height=\"400px\" layout=\"responsive\" data-category=\"banner-Hyundai-autolasa\" id=\"quintoparr\" class=\"banclick\" src=\"https:\/\/www.europesays.com\/es\/wp-content\/uploads\/2025\/10\/publicidad-quinto-parrafo-33.gif\"\/><br \/>\n\t\t\t\t\t\t<\/a><\/p>\n<p>Pero todav\u00eda hay m\u00e1s. Un chico que canta algo indescifrable, otro que presume de <strong>mover los ojos muy deprisa<\/strong>, y una joven que confiesa, con absoluta naturalidad, que le encanta acudir como p\u00fablico a juicios. \u201cMe gustan un poco macabros, pero que no est\u00e9n muertos, porque entonces no tenemos a la v\u00edctima al lado\u201d, dice como quien comenta que le gusta madrugar.<\/p>\n<p>El casting tambi\u00e9n ha dejado momentos que solo se explican vi\u00e9ndolos. Como el de un participante que <strong>ense\u00f1a la tripa<\/strong>, la menea sin complejos y luego baila. Antes ha dejado una frase de las que se quedan grabadas: \u201cEstaba con el BMW, haciendo cuatro trompos locos en el pol\u00edgono, apareci\u00f3 la Ertzaintza y sal\u00ed a la fuga a toda hostia\u201d.<\/p>\n<p>V\u00eddeo<\/p>\n<blockquote class=\"instagram-media\" style=\"background: #FFF; border: 0; border-radius: 3px; box-shadow: 0 0 1px 0 rgba(0,0,0,0.5),0 1px 10px 0 rgba(0,0,0,0.15); margin: 1px; max-width: 540px; min-width: 326px; padding: 0; width: calc(100% - 2px);\" data-instgrm-captioned=\"\" data-instgrm-permalink=\"https:\/\/www.instagram.com\/reel\/DR2bi5kjF_b\/?utm_source=ig_embed&amp;utm_campaign=loading\" data-instgrm-version=\"14\">\n<\/blockquote>\n<p>Y cuando crees que ya lo has visto todo, llegan dos j\u00f3venes que interpretan (con coreograf\u00eda incluida) una versi\u00f3n propia del famoso <strong>tema de Shakira y Bizarrap.<\/strong> Una mezcla de entusiasmo, improvisaci\u00f3n y ganas infinitas de entrar en el programa.<\/p>\n<p>Todos ellos forman el retrato m\u00e1s reconocible del casting de El Conquis. La <strong>edici\u00f3n n\u00famero 22<\/strong> ya est\u00e1 en marcha y, si por el casting de Vitoria nos guiamos, la aventura promete espect\u00e1culo\u2026 y muchas frases para recordar.<\/p>\n<p>                    <script async src=\"\/\/www.instagram.com\/embed.js\"><\/script><\/p>\n","protected":false},"excerpt":{"rendered":"Un se\u00f1or lamentando la muerte de Chanquete como si estuvi\u00e9ramos en 1982. Ese es el arranque del v\u00eddeo&hellip;\n","protected":false},"author":2,"featured_media":275571,"comment_status":"","ping_status":"","sticky":false,"template":"","format":"standard","meta":{"footnotes":""},"categories":[171],"tags":[146,147,25,24,23,214],"class_list":{"0":"post-275570","1":"post","2":"type-post","3":"status-publish","4":"format-standard","5":"has-post-thumbnail","7":"category-tv","8":"tag-entertainment","9":"tag-entretenimiento","10":"tag-es","11":"tag-espana","12":"tag-spain","13":"tag-tv"},"share_on_mastodon":{"url":"https:\/\/pubeurope.com\/@es\/115677381110026923","error":""},"_links":{"self":[{"href":"https:\/\/www.europesays.com\/es\/wp-json\/wp\/v2\/posts\/275570","targetHints":{"allow":["GET"]}}],"collection":[{"href":"https:\/\/www.europesays.com\/es\/wp-json\/wp\/v2\/posts"}],"about":[{"href":"https:\/\/www.europesays.com\/es\/wp-json\/wp\/v2\/types\/post"}],"author":[{"embeddable":true,"href":"https:\/\/www.europesays.com\/es\/wp-json\/wp\/v2\/users\/2"}],"replies":[{"embeddable":true,"href":"https:\/\/www.europesays.com\/es\/wp-json\/wp\/v2\/comments?post=275570"}],"version-history":[{"count":0,"href":"https:\/\/www.europesays.com\/es\/wp-json\/wp\/v2\/posts\/275570\/revisions"}],"wp:featuredmedia":[{"embeddable":true,"href":"https:\/\/www.europesays.com\/es\/wp-json\/wp\/v2\/media\/275571"}],"wp:attachment":[{"href":"https:\/\/www.europesays.com\/es\/wp-json\/wp\/v2\/media?parent=275570"}],"wp:term":[{"taxonomy":"category","embeddable":true,"href":"https:\/\/www.europesays.com\/es\/wp-json\/wp\/v2\/categories?post=275570"},{"taxonomy":"post_tag","embeddable":true,"href":"https:\/\/www.europesays.com\/es\/wp-json\/wp\/v2\/tags?post=275570"}],"curies":[{"name":"wp","href":"https:\/\/api.w.org\/{rel}","templated":true}]}}