{"id":275576,"date":"2025-12-07T08:41:27","date_gmt":"2025-12-07T08:41:27","guid":{"rendered":"https:\/\/www.europesays.com\/es\/275576\/"},"modified":"2025-12-07T08:41:27","modified_gmt":"2025-12-07T08:41:27","slug":"recetas-caseras-contra-la-gripe-y-resfriados-en-el-menu-semanal-del-8-de-diciembre","status":"publish","type":"post","link":"https:\/\/www.europesays.com\/es\/275576\/","title":{"rendered":"Recetas caseras contra la gripe y resfriados en el men\u00fa semanal del 8 de diciembre"},"content":{"rendered":"<p>La gripe estacional viene pegando fuerte este a\u00f1o. Y no solo eso, tambi\u00e9n se ha adelantado. <a rel=\"noopener, noreferrer nofollow\" href=\"https:\/\/www.rtve.es\/noticias\/20251128\/ola-gripe-se-adelanta-espana-con-variante-riesgos-conlleva\/16834075.shtml\" target=\"_blank\">Pasado el umbral epid\u00e9mico<\/a> y con la previsi\u00f3n de que aumenten los contagios ante las reuniones y aglomeraciones de las fiestas, podemos tomar precauciones de sentido com\u00fan como seguir las recomendaciones de vacunaci\u00f3n y, sobre todo, <strong>cuidarnos bien<\/strong>. Una buena salud est\u00e1 unida a <strong>lo que comemos<\/strong>, tanto para prevenir como para curar.<\/p>\n<p>Ning\u00fan alimento ni suplemento nos va a proteger m\u00e1gicamente de ning\u00fan virus, pero s\u00ed puede ayudarnos a <strong>reforzar el organismo <\/strong>y as\u00ed hacerles frente con m\u00e1s recursos. De la gripe al resfriado com\u00fan, los alimentos y los platos que tomemos en casa pueden marcar la diferencia para evitarlos y para recuperarnos antes y mejor. Por eso nuestro men\u00fa semanal viene repleto de recetas perfectas para hacer frente a los virus de la \u00e9poca.<\/p>\n<p><strong>Antioxidantes<\/strong>, mucha <strong>hidrataci\u00f3n<\/strong> y nutrientes de calidad que sean f\u00e1ciles de digerir son la clave en una dieta contra un proceso gripal o catarral. Y tambi\u00e9n platos que nos <strong>reconforten<\/strong>, de esos que son como un abrazo, porque en nuestras horas bajas necesitamos alivio y confort por dentro y por fuera.<\/p>\n<p><strong>Lunes<\/strong><\/p>\n<p>Martes<\/p>\n<p>Mi\u00e9rcoles<\/p>\n<p>                   <img class=\"centro_sinmarco\" height=\"901\" width=\"1200\" loading=\"lazy\" decoding=\"async\"  fetchpriority=\"high\"  src=\"https:\/\/www.europesays.com\/es\/wp-content\/uploads\/2025\/12\/1765096885_175_450_1000.jpeg\" alt=\"Minestrone\"\/><\/p>\n<p>Jueves<\/p>\n<p>Viernes<\/p>\n<p>                   <img class=\"centro_sinmarco\" height=\"900\" width=\"1200\" loading=\"lazy\" decoding=\"async\"  fetchpriority=\"high\"  src=\"https:\/\/www.europesays.com\/es\/wp-content\/uploads\/2025\/12\/1765096886_538_450_1000.jpeg\" alt=\"Ramen\"\/><\/p>\n<p>S\u00e1bado<\/p>\n<p>Domingo<\/p>\n<p>                   <img class=\"centro_sinmarco\" height=\"901\" width=\"1200\" loading=\"lazy\" decoding=\"async\"  fetchpriority=\"high\"  src=\"https:\/\/www.europesays.com\/es\/wp-content\/uploads\/2025\/12\/1765096886_790_450_1000.jpeg\" alt=\"Lasagna\"\/><\/p>\n<p>Aperitivos y picoteos<\/p>\n<p>Desayunos, meriendas y caprichos dulces<\/p>\n<p>                   <img class=\"centro_sinmarco\" height=\"990\" width=\"1366\" loading=\"lazy\" decoding=\"async\"  fetchpriority=\"high\"  src=\"https:\/\/www.europesays.com\/es\/wp-content\/uploads\/2025\/12\/1765096887_499_450_1000.jpeg\" alt=\"Bizcocho\"\/><\/p>\n<p>En DAP | <a class=\"text-outboundlink\" href=\"https:\/\/www.directoalpaladar.com\/salud\/lo-que-no-debe-faltar-en-tu-dieta-para-prevenir-gripes-y-resfriados-esta-temporada\" data-vars-post-title=\"Lo que no debe faltar en tu dieta para prevenir gripes y resfriados esta temporada\" data-vars-post-url=\"https:\/\/www.directoalpaladar.com\/salud\/lo-que-no-debe-faltar-en-tu-dieta-para-prevenir-gripes-y-resfriados-esta-temporada\" rel=\"nofollow noopener\" target=\"_blank\">Lo que no debe faltar en tu dieta para prevenir gripes y resfriados esta temporada<\/a><\/p>\n<p>En DAP | <a class=\"text-outboundlink\" href=\"https:\/\/www.directoalpaladar.com\/salud\/tienes-gripe-resfriado-estos-alimentos-que-necesitas-para-recuperarte-antes-mejor\" data-vars-post-title=\"Si tienes gripe o un resfriado, estos son los alimentos que necesitas para recuperarte antes y mejor \" data-vars-post-url=\"https:\/\/www.directoalpaladar.com\/salud\/tienes-gripe-resfriado-estos-alimentos-que-necesitas-para-recuperarte-antes-mejor\" rel=\"nofollow noopener\" target=\"_blank\">Si tienes gripe o un resfriado, estos son los alimentos que necesitas para recuperarte antes y mejor<\/a><\/p>\n","protected":false},"excerpt":{"rendered":"La gripe estacional viene pegando fuerte este a\u00f1o. Y no solo eso, tambi\u00e9n se ha adelantado. Pasado el&hellip;\n","protected":false},"author":2,"featured_media":275577,"comment_status":"","ping_status":"","sticky":false,"template":"","format":"standard","meta":{"footnotes":""},"categories":[92],"tags":[25,24,165,166,23],"class_list":{"0":"post-275576","1":"post","2":"type-post","3":"status-publish","4":"format-standard","5":"has-post-thumbnail","7":"category-salud","8":"tag-es","9":"tag-espana","10":"tag-health","11":"tag-salud","12":"tag-spain"},"share_on_mastodon":{"url":"https:\/\/pubeurope.com\/@es\/115677396407607444","error":""},"_links":{"self":[{"href":"https:\/\/www.europesays.com\/es\/wp-json\/wp\/v2\/posts\/275576","targetHints":{"allow":["GET"]}}],"collection":[{"href":"https:\/\/www.europesays.com\/es\/wp-json\/wp\/v2\/posts"}],"about":[{"href":"https:\/\/www.europesays.com\/es\/wp-json\/wp\/v2\/types\/post"}],"author":[{"embeddable":true,"href":"https:\/\/www.europesays.com\/es\/wp-json\/wp\/v2\/users\/2"}],"replies":[{"embeddable":true,"href":"https:\/\/www.europesays.com\/es\/wp-json\/wp\/v2\/comments?post=275576"}],"version-history":[{"count":0,"href":"https:\/\/www.europesays.com\/es\/wp-json\/wp\/v2\/posts\/275576\/revisions"}],"wp:featuredmedia":[{"embeddable":true,"href":"https:\/\/www.europesays.com\/es\/wp-json\/wp\/v2\/media\/275577"}],"wp:attachment":[{"href":"https:\/\/www.europesays.com\/es\/wp-json\/wp\/v2\/media?parent=275576"}],"wp:term":[{"taxonomy":"category","embeddable":true,"href":"https:\/\/www.europesays.com\/es\/wp-json\/wp\/v2\/categories?post=275576"},{"taxonomy":"post_tag","embeddable":true,"href":"https:\/\/www.europesays.com\/es\/wp-json\/wp\/v2\/tags?post=275576"}],"curies":[{"name":"wp","href":"https:\/\/api.w.org\/{rel}","templated":true}]}}