{"id":275602,"date":"2025-12-07T09:00:11","date_gmt":"2025-12-07T09:00:11","guid":{"rendered":"https:\/\/www.europesays.com\/es\/275602\/"},"modified":"2025-12-07T09:00:11","modified_gmt":"2025-12-07T09:00:11","slug":"sanchez-da-el-cante-en-eurovision","status":"publish","type":"post","link":"https:\/\/www.europesays.com\/es\/275602\/","title":{"rendered":"S\u00e1nchez da el cante en Eurovisi\u00f3n"},"content":{"rendered":"<p class=\"v-p\">Entre las diez estrategias de manipulaci\u00f3n medi\u00e1tica descritas por el prestigioso ling\u00fcista Noam Chomsky, destaca en primer lugar la de la distracci\u00f3n: \u00abMantener la atenci\u00f3n del p\u00fablico distra\u00edda, lejos de los verdaderos problemas sociales, cautivada por temas sin importancia real\u00bb, escribe el tambi\u00e9n analista pol\u00edtico en su obra &#8216;Armas silenciosas para guerras tranquilas&#8217;, la cual, aunque lo desconocemos, bien podr\u00eda ser uno de los libros de cabecera de Pedro S\u00e1nchez. Al presidente se le pueden achacar muchos defectos, pero deslumbra a propios y extra\u00f1os por una gran virtud, su capacidad de sorprender con decisiones que suelen coger a sus enemigos con el pie cambiado, en fuera de juego, y que acaban benefici\u00e1ndole para mayor gloria de su ego infinito. <\/p>\n<p class=\"v-p\">Esa chistera convertida en un pozo sin fondo de la que ya he hablado en alguna ocasi\u00f3n en este mismo espacio de opini\u00f3n, ha vuelto a cobrar protagonismo esta semana al ritmo de acordes musicales, los del festival de Eurovisi\u00f3n. Para un acontecimiento internacional que verdaderamente une al pa\u00eds -los espa\u00f1oles somos una pi\u00f1a cuando participamos en este certamen de la canci\u00f3n-, va el jefe del Ejecutivo y se lo carga de un plumazo como protesta por la participaci\u00f3n de Israel. As\u00ed, sin preguntarle al pueblo su opini\u00f3n, sin encuesta ciudadana a trav\u00e9s de internet, sin tener en cuenta el voto popular, tan determinante en este tipo de concursos.<\/p>\n<p class=\"v-p\">Iron\u00edas al margen, el boicot de RTVE a Eurovisi\u00f3n por la concurrencia de los hebreos -indudablemente ordenado por S\u00e1nchez- va en la l\u00ednea de la postura adoptada por la diplomacia espa\u00f1ola desde los inicios del conflicto en Gaza, pero choca y no termina de entenderse del todo una vez firmado el acuerdo de paz promovido por Donald Trump y celebrado en la ciudad egipcia de Sharm el Sheij, adonde, por cierto, acudi\u00f3 el mandatario socialista para hacerse la foto y promocionar su imagen de estadista mundial que tanto le gusta. Ya sabemos que se trata de una paz precaria, cogida con pinzas, pero si uno se adhiere al tratado que la ampara, asume de alg\u00fan modo que se abre un nuevo tiempo tanto para el agredido como para el agresor, al que se ha intentado mandar con la m\u00fasica a otra parte, aunque sin \u00e9xito. El hombre de S\u00e1nchez en la televisi\u00f3n p\u00fablica ha secundado la corriente para vetar al pa\u00eds de Netanyahu en Eurovisi\u00f3n y le ha salido el tiro por la culata. Si bien, la espantada de Espa\u00f1a le ha venido de perlas al l\u00edder socialista para desplegar una cortina de humo -la en\u00e9sima ya desde que accedi\u00f3 a La Moncloa- que oculte, o al menos disimule, los esc\u00e1ndalos de presunta corrupci\u00f3n y acoso sexual que lo acorralan y que se suman a las presiones y amenazas de sus socios parlamentarios, con los independentistas de Junts a la cabeza. Salvo los datos macroecon\u00f3micos, apuntalados por unos \u00edndices de crecimiento m\u00e1s que aceptables, las malas noticias se le acumulan en su entorno m\u00e1s pr\u00f3ximo.<\/p>\n<p class=\"v-p\">Quien fuera secretario de Organizaci\u00f3n del PSOE y mano derecha de S\u00e1nchez en sus horas m\u00e1s bajas, el exministro Jos\u00e9 Luis \u00c1balos, duerme entre rejas desde el pasado d\u00eda 27, no sin antes haber grabado en v\u00eddeo una serie de dardos envenenados perfectamente planificada con la clara intenci\u00f3n de dejar en evidencia el desconocimiento que el presidente del Gobierno alega cada vez que los periodistas lo ponen contra las cuerdas exigi\u00e9ndole explicaciones sobre los turbios asuntos que relata sin pelos en la lengua el exministro. Aparte de por convertirse en el primer diputado en activo que entra en prisi\u00f3n en la historia de nuestra democracia, \u00c1balos ser\u00e1 recordado por su afici\u00f3n a las prostitutas mientras se le llenaba la boca en el Congreso defendiendo un feminismo que, a tenor de los audios incautados por la Guardia Civil, le importaba un bledo.<\/p>\n<p class=\"v-p\">El \u00absomos un Gobierno feminista\u00bb que pregona Pedro S\u00e1nchez se ha vuelto a desinflar ahora como un globo a cuenta del &#8216;caso Salazar&#8217;, el exasesor de Moncloa y exmiembro de la Ejecutiva Federal del PSOE acusado de presunto acoso sexual por dos mujeres que de forma an\u00f3nima atribuyeron al pol\u00edtico sevillano supuestas actitudes machistas. Los testimonios de las dos trabajadoras de la sede presidencial contra quien era su jefe detallan conductas repugnantes: \u00abLlegaba por la ma\u00f1ana y te dec\u00eda el buen culo que te hac\u00eda ese pantal\u00f3n o te ped\u00eda que le ense\u00f1aras el escote\u00bb. \u00abLamentamos no haber arropado suficientemente a las personas que han presentado las denuncias\u00bb, se\u00f1ala ahora la direcci\u00f3n socialista que, sin embargo, no tiene claro si llevar\u00e1 o no ante la Fiscal\u00eda estas revelaciones. Y es que hacerlo ser\u00eda aceptar, indirectamente, el error de haber colocado a un posible acosador donde se cocinan las principales estrategias pol\u00edticas del Gobierno.<\/p>\n<p class=\"v-p\">Y en medio de este barullo se ha cruzado Eurovisi\u00f3n. Tras m\u00e1s de 60 a\u00f1os sin faltar a la cita, Espa\u00f1a no enviar\u00e1 a ning\u00fan representante y dejar\u00e1 a millones de eurofans sin aliciente. Conviene, en cualquier caso, no dramatizar m\u00e1s de la cuenta con este pol\u00e9mico abandono, apoyado seguramente por buena parte de la ciudadan\u00eda, harta ya de la masacre en Gaza. Guerra y m\u00fasica. Paz y oportunismo pol\u00edtico. No sabemos qu\u00e9 opinar\u00e1 Massiel de todo esto.<\/p>\n<p>Reporta un error<\/p>\n","protected":false},"excerpt":{"rendered":"Entre las diez estrategias de manipulaci\u00f3n medi\u00e1tica descritas por el prestigioso ling\u00fcista Noam Chomsky, destaca en primer lugar&hellip;\n","protected":false},"author":2,"featured_media":275603,"comment_status":"","ping_status":"","sticky":false,"template":"","format":"standard","meta":{"footnotes":""},"categories":[171],"tags":[18242,146,147,25,24,24121,199,23,214],"class_list":{"0":"post-275602","1":"post","2":"type-post","3":"status-publish","4":"format-standard","5":"has-post-thumbnail","7":"category-tv","8":"tag-cante","9":"tag-entertainment","10":"tag-entretenimiento","11":"tag-es","12":"tag-espana","13":"tag-eurovision","14":"tag-sanchez","15":"tag-spain","16":"tag-tv"},"share_on_mastodon":{"url":"https:\/\/pubeurope.com\/@es\/115677470609138932","error":""},"_links":{"self":[{"href":"https:\/\/www.europesays.com\/es\/wp-json\/wp\/v2\/posts\/275602","targetHints":{"allow":["GET"]}}],"collection":[{"href":"https:\/\/www.europesays.com\/es\/wp-json\/wp\/v2\/posts"}],"about":[{"href":"https:\/\/www.europesays.com\/es\/wp-json\/wp\/v2\/types\/post"}],"author":[{"embeddable":true,"href":"https:\/\/www.europesays.com\/es\/wp-json\/wp\/v2\/users\/2"}],"replies":[{"embeddable":true,"href":"https:\/\/www.europesays.com\/es\/wp-json\/wp\/v2\/comments?post=275602"}],"version-history":[{"count":0,"href":"https:\/\/www.europesays.com\/es\/wp-json\/wp\/v2\/posts\/275602\/revisions"}],"wp:featuredmedia":[{"embeddable":true,"href":"https:\/\/www.europesays.com\/es\/wp-json\/wp\/v2\/media\/275603"}],"wp:attachment":[{"href":"https:\/\/www.europesays.com\/es\/wp-json\/wp\/v2\/media?parent=275602"}],"wp:term":[{"taxonomy":"category","embeddable":true,"href":"https:\/\/www.europesays.com\/es\/wp-json\/wp\/v2\/categories?post=275602"},{"taxonomy":"post_tag","embeddable":true,"href":"https:\/\/www.europesays.com\/es\/wp-json\/wp\/v2\/tags?post=275602"}],"curies":[{"name":"wp","href":"https:\/\/api.w.org\/{rel}","templated":true}]}}