{"id":275606,"date":"2025-12-07T09:03:09","date_gmt":"2025-12-07T09:03:09","guid":{"rendered":"https:\/\/www.europesays.com\/es\/275606\/"},"modified":"2025-12-07T09:03:09","modified_gmt":"2025-12-07T09:03:09","slug":"donde-ver-online-y-en-television-al-real-madrid-hoy-en-laliga-y-que-hora-juega-contra-el-celta-de-vigo","status":"publish","type":"post","link":"https:\/\/www.europesays.com\/es\/275606\/","title":{"rendered":"D\u00f3nde ver online y en televisi\u00f3n al Real Madrid hoy en LaLiga y qu\u00e9 hora juega contra el Celta de Vigo"},"content":{"rendered":"<p style=\"\">El <strong>Real Madrid<\/strong> regresa este domingo al Santiago Bernab\u00e9u <strong>despu\u00e9s de casi un mes de encuentros lejos de su estadio<\/strong>. Los de Xabi Alonso se reencuentran con sus aficionados tras un periplo de cinco compromisos en los que perdieron el liderato de la  &#8230; <a href=\"https:\/\/www.abc.es\/deportes\/futbol\/liga-primera\/clasificacion-resultados-sd.html\" target=\"_self\" data-voc-vtm-id=\"in-text-traffic\" title=\"LaLiga\" data-mrf-link=\"www.abc.es\" rel=\"nofollow noopener\">LaLiga<\/a>, pero durante el que tambi\u00e9n consiguieron mostrar tambi\u00e9n su mejor cara del a\u00f1o. Sucedi\u00f3 entre semana, en San Mam\u00e9s ante el Ahtletic Club, y ahora querr\u00e1n refrendar ese buen hacer en casa.<\/p>\n<p class=\"voc-p\" style=\"\"><strong>Enfrente estar\u00e1 el Celta de Vigo de Claudio Gir\u00e1ldez<\/strong>, un equipo que hasta el momento est\u00e1 cuajando una buena temporada y se asienta en la zona media de la tabla. Duod\u00e9cimos en la clasificaci\u00f3n liguera con 3 victorias, 7 empates y 4 derrotas, los celestes est\u00e1n a ocho puntos de la zona europea.<\/p>\n<p class=\"voc-p\" style=\"\">El duelo presenta varias inc\u00f3gnitas en el bando local, comenzando por si los de Xabi Alonso ser\u00e1n capaces de replicar <a href=\"https:\/\/www.abc.es\/deportes\/real-madrid\/cronica-20251203162401-nt.html\" target=\"_self\" data-voc-vtm-id=\"in-text-traffic\" title=\"su buen papel en La Catedral\" rel=\"nofollow noopener\">su buen papel en La Catedral<\/a>, donde no dieron opci\u00f3n al Athletic. <\/p>\n<p class=\"voc-p\" style=\"\">Tambi\u00e9n est\u00e1 en duda el once que pueda alinear el t\u00e9cnico tolosarra tras <a href=\"https:\/\/www.abc.es\/deportes\/real-madrid\/confirman-temores-real-madrid-dos-meses-baja-20251204135522-nt.html\" target=\"_self\" data-voc-vtm-id=\"in-text-traffic\" title=\"las lesiones de Trent Alexander-Arnold y Eduardo Camavinga\" rel=\"nofollow noopener\">las lesiones de Trent Alexander-Arnold y Eduardo Camavinga<\/a>, dos de sus mejores jugadores en el choque ante los vascos. <\/p>\n<p class=\"voc-p\" style=\"\">La \u00fanica certeza en los blancos es <strong>Kylian Mbapp\u00e9<\/strong>. El delantero franc\u00e9s, autor de dos goles en San Mam\u00e9s, est\u00e1 demostrando que hoy por hoy es el delantero m\u00e1s en forma del mundo y una pesadilla para cualquier defensa que pretenda secarlo. <\/p>\n<p>\n\u00bfCu\u00e1ndo y a qu\u00e9 hora es el Real Madrid-Celta?\n<\/p>\n<p class=\"voc-p\" style=\"\">El partido del Bernab\u00e9u, correspondiente a la jornada 15 de la Liga, tiene su saque inicial programado para las <strong>21.00 horas del 7 de diciembre<\/strong>, cerrando la jornada dominical en el campeonato espa\u00f1ol. <\/p>\n<p>\n\u00bfD\u00f3nde ver el Madrid-Celta en directo?\n<\/p>\n<p class=\"voc-p\" style=\"\">El Real Madrid &#8211; Celta de Vigo podr\u00e1 verse en directo por televisi\u00f3n gracias a la retransmisi\u00f3n del canal <strong>Movistar + LaLiga<\/strong>. Por supuesto, tambi\u00e9n podr\u00e1 seguirse en vivo en la web de ABC, donde los lectores encontrar\u00e1n una completa cr\u00f3nica del encuentro nada m\u00e1s pitar el \u00e1rbitro el final. <\/p>\n","protected":false},"excerpt":{"rendered":"El Real Madrid regresa este domingo al Santiago Bernab\u00e9u despu\u00e9s de casi un mes de encuentros lejos de&hellip;\n","protected":false},"author":2,"featured_media":275607,"comment_status":"","ping_status":"","sticky":false,"template":"","format":"standard","meta":{"footnotes":""},"categories":[93],"tags":[290,168,25,24,1458,315,4348,288,205,133,798,23,167,807,809,1274],"class_list":{"0":"post-275606","1":"post","2":"type-post","3":"status-publish","4":"format-standard","5":"has-post-thumbnail","7":"category-deportes","8":"tag-celta","9":"tag-deportes","10":"tag-es","11":"tag-espana","12":"tag-hora","13":"tag-hoy","14":"tag-juega","15":"tag-laliga","16":"tag-madrid","17":"tag-online","18":"tag-real","19":"tag-spain","20":"tag-sports","21":"tag-television","22":"tag-ver","23":"tag-vigo"},"share_on_mastodon":{"url":"https:\/\/pubeurope.com\/@es\/115677482607438056","error":""},"_links":{"self":[{"href":"https:\/\/www.europesays.com\/es\/wp-json\/wp\/v2\/posts\/275606","targetHints":{"allow":["GET"]}}],"collection":[{"href":"https:\/\/www.europesays.com\/es\/wp-json\/wp\/v2\/posts"}],"about":[{"href":"https:\/\/www.europesays.com\/es\/wp-json\/wp\/v2\/types\/post"}],"author":[{"embeddable":true,"href":"https:\/\/www.europesays.com\/es\/wp-json\/wp\/v2\/users\/2"}],"replies":[{"embeddable":true,"href":"https:\/\/www.europesays.com\/es\/wp-json\/wp\/v2\/comments?post=275606"}],"version-history":[{"count":0,"href":"https:\/\/www.europesays.com\/es\/wp-json\/wp\/v2\/posts\/275606\/revisions"}],"wp:featuredmedia":[{"embeddable":true,"href":"https:\/\/www.europesays.com\/es\/wp-json\/wp\/v2\/media\/275607"}],"wp:attachment":[{"href":"https:\/\/www.europesays.com\/es\/wp-json\/wp\/v2\/media?parent=275606"}],"wp:term":[{"taxonomy":"category","embeddable":true,"href":"https:\/\/www.europesays.com\/es\/wp-json\/wp\/v2\/categories?post=275606"},{"taxonomy":"post_tag","embeddable":true,"href":"https:\/\/www.europesays.com\/es\/wp-json\/wp\/v2\/tags?post=275606"}],"curies":[{"name":"wp","href":"https:\/\/api.w.org\/{rel}","templated":true}]}}