{"id":275615,"date":"2025-12-07T09:08:12","date_gmt":"2025-12-07T09:08:12","guid":{"rendered":"https:\/\/www.europesays.com\/es\/275615\/"},"modified":"2025-12-07T09:08:12","modified_gmt":"2025-12-07T09:08:12","slug":"si-rusia-intenta-crearnos-problemas-quizas-haya-maneras-de-crearles-problemas-a-ellos-tambien","status":"publish","type":"post","link":"https:\/\/www.europesays.com\/es\/275615\/","title":{"rendered":"&#8216;Si Rusia intenta crearnos problemas, quiz\u00e1s haya maneras de crearles problemas a ellos tambi\u00e9n&#8217;"},"content":{"rendered":"<p>A lo largo de los \u00faltimos meses, <b><a href=\"https:\/\/www.huffingtonpost.es\/global\/el-exjefe-ejercito-ruso-admite-errores-inicio-invasion-ucrania-nos-hemos-sobreestimado.html\" rel=\"nofollow noopener\" target=\"_blank\">Rusia<\/a> ha tratado de desestabilizar a la OTAN<\/b> llevando a cabo acciones como <b>incursiones con drones y globos<\/b> en el espacio a\u00e9reo de distintos pa\u00edses europeos o incluso el presunto <b>sabotaje<\/b> a trav\u00e9s de la colocaci\u00f3n de dos explosivos en una l\u00ednea ferroviaria de Polonia.<\/p>\n<p>Hasta el momento, <b>la Alianza Atl\u00e1ntica hab\u00eda optado por no aumentar a\u00fan m\u00e1s la tensi\u00f3n<\/b> con el pa\u00eds presidido por <a href=\"https:\/\/www.huffingtonpost.es\/global\/una-exespia-cia-revela-intenciones-putin-quiere-recuperar-union-sovietica-detendra.html\" rel=\"nofollow noopener\" target=\"_blank\">Vlad\u00edmir Putin<\/a> y no darles una gran importancia a esos movimientos hostiles.<\/p>\n<p>Sin embargo, <b><a href=\"https:\/\/www.huffingtonpost.es\/global\/la-otan-estudia-ser-mas-agresiva-rusia-en-lugar-reactiva.html\" rel=\"nofollow noopener\" target=\"_blank\">la ret\u00f3rica de la OTAN<\/a> ha comenzado a girar en los \u00faltimos d\u00edas<\/b> para enviar unos mensajes mucho m\u00e1s contundentes a Rusia. El objetivo de ese cambio de estrategia es que Mosc\u00fa detenga esas acciones de guerra h\u00edbrida contra la Alianza Atl\u00e1ntica.<\/p>\n<p>Un ejemplo de ello son las palabras del <b>comandante supremo de las Fuerzas Aliadas en Europa, el general estadounidense Alexus Grynkewich<\/b>, quien, haci\u00e9ndose eco de unas declaraciones del almirante Giuseppe Cavo Dragon (presidente del Comit\u00e9 Militar de la OTAN), ha advertido de que <b>\u00absi Rusia intenta crearnos problemas, entonces quiz\u00e1 haya formas de crearles problemas a ellos tambi\u00e9n\u00bb.<\/b><\/p>\n<p>En ese sentido, Grynkewich ha se\u00f1alado que <b>\u00abestamos pensando en ser proactivos<\/b>, esa es la palabra que yo utilizar\u00eda\u00bb, aunque ha subrayado que <b>prefiere \u00abno entrar en detalles sobre c\u00f3mo podr\u00edamos crear esos problemas\u00bb.<\/b><\/p>\n<p>El comandante supremo de las Fuerzas Aliadas en Europa ha avisado a la poblaci\u00f3n de que <b>\u00abestas amenazas h\u00edbridas son un verdadero problema<\/b> y realmente creo que <b>podemos esperar m\u00e1s situaciones de este tipo\u00bb.<\/b><\/p>\n<p>Respecto a la autor\u00eda de esos sabotajes e incursiones a\u00e9reas, Alexus Grynkewich ha expresado que <b>\u00absabemos que Rusia est\u00e1 detr\u00e1s de parte de todo esto<\/b>, quiz\u00e1 no de todo, pero sin duda de una parte. <b>Y la opini\u00f3n p\u00fablica deber\u00eda saberlo\u00bb.<\/b><\/p>\n<p>M\u00e1s directa ha sido a\u00fan la <b>jefa de la diplomacia europea, Kaja Kallas<\/b>, quien ha asegurado recientemente que <b>\u00abRusia est\u00e1 cometiendo terrorismo de Estado\u00bb.<\/b><\/p>\n","protected":false},"excerpt":{"rendered":"A lo largo de los \u00faltimos meses, Rusia ha tratado de desestabilizar a la OTAN llevando a cabo&hellip;\n","protected":false},"author":2,"featured_media":275616,"comment_status":"","ping_status":"","sticky":false,"template":"","format":"standard","meta":{"footnotes":""},"categories":[42],"tags":[17,18,13,14,8233,11,61,62,63,64,19,20,9,10,15,16,1613,1614,12,21,22,65,66,67],"class_list":{"0":"post-275615","1":"post","2":"type-post","3":"status-publish","4":"format-standard","5":"has-post-thumbnail","7":"category-internacional","8":"tag-breaking-news","9":"tag-breakingnews","10":"tag-featured-news","11":"tag-featurednews","12":"tag-guerra-ucrania","13":"tag-headlines","14":"tag-internacional","15":"tag-international","16":"tag-international-news","17":"tag-internationalnews","18":"tag-latest-news","19":"tag-latestnews","20":"tag-news","21":"tag-noticias","22":"tag-noticias-destacadas","23":"tag-noticiasdestacadas","24":"tag-otan","25":"tag-rusia","26":"tag-titulares","27":"tag-ultimas-noticias","28":"tag-ultimasnoticias","29":"tag-world","30":"tag-world-news","31":"tag-worldnews"},"share_on_mastodon":{"url":"https:\/\/pubeurope.com\/@es\/115677502737973546","error":""},"_links":{"self":[{"href":"https:\/\/www.europesays.com\/es\/wp-json\/wp\/v2\/posts\/275615","targetHints":{"allow":["GET"]}}],"collection":[{"href":"https:\/\/www.europesays.com\/es\/wp-json\/wp\/v2\/posts"}],"about":[{"href":"https:\/\/www.europesays.com\/es\/wp-json\/wp\/v2\/types\/post"}],"author":[{"embeddable":true,"href":"https:\/\/www.europesays.com\/es\/wp-json\/wp\/v2\/users\/2"}],"replies":[{"embeddable":true,"href":"https:\/\/www.europesays.com\/es\/wp-json\/wp\/v2\/comments?post=275615"}],"version-history":[{"count":0,"href":"https:\/\/www.europesays.com\/es\/wp-json\/wp\/v2\/posts\/275615\/revisions"}],"wp:featuredmedia":[{"embeddable":true,"href":"https:\/\/www.europesays.com\/es\/wp-json\/wp\/v2\/media\/275616"}],"wp:attachment":[{"href":"https:\/\/www.europesays.com\/es\/wp-json\/wp\/v2\/media?parent=275615"}],"wp:term":[{"taxonomy":"category","embeddable":true,"href":"https:\/\/www.europesays.com\/es\/wp-json\/wp\/v2\/categories?post=275615"},{"taxonomy":"post_tag","embeddable":true,"href":"https:\/\/www.europesays.com\/es\/wp-json\/wp\/v2\/tags?post=275615"}],"curies":[{"name":"wp","href":"https:\/\/api.w.org\/{rel}","templated":true}]}}