{"id":275617,"date":"2025-12-07T09:09:10","date_gmt":"2025-12-07T09:09:10","guid":{"rendered":"https:\/\/www.europesays.com\/es\/275617\/"},"modified":"2025-12-07T09:09:10","modified_gmt":"2025-12-07T09:09:10","slug":"carmen-diez-de-rivera-el-gran-enigma-de-la-transicion-espana","status":"publish","type":"post","link":"https:\/\/www.europesays.com\/es\/275617\/","title":{"rendered":"Carmen D\u00edez de Rivera, el gran enigma de la Transici\u00f3n | Espa\u00f1a"},"content":{"rendered":"<p class=\"\">A finales de mayo de 1977, pocos d\u00edas despu\u00e9s de ser cesada como jefa de Gabinete de Adolfo Su\u00e1rez, <a href=\"https:\/\/elpais.com\/diario\/1999\/11\/30\/agenda\/943916401_850215.html\" target=\"_self\" rel=\"nofollow noopener\" title=\"https:\/\/elpais.com\/diario\/1999\/11\/30\/agenda\/943916401_850215.html\">Carmen D\u00edez de Rivera<\/a> recibi\u00f3 una llamada del presidente. Algunos medios de derechas afirmaban que la hab\u00edan echado de La Moncloa por comunista. La acusaban de ser una esp\u00eda a sueldo de Alemania del Este y aseguraban que estaba en arresto domiciliario. Su\u00e1rez la llam\u00f3 para anunciarle que iba a publicar una nota desmintiendo los rumores. La relaci\u00f3n entre ambos no pasaba por su mejor momento. Tras apartarla, el presidente le hab\u00eda ofrecido un puesto como asesora y ella lo hab\u00eda rechazado. D\u00edez de Rivera no quer\u00eda saber nada de la naciente UCD, no le gustaba la inclusi\u00f3n de tantos funcionarios franquistas en las listas electorales. \u201cPara quitarle hierro al tema, Carmen, he pensado que te voy a dar una Gran Cruz\u201d, le propuso Su\u00e1rez. \u201cAntes muerta que cogida con una cruz. Cruces ya tengo bastantes. Si insistes en d\u00e1rmela, la rechazar\u00e9\u201d, respondi\u00f3 ella.<\/p>\n<p class=\"\">Casi <a href=\"https:\/\/elpais.com\/espana\/2025-11-20\/especial-franco-50-anos-despues.html\" target=\"_self\" rel=\"nofollow noopener\" title=\"https:\/\/elpais.com\/espana\/2025-11-20\/especial-franco-50-anos-despues.html\">medio siglo despu\u00e9s de esa conversaci\u00f3<\/a>n, que cont\u00f3 la propia D\u00edez de Rivera a su bi\u00f3grafa, Ana Romero, y 26 a\u00f1os despu\u00e9s del fallecimiento de Carmen, finalmente se va a reconocer el papel clave que tuvo la pol\u00edtica y arist\u00f3crata en <a href=\"https:\/\/elpais.com\/espana\/2025-11-18\/hacia-la-libertad.html\" target=\"_self\" rel=\"nofollow noopener\" title=\"https:\/\/elpais.com\/espana\/2025-11-18\/hacia-la-libertad.html\">la Transici\u00f3n<\/a> y su trascendencia y legado como la primera y \u00fanica mujer que ha ocupado el puesto de jefe de Gabinete de un presidente de Espa\u00f1a. El pasado 29 de noviembre, coincidiendo con el aniversario de su muerte, Pedro S\u00e1nchez anunci\u00f3 que el Gobierno va a reconocerla a t\u00edtulo p\u00f3stumo con la Encomienda de la Orden Espa\u00f1ola de Carlos III, la m\u00e1s alta condecoraci\u00f3n civil que puede ser otorgada en este pa\u00eds. Seg\u00fan explican fuentes de La Moncloa a EL PA\u00cdS, todav\u00eda no hay fecha para la ceremonia \u201cpor un tema de agenda de los familiares\u201d. <\/p>\n<p class=\"\">El anuncio de la condecoraci\u00f3n ha sorprendido a la familia de la llamada <a href=\"https:\/\/elpais.com\/diario\/1999\/11\/30\/agenda\/943916401_850215.html\" target=\"_self\" rel=\"nofollow noopener\" title=\"https:\/\/elpais.com\/diario\/1999\/11\/30\/agenda\/943916401_850215.html\">\u201cmusa de la Transici\u00f3n\u201d<\/a>, t\u00e9rmino que acu\u00f1\u00f3 Umbral en las p\u00e1ginas de EL PA\u00cdS y que Carmen detestaba. \u201cNosotros nos hemos enterado por vosotros, por los medios. Nos llevamos la misma sorpresa que se pudo llevar usted\u201d, afirma Sonsoles D\u00edez de Rivera al otro lado del tel\u00e9fono. Para la hermana de Carmen, la distinci\u00f3n llega tarde: \u201cA buenas horas, mangas verdes. Esto se hace cuando sales de la pol\u00edtica o cuando te mueres. Ya nadie sabe qui\u00e9n fue Carmen. Vaya a preguntar por ah\u00ed qui\u00e9n era. Nadie lo sabe. Pero ella hizo lo que crey\u00f3 que deb\u00eda hacer y ya est\u00e1. No lo hizo para que le reconocieran absolutamente nada\u201d. <\/p>\n<p class=\"\">Sonsoles D\u00edez de Rivera no parece impresionada por el reconocimiento a su hermana ni por lo que represent\u00f3 en la Espa\u00f1a de la Transici\u00f3n. \u201cEstoy acostumbrada a codearme con todo lo m\u00e1s alto que hay y no nos dejamos pasmar por estas cosas\u201d, zanja. <\/p>\n<p><img decoding=\"auto\" class=\"_re lazyload a_m-h\" height=\"233\"  width=\"414\"  src=\"https:\/\/www.europesays.com\/es\/wp-content\/uploads\/2025\/12\/NAPHMCPBLNCUPHT3O2TIG5EKMA\" loading=\"lazy\"\/>Fernando Mor\u00e1n, meg\u00e1fono en mano, Emilio Cassinello y Carmen D\u00edez de Rivera, entre otros dirigentes del PSP, reparten propaganda electoral y ejemplares del periodico &#8216;Gaceta Socialista&#8217; en la glorieta de Cuatro Caminos de Madrid, el 6 de junio de 1977.Marisa Fl\u00f3rez<\/p>\n<p class=\"\">La periodista Ana Romero, bi\u00f3grafa autorizada de la pol\u00edtica, es m\u00e1s efusiva. \u201cLos reconocimientos llegan cuando llegan y yo me alegro mucho\u201d, dice. \u201cEs normal que llegue tarde porque Carmen no ten\u00eda un partido pol\u00edtico o una familia que pelearan por su reconocimiento. De esa \u00e9poca, de la Transici\u00f3n, tampoco hubo ning\u00fan hombre que luchara por ella. Lo podr\u00eda haber hecho <a href=\"https:\/\/elpais.com\/espana\/2025-09-22\/felipe-gonzalez-la-limpieza-etnica-es-insoportable-y-netanyahu-es-el-principal-impulsor-del-antisemitismo.html\" target=\"_self\" rel=\"nofollow noopener\" title=\"https:\/\/elpais.com\/espana\/2025-09-22\/felipe-gonzalez-la-limpieza-etnica-es-insoportable-y-netanyahu-es-el-principal-impulsor-del-antisemitismo.html\">Felipe Gonz\u00e1lez<\/a>; lo podr\u00eda haber hecho <a href=\"https:\/\/elpais.com\/espana\/2025-11-04\/las-memorias-del-rey-emerito-juan-carlos-a-su-hijo-cuando-le-retiro-la-asignacion-no-olvides-que-heredas-un-sistema-que-yo-he-construido.html\" target=\"_self\" rel=\"nofollow noopener\" title=\"https:\/\/elpais.com\/espana\/2025-11-04\/las-memorias-del-rey-emerito-juan-carlos-a-su-hijo-cuando-le-retiro-la-asignacion-no-olvides-que-heredas-un-sistema-que-yo-he-construido.html\">el rey Juan Carlos<\/a>; o lo podr\u00eda haber hecho Alfonso Guerra, con quien Carmen tuvo una relaci\u00f3n muy estrecha. Ninguno de esos hombres que trabajaron con ella ha movido nunca un dedo para que se la dignifique\u201d, lamenta Romero, autora de El tri\u00e1ngulo de la transici\u00f3n (Planeta), probablemente el libro m\u00e1s completo y riguroso sobre la vida y el legado pol\u00edtico de D\u00edez de Rivera. <\/p>\n<p class=\"\">Se ha escrito mucho sobre el papel de los hombres de la Transici\u00f3n. Pero apenas se ha profundizado en la figura de la \u00fanica mujer con poder pol\u00edtico real y con un papel activo en el desmantelamiento del franquismo y la restituci\u00f3n de la democracia en Espa\u00f1a. Y cuando se ha hecho, casi siempre ha sido en clave de ficci\u00f3n, a veces con tintes telenovelescos. Ah\u00ed est\u00e1n novelas como Lo que escond\u00edan sus ojos, de Nieves Herrero; Dej\u00e9 de pronunciar tu nombre, de Luis Herrero; o<b> <\/b><a href=\"https:\/\/elpais.com\/cultura\/2013\/02\/05\/actualidad\/1360070874_581890.html\" target=\"_self\" rel=\"nofollow noopener\" title=\"https:\/\/elpais.com\/cultura\/2013\/02\/05\/actualidad\/1360070874_581890.html\">El azar de la mujer rubia, de Manuel Vicent<\/a>; o la obra de teatro Carmen, nada de nadie, de Francisco M. Tall\u00f3n y Miguel P\u00e9rez Garc\u00eda. En <a href=\"https:\/\/elpais.com\/television\/series\/2025-11-16\/anatomia-de-un-instante-la-gran-novela-sobre-el-23-f-ahora-tambien-es-la-gran-serie-sobre-el-golpe.html\" target=\"_self\" rel=\"nofollow noopener\" title=\"https:\/\/elpais.com\/television\/series\/2025-11-16\/anatomia-de-un-instante-la-gran-novela-sobre-el-23-f-ahora-tambien-es-la-gran-serie-sobre-el-golpe.html\">Anatom\u00eda de un instante<\/a>, la miniserie que acaba de estrenar Movistar Plus+ basada en la novela de Javier Cercas sobre el 23-F, Carmen aparece brevemente, retratada como una simple secretaria. <\/p>\n<p class=\"\">No hay grandes estudios acad\u00e9micos sobre D\u00edez de Rivera. Tampoco hay calles o plazas con su nombre. \u201cSe habla poco de Carmen porque estuvo poco tiempo en el gobierno. Fue poco tiempo, pero fue \u2018el tiempo\u2019. Fueron los nueve meses que vivimos peligrosamente y en los que se desmont\u00f3 el andamiaje del franquismo. Ella estuvo ah\u00ed cuando se aprob\u00f3 la ley para la Reforma Pol\u00edtica; cuando se legaliz\u00f3 el Partido Comunista, tras <a href=\"https:\/\/elpais.com\/cultura\/2025-01-17\/siete-dias-en-mayo-la-pelicula-para-pasar-el-testigo-del-recuerdo-de-la-matanza-de-atocha.html\" target=\"_self\" rel=\"nofollow noopener\" title=\"https:\/\/elpais.com\/cultura\/2025-01-17\/siete-dias-en-mayo-la-pelicula-para-pasar-el-testigo-del-recuerdo-de-la-matanza-de-atocha.html\">la matanza de Atocha<\/a>; y cuando se convocaron las primeras elecciones democr\u00e1ticas\u201d, explica Romero. <\/p>\n<p class=\"\">Hay otros motivos que explican por qu\u00e9 Espa\u00f1a la ha olvidado. \u201cEra una mujer en un mundo y en un tiempo de hombres, y luego fue calumniada, vilipendiada, maltratada, descrita como una secretaria, como una esp\u00eda, como una amante, o como una chica para todo. Es un poco la historia de las mujeres: siempre nos cuesta m\u00e1s\u201d, apunta su bi\u00f3grafa. <\/p>\n<p class=\"\">La excesiva discreci\u00f3n de D\u00edez de Rivera tampoco jug\u00f3 a su favor. Cada vez que alguien la llamaba para hablar sobre su labor en la Transici\u00f3n, dec\u00eda que no. Ella misma contribuy\u00f3 a su silencio. Y cuando quiso dar el paso y escribir sus memorias, enferm\u00f3 de c\u00e1ncer y muri\u00f3. Falleci\u00f3 en 1999, solo ten\u00eda 57 a\u00f1os. <\/p>\n<p><img decoding=\"auto\" class=\"_re lazyload a_m-h\" height=\"305\"  width=\"414\"  src=\"https:\/\/www.europesays.com\/es\/wp-content\/uploads\/2025\/12\/ZCIO7VI62VGZPDNAMMDSUXWZWA.jpg\" loading=\"lazy\"\/>Carmen D\u00edez de Rivera y Cayetana de Alba en el Rastrillo, en 1971.EFE<\/p>\n<p class=\"\">Pese a esa discreci\u00f3n, Carmen D\u00edez de Rivera e Icaza estaba llamada a tener un papel importante en la extinci\u00f3n del franquismo. La primera vez que puso en aprietos a la dictadura fue el 29 de agosto de 1942, el mismo d\u00eda de su nacimiento. Su llegada al mundo, tres a\u00f1os despu\u00e9s del fin de la Guerra Civil, provoc\u00f3 la indignaci\u00f3n de la clase alta y el enfado de Franco y su esposa, Carmen Polo. Era vox populi que la ni\u00f1a no era hija de su padre, Francisco de Paula Diez de Rivera, marqu\u00e9s de Llanzol, sino de <a href=\"https:\/\/elpais.com\/cultura\/2017\/04\/21\/actualidad\/1492804310_983775.html\" target=\"_self\" rel=\"nofollow noopener\" title=\"https:\/\/elpais.com\/cultura\/2017\/04\/21\/actualidad\/1492804310_983775.html\">Ram\u00f3n Serrano Su\u00f1er<\/a>, ministro de Exteriores, mano derecha y cu\u00f1ado del dictador. Franco pod\u00eda tolerar el affaire de Serrano con Sonsoles de Icaza, la tan admirada marquesa de Llanzol, pero no una bastarda en el seno del r\u00e9gimen. Solo tres d\u00edas despu\u00e9s del nacimiento de Carmen, Franco apart\u00f3 a su \u201ccu\u00f1ad\u00edsimo\u201d de todos sus cargos. <\/p>\n<p class=\"\">La segunda vez que D\u00edez de Rivera hizo tambalear al franquismo fue en 1959. Ten\u00eda 17 a\u00f1os e iba a solicitar la partida de bautismo para iniciar los tr\u00e1mites para casarse con el amor de su vida, Ram\u00f3n Serrano Su\u00f1er Polo. Su t\u00eda, la escritora Carmen de Icaza, tuvo que comunicarle que su futuro marido, sobrino de Franco, era en realidad su hermano. Hasta entonces, las \u00e9lites del r\u00e9gimen le hab\u00edan ocultado qui\u00e9n era su verdadero padre. La noticia la destroz\u00f3. Se fue de misionera a \u00c1frica, luego tuvo que someterse a curas de sue\u00f1o en Francia y Suiza y hasta se meti\u00f3 a monja de clausura. <\/p>\n<p class=\"\">A la tercera, consigui\u00f3 lo que siempre hab\u00eda ansiado: el fin de la dictadura. El 5 de julio de 1976, con 33 a\u00f1os, D\u00edez de Rivera acept\u00f3 convertirse en jefa de gabinete del reci\u00e9n nombrado presidente Adolfo Su\u00e1rez. El rey Juan Carlos consideraba que la arist\u00f3crata, amiga suya y sobrina de Alfonso Armada, era la persona adecuada para darle \u201cvalidez democr\u00e1tica\u201d y \u201caperturismo\u201d al gobierno de transici\u00f3n y crear una nueva imagen de Espa\u00f1a en el extranjero. Era cosmopolita, moderna, hablaba idiomas, y ten\u00eda una agenda impresionante. El nuevo presidente, en cambio, estaba demasiado vinculado al viejo r\u00e9gimen y era poco conocido por el gran p\u00fablico.<\/p>\n<p class=\"\">En julio del 76, reci\u00e9n llegada al gobierno, la flamante jefa de Gabinete habl\u00f3 con un periodista de Blanco y Negro, el semanario de Abc. La conversaci\u00f3n fue toda una declaraci\u00f3n de intenciones. \u201cLo peor que nos pod\u00eda pasar es que nos llegara otro Pinochet\u201d. \u201cLa derecha en Espa\u00f1a ha sido siempre irracional\u201d. \u201cNo conocemos a los que de verdad manejan el pa\u00eds y esos son los m\u00e1s peligrosos. Ah\u00ed es donde est\u00e1 el verdadero peligro de la ruptura, no en la izquierda\u201d. \u201cSi el capital no cambia de manos, todo seguir\u00e1 igual\u201d. <\/p>\n<p class=\"\">El Rey y Su\u00e1rez se molestaron por esas declaraciones. Seg\u00fan Ana Romero, esa entrevista marc\u00f3 el inicio de los problemas de Carmen dentro y fuera de la presidencia. \u201cLa derecha ya me la jur\u00f3 eternamente\u201d, le reconocer\u00eda la pol\u00edtica a la periodista a\u00f1os despu\u00e9s. <\/p>\n<p class=\"\">D\u00edez de Rivera empez\u00f3 a recibir amenazas y presiones, pero no dio un paso atr\u00e1s. En septiembre de 1976, public\u00f3 en Blanco y Negro un art\u00edculo feminista exigiendo \u201cla descolonizaci\u00f3n psicol\u00f3gica en torno a la mujer y su integraci\u00f3n paritaria dentro de la actividad pol\u00edtica\u201d. <\/p>\n<p class=\"\">Demostr\u00f3 su compromiso con el feminismo dando ejemplo, desobedeciendo sistem\u00e1ticamente a los hombres que quer\u00edan controlarla. En noviembre del 76 dio <a href=\"https:\/\/elpais.com\/diario\/1976\/11\/27\/sociedad\/217897201_850215.html\" target=\"_self\" rel=\"nofollow noopener\" title=\"https:\/\/elpais.com\/diario\/1976\/11\/27\/sociedad\/217897201_850215.html\">su primera entrevista a EL PA\u00cdS<\/a>, en la que pidi\u00f3 la legalizaci\u00f3n del Partido Comunista y admiti\u00f3 la existencia de \u201cuna lucha de clases\u201d. Sus palabras disgustaron a Adolfo Su\u00e1rez, pero ella no retrocedi\u00f3. En diciembre de ese a\u00f1o, cuando Santiago Carrillo fue detenido, recibi\u00f3 a los comunistas en la sede de la presidencia. Cuando liberaron al l\u00edder del PC, se encontr\u00f3 con \u00e9l y le dijo frente a la prensa: \u201cA ver cu\u00e1ndo nos tomamos un chinch\u00f3n\u201d. Ese mes de enero del 77, tras la Matanza de Atocha, tambi\u00e9n hizo presi\u00f3n para que el Gobierno autorizara un funeral p\u00fablico. <\/p>\n<p class=\"\">Tras meses de tira y afloja, Su\u00e1rez finalmente legaliz\u00f3 al PC. Esa noche, la del 9 de abril de 1977, Carmen escribi\u00f3 en su diario: \u201cS\u00e1bado rojo: se acab\u00f3 la dictadura fascista\u201d. No sab\u00eda que sus d\u00edas en La Moncloa estaban contados. Casi un mes despu\u00e9s, el presidente la iba a cesar.<\/p>\n<p class=\"\">Ese mayo consigui\u00f3 que el Rey recibiera a Enrique Tierno Galv\u00e1n. El l\u00edder del PSP fue la primera persona de la oposici\u00f3n con la que se reuni\u00f3 el monarca en la Zarzuela. Ese mes, tambi\u00e9n, se reuni\u00f3 con Pilar Primo de Rivera para anunciarle que el Gobierno iba a \u201cdesamortizar\u201d la Secci\u00f3n Femenina. Su\u00e1rez se lo hab\u00eda prohibido, pero ella sigui\u00f3 adelante. Ante la indignaci\u00f3n de la lideresa falangista, Carmen D\u00edez de Rivera, hija biol\u00f3gica de Serrano Su\u00f1er, le replic\u00f3: \u201cEs mejor as\u00ed, ahora pasar\u00e1 a convertirse en patrimonio de todos\u201d. <\/p>\n<p><img decoding=\"auto\" class=\"_re lazyload a_m-h\" height=\"278\"  width=\"414\"  src=\"https:\/\/www.europesays.com\/es\/wp-content\/uploads\/2025\/12\/XAHJAIB47VE2ZCJ5BPJN4XLKEU.jpg\" loading=\"lazy\"\/>Carmen D\u00edez de Rivera.C\u00e9sar Lucas<\/p>\n<p class=\"\">\u201cCarmen demostr\u00f3 m\u00e1s valor que el propio Su\u00e1rez. Estuvo m\u00e1s lanzada y m\u00e1s decidida. Ten\u00eda una visi\u00f3n mucho m\u00e1s realista y dem\u00f3crata de lo que deb\u00eda ser la Transici\u00f3n. Ten\u00eda claro que el mapa de una Espa\u00f1a democr\u00e1tica no pod\u00eda terminar en el PSOE, que hab\u00eda que legalizar los partidos a la izquierda del PSOE y no solo el PC\u201d, explica Jorge Carrillo, hijo de Santiago Carrillo. \u201cCarmen es uno de los grandes personajes de la Transici\u00f3n y uno de los que menos se habla. Ahora parece que <a href=\"https:\/\/elpais.com\/opinion\/2025-11-18\/juan-carlos-i-en-la-transicion.html\" target=\"_self\" rel=\"nofollow noopener\" title=\"https:\/\/elpais.com\/opinion\/2025-11-18\/juan-carlos-i-en-la-transicion.html\">la Transici\u00f3n solo la hizo el rey Juan Carlos<\/a>. Si Juan Carlos hubiera hecho la Transici\u00f3n que quer\u00eda, la habr\u00eda parado en el PSOE\u201d, se\u00f1ala Carrillo.<\/p>\n<p class=\"\">D\u00edez de Rivera no sinti\u00f3 tristeza por su cese. Se sinti\u00f3 incomprendida y decepcionada, pero tambi\u00e9n aliviada. El d\u00eda de su despido coincidi\u00f3 con el regreso de Dolores Ib\u00e1rruri a Espa\u00f1a. Admiraba a Pasionaria. \u201cConoc\u00ed a Carmen en el 77. Cuando me dijeron que ten\u00eda 33 a\u00f1os, me qued\u00e9 con la boca abierta. Yo pensaba que ten\u00eda 50. Parec\u00eda como si ya hubiera vivido diez vidas\u201d, recuerda <a href=\"https:\/\/elpais.com\/cultura\/2024-01-23\/lola-ruiz-ibarruri-nieta-de-pasionaria-a-mi-abuela-una-coalicion-de-gobierno-como-la-actual-le-traeria-el-recuerdo-del-frente-popular.html\" target=\"_self\" rel=\"nofollow noopener\" title=\"https:\/\/elpais.com\/cultura\/2024-01-23\/lola-ruiz-ibarruri-nieta-de-pasionaria-a-mi-abuela-una-coalicion-de-gobierno-como-la-actual-le-traeria-el-recuerdo-del-frente-popular.html\">Lola Ruiz-Ib\u00e1rruri, nieta de Pasionaria<\/a>. \u201cDolores, mi abuela, se re\u00eda hasta de su propia sombra. Para una persona como Carmen, que ten\u00eda ah\u00ed dentro sus dramas y sombras, Dolores era un ejemplo de supervivencia\u201d.<\/p>\n<p class=\"\">La \u201cmusa de la Transici\u00f3n\u201d siempre fue una gran incomprendida. Los de izquierda le reprochaban que hab\u00eda estado cerca de la UCD; los de derecha dec\u00edan que era af\u00edn al Partido Comunista. Su evoluci\u00f3n ideol\u00f3gica fue impresionante. Comenz\u00f3 en pol\u00edtica de la mano de Dionisio Ridruejo y la USDE. Trabaj\u00f3 para Adolfo Su\u00e1rez, pero se acerc\u00f3 al Partido Socialista Popular de Tierno Galv\u00e1n. Rechaz\u00f3 ser de la UCD, pero volvi\u00f3 a trabajar con Su\u00e1rez como eurodiputada para el CDS. Y termin\u00f3 afili\u00e1ndose al PSOE, aunque nunca se vio a s\u00ed misma como una militante socialista al uso. <\/p>\n<p class=\"\">\u201cCarmen era un c\u00f3ctel pol\u00edtico imposible de definir. Era demasiado grande en todos los sentidos como para reducirla a un partido\u201d, se\u00f1ala Romero. \u201cEra una mujer progresista, que cre\u00eda en la igualdad, pero tambi\u00e9n era profundamente cat\u00f3lica. Era muy moderna. Una de sus obsesiones eran los j\u00f3venes. Siempre dec\u00eda: \u2018Aqu\u00ed siempre est\u00e1n los mismos\u201d. Al final de su vida, se defini\u00f3 como \u201cecosocialista\u201d. Fue una adelantada en la defensa del medio ambiente. En el Parlamento Europeo tambi\u00e9n luch\u00f3 contra el tabaco, el turismo de masas o la precarizaci\u00f3n de la sanidad.<\/p>\n<p class=\"\">\u201cEra muy conocida en el Parlamento Europeo y una gran desconocida en la sociedad espa\u00f1ola. Aqu\u00ed solo se la conoc\u00eda como \u2018la mujer rubia de Moncloa\u2019. No ha sido suficientemente reconocida y se merece este reconocimiento\u201d, dice Francisca Sauquillo, que fue su amiga y compa\u00f1era en las filas del PSOE. \u201cYo estuve con ella hasta el momento final de su vida, fui quiz\u00e1 la \u00faltima persona que estuvo con ella. Carmen era una mujer valiente, que trabaj\u00f3 por la democracia, el feminismo y el ecologismo. Estos dos \u00faltimos temas los llev\u00f3 a Europa cuando nadie hablaba de eso en Espa\u00f1a\u201d, concluye Sauquillo.<\/p>\n<p class=\"\">Es dif\u00edcil saber si D\u00edez de Rivera aceptar\u00eda hoy un reconocimiento por su papel en la Transici\u00f3n. \u201cEs una buena pregunta. Yo creo que s\u00ed\u201d, responde Ana Romero. \u201cAl menos intentar\u00edamos convencerla porque se lo merece much\u00edsimo\u201d. <\/p>\n","protected":false},"excerpt":{"rendered":"A finales de mayo de 1977, pocos d\u00edas despu\u00e9s de ser cesada como jefa de Gabinete de Adolfo&hellip;\n","protected":false},"author":2,"featured_media":275618,"comment_status":"","ping_status":"","sticky":false,"template":"","format":"standard","meta":{"footnotes":""},"categories":[8],"tags":[61448,17,18,67218,15396,4875,1800,25,24,13,14,42487,11,23487,19,20,9,10,15,16,67220,1699,67219,11789,61449,25601,23,12,4737,21,22],"class_list":{"0":"post-275617","1":"post","2":"type-post","3":"status-publish","4":"format-standard","5":"has-post-thumbnail","7":"category-espana","8":"tag-adolfo-suarez","9":"tag-breaking-news","10":"tag-breakingnews","11":"tag-carmen-diez-de-rivera","12":"tag-comunismo","13":"tag-democracia","14":"tag-ecologia","15":"tag-es","16":"tag-espana","17":"tag-featured-news","18":"tag-featurednews","19":"tag-felipe-gonzalez-marquez","20":"tag-headlines","21":"tag-juan-carlos-i","22":"tag-latest-news","23":"tag-latestnews","24":"tag-news","25":"tag-noticias","26":"tag-noticias-destacadas","27":"tag-noticiasdestacadas","28":"tag-pce","29":"tag-psoe","30":"tag-ramon-serrano-suner","31":"tag-reina-sofia","32":"tag-santiago-carrillo","33":"tag-socialismo","34":"tag-spain","35":"tag-titulares","36":"tag-transicion-espanola","37":"tag-ultimas-noticias","38":"tag-ultimasnoticias"},"share_on_mastodon":{"url":"https:\/\/pubeurope.com\/@es\/115677506628061330","error":""},"_links":{"self":[{"href":"https:\/\/www.europesays.com\/es\/wp-json\/wp\/v2\/posts\/275617","targetHints":{"allow":["GET"]}}],"collection":[{"href":"https:\/\/www.europesays.com\/es\/wp-json\/wp\/v2\/posts"}],"about":[{"href":"https:\/\/www.europesays.com\/es\/wp-json\/wp\/v2\/types\/post"}],"author":[{"embeddable":true,"href":"https:\/\/www.europesays.com\/es\/wp-json\/wp\/v2\/users\/2"}],"replies":[{"embeddable":true,"href":"https:\/\/www.europesays.com\/es\/wp-json\/wp\/v2\/comments?post=275617"}],"version-history":[{"count":0,"href":"https:\/\/www.europesays.com\/es\/wp-json\/wp\/v2\/posts\/275617\/revisions"}],"wp:featuredmedia":[{"embeddable":true,"href":"https:\/\/www.europesays.com\/es\/wp-json\/wp\/v2\/media\/275618"}],"wp:attachment":[{"href":"https:\/\/www.europesays.com\/es\/wp-json\/wp\/v2\/media?parent=275617"}],"wp:term":[{"taxonomy":"category","embeddable":true,"href":"https:\/\/www.europesays.com\/es\/wp-json\/wp\/v2\/categories?post=275617"},{"taxonomy":"post_tag","embeddable":true,"href":"https:\/\/www.europesays.com\/es\/wp-json\/wp\/v2\/tags?post=275617"}],"curies":[{"name":"wp","href":"https:\/\/api.w.org\/{rel}","templated":true}]}}