{"id":275621,"date":"2025-12-07T09:15:15","date_gmt":"2025-12-07T09:15:15","guid":{"rendered":"https:\/\/www.europesays.com\/es\/275621\/"},"modified":"2025-12-07T09:15:15","modified_gmt":"2025-12-07T09:15:15","slug":"tenista-famoso-boris-becker-extenista-57-anos-desvela-como-era-su-vida-en-la-carcel-los-presos-querian-mucho-a-nadal","status":"publish","type":"post","link":"https:\/\/www.europesays.com\/es\/275621\/","title":{"rendered":"TENISTA FAMOSO | Boris Becker, extenista (57 a\u00f1os), desvela c\u00f3mo era su vida en la c\u00e1rcel: \u00abLos presos quer\u00edan mucho a Nadal\u00bb"},"content":{"rendered":"<p class=\"ft-text\"><a class=\"ft-link ft-link--decoration\" href=\"https:\/\/www.elperiodicomediterraneo.com\/tags\/boris-becker\/\" rel=\"nofollow noopener\" target=\"_blank\"><strong>Boris Becker<\/strong><\/a><strong> <\/strong>fue una leyenda del tenis. Un talento prematuro que destac\u00f3 con tan solo 17 a\u00f1os, levantando el t\u00edtulo de\u00a0<a class=\"ft-link ft-link--decoration\" href=\"https:\/\/www.elperiodicomediterraneo.com\/tags\/wimbledon\/\" rel=\"nofollow noopener\" target=\"_blank\"><strong>Wimbledon<\/strong><\/a><strong>\u00a0<\/strong>y lanzando un mensaje al mundo del tenis. Hab\u00eda aparecido en el circuito para hacer historia. Y la hizo: seis t\u00edtulos de<strong>\u00a0Grand Slam<\/strong>\u00a0y un talento que\u00a0<strong>desbordaba personalidad y carisma<\/strong>. El alem\u00e1n no dejaba a nadie indiferente y as\u00ed sigui\u00f3 tras su retirada.<\/p>\n<p class=\"ft-text\">Nunca quiso desvincularse del tenis. El deporte de raqueta hab\u00eda sido su vida y seguir\u00eda si\u00e9ndolo hasta el final de sus d\u00edas. Por eso se hizo entrenador, y no de cualquiera.\u00a0<strong>Junto a Novak Djokovic lograron grandes \u00e9xitos, en uno de los per\u00edodos m\u00e1s exitosos de la carrera del serbio<\/strong>. Se juntaron dos tenistas legendarios para seguir haciendo historia en el circuito. Hasta que en el a\u00f1o 2016 separaron sus caminos.<\/p>\n<p>Un giro dram\u00e1tico en su vida<\/p>\n<p class=\"ft-text\">Su conocimiento sobre el tenis le vali\u00f3 para que su voz la escucharan miles de hogares en todo el mundo. En <a class=\"ft-link ft-link--decoration\" href=\"https:\/\/www.elperiodicomediterraneo.com\/ocio\/tv\/\" target=\"_blank\" rel=\"nofollow noopener\">televisi\u00f3n<\/a>,<strong>\u00a0tambi\u00e9n aport\u00f3 su grano de arena para compartir su pasi\u00f3n por un deporte que estaba al alza<\/strong>. El &#8216;Big Three&#8217; al completo estaba a punto de despedirse a ra\u00edz de <strong>Roger Federer<\/strong>,<strong>\u00a0pero los esp\u00edritus de Nadal y Djokovic segu\u00edan muy vivos.<\/strong>\u00a0Aunque todo se torci\u00f3 en el a\u00f1o 2022.<\/p>\n<p><img decoding=\"async\" src=\"https:\/\/www.europesays.com\/es\/wp-content\/uploads\/2025\/12\/9077cacc-4c9d-4e29-bc49-ace97473b5d2_alta-libre-aspect-ratio_default_0.jpg\" width=\"1200\" height=\"675\" alt=\"Becker, en una imagen del a\u00f1o 2024.\" class=\"ft-helper-img-rd\" loading=\"lazy\"\/><\/p>\n<p class=\"ft-helper-fontColor-quaternary ft-helper-fontSize-body-S ft-helper-spacer-t-xxs\">Becker, en una imagen del a\u00f1o 2024.  \/ EFE<\/p>\n<p class=\"ft-text\">En abril de ese mismo a\u00f1o,\u00a0<strong>Boris Becker fue condenado a dos a\u00f1os y medio de prisi\u00f3n<\/strong>. Culpable de cuatro cargos al no declarar correctamente parte de su <a class=\"ft-link ft-link--decoration\" href=\"https:\/\/www.elperiodicomediterraneo.com\/tags\/patrimonio\/\" target=\"_blank\" rel=\"nofollow noopener\">patrimonio<\/a> en su procedimiento de quiebra. \u00ab<strong>Claro que era culpable<\/strong>\u00ab, confes\u00f3 a\u00f1os despu\u00e9s. \u00ab<strong>El jurado ni siquiera sab\u00eda qui\u00e9n estaba sentado frente a ellos. La mitad ten\u00edan menos de 30 a\u00f1os<\/strong>\u00ab. Estuvo un total de ocho meses en la prisi\u00f3n de Wandsworth, el peor centro penitenciario de Inglaterra.<\/p>\n<p class=\"ft-text\">All\u00ed vivi\u00f3 un tormento.<strong>\u00a0\u00abUn preso quer\u00eda matarme y otro me amenaz\u00f3 con violarme. Me explic\u00f3 verbalmente todo lo que iba a hacerme<\/strong>\u00ab, confes\u00f3. Sin embargo, el tenis, una vez m\u00e1s, le volvi\u00f3 a salvar. Wimbledon volv\u00eda a ser el escenario mundial y los reclusos se reun\u00edan en el gimnasio para ver los partidos que proyectaban en la televisi\u00f3n.<strong>\u00a0Todos se acercaban a Becker<\/strong>, pregunt\u00e1ndole qui\u00e9n iba a ser el campe\u00f3n del torneo masculino.<\/p>\n<p><img decoding=\"async\" src=\"https:\/\/www.europesays.com\/es\/wp-content\/uploads\/2025\/12\/2e01767f-dd0d-46f6-8648-6f5d1946322e_alta-libre-aspect-ratio_default_0.jpg\" width=\"1200\" height=\"674\" alt=\"Novak Djokovic y Boris Becker.\" class=\"ft-helper-img-rd\" loading=\"lazy\"\/><\/p>\n<p class=\"ft-helper-fontColor-quaternary ft-helper-fontSize-body-S ft-helper-spacer-t-xxs\">Novak Djokovic y Boris Becker.  \/ Archivo<\/p>\n<p class=\"ft-text\">\u00ab<strong>Los europeos del este apoyaban a Novak a muerte y hab\u00eda mucho cari\u00f1o hacia Rafa Nadal, porque es <\/strong><a class=\"ft-link ft-link--decoration\" href=\"https:\/\/www.elperiodicomediterraneo.com\/tags\/rafa-nadal\/\" rel=\"nofollow noopener\" target=\"_blank\"><strong>Rafa Nadal<\/strong><\/a><strong>\u00ab<\/strong>, aseguraba. Tambi\u00e9n desvel\u00f3 lo importante que fue para \u00e9l ver a su familia desde la televisi\u00f3n. Novak Djokovic les regalaba entradas tanto a su mujer como a sus hijos para que fueran a ver los partidos. Gracias a eso, ten\u00eda la oportunidad de ver c\u00f3mo estaban si la c\u00e1mara les enfocaba.<\/p>\n<p class=\"ft-text\">\u00abRecuerdo ver a Rafa luchar a brazo partido contra Taylor Fritz, superando lesiones, dolor y todo tipo de dudas para acabar ganando en la quinta manga. En un tie-break digno de campe\u00f3n.\u00a0<strong>Detect\u00e9 el momento en que Fritz empezaba a agobiarse. Le ve\u00eda nervioso y asustado. Todos esos pensamientos eran una v\u00eda de escape para esas horas<\/strong>\u00ab, describ\u00eda en &#8216;Inside&#8217;.<\/p>\n<p><img decoding=\"async\" src=\"https:\/\/www.europesays.com\/es\/wp-content\/uploads\/2025\/12\/a14bd502-4096-49fe-86c2-e961f18dcd34_alta-libre-aspect-ratio_default_0.jpg\" width=\"1200\" height=\"675\" alt=\"Nadal jug\u00f3 con una rotura de 7 mil\u00edmetros ante Fritz en Wimbledon 2022.\" class=\"ft-helper-img-rd\" loading=\"lazy\"\/><\/p>\n<p class=\"ft-helper-fontColor-quaternary ft-helper-fontSize-body-S ft-helper-spacer-t-xxs\">Nadal jug\u00f3 con una rotura de 7 mil\u00edmetros ante Fritz en Wimbledon 2022.  \/ EFE<\/p>\n<p class=\"ft-text\">Tambi\u00e9n explic\u00f3 c\u00f3mo vivi\u00f3 la final de Wimbledon entre <a class=\"ft-link ft-link--decoration\" href=\"https:\/\/www.elperiodicomediterraneo.com\/tags\/novak-djokovic\/\" rel=\"nofollow noopener\" target=\"_blank\"><strong>Novak Djokovic<\/strong><\/a> y Nick Kyrgios. \u00ab<strong>Todos estaban viendo el partido. Todos iban con Novak. Todos iban conmigo.<\/strong>\u00a0Cuando gan\u00f3, levant\u00e9 los brazos, y cuando lo hice, el ruido a lo largo de la galer\u00eda estall\u00f3 de nuevo, m\u00e1s fuerte que nunca. Los golpes se prolongaron diez minutos. En las paredes, en las puertas.\u00a0<strong>Me qued\u00e9 all\u00ed plantado y llor\u00e9.<\/strong>\u00a0Todo afloraba: la tensi\u00f3n, las dudas, el estr\u00e9s, la esperanza. El amor que sent\u00eda por Lilian y mis hijos, el amor que sent\u00eda por Novak (&#8230;).\u00a0<strong>Mi vida estaba entre rejas. Pero tambi\u00e9n estaba volando. Estaba volando<\/strong>\u00ab.<\/p>\n<p class=\"ft-text\">Tras cumplir una tercera parte de su condena, <strong>Boris Becke<\/strong>r sali\u00f3 de la c\u00e1rcel ocho meses despu\u00e9s.\u00a0<strong>Deportado por <\/strong><a class=\"ft-link ft-link--decoration\" href=\"https:\/\/www.elperiodicomediterraneo.com\/tags\/reino-unido\/\" target=\"_blank\" rel=\"nofollow noopener\"><strong>Reino Unido<\/strong><\/a><strong>, volvi\u00f3 a su <\/strong><a class=\"ft-link ft-link--decoration\" href=\"https:\/\/www.elperiodicomediterraneo.com\/tags\/alemania\/\" target=\"_blank\" rel=\"nofollow noopener\"><strong>Alemania<\/strong><\/a><strong> natal para empezar una nueva vida<\/strong>. \u00abPor primera vez puedo pensar en qu\u00e9 quiero hacer el resto de mi vida, d\u00f3nde vivir, d\u00f3nde quiero envejecer\u00bb, coment\u00f3 al abandonar Inglaterra. Tres a\u00f1os despu\u00e9s, ha estrenado un <a class=\"ft-link ft-link--decoration\" href=\"https:\/\/www.elperiodicomediterraneo.com\/tags\/libros\/\" target=\"_blank\" rel=\"nofollow noopener\">libro<\/a> y sigue disfrutando del tenis. Ahora desde <a class=\"ft-link ft-link--decoration\" href=\"https:\/\/www.elperiodicomediterraneo.com\/tags\/casa\/\" target=\"_blank\" rel=\"nofollow noopener\">casa<\/a>.<\/p>\n","protected":false},"excerpt":{"rendered":"Boris Becker fue una leyenda del tenis. Un talento prematuro que destac\u00f3 con tan solo 17 a\u00f1os, levantando&hellip;\n","protected":false},"author":2,"featured_media":275622,"comment_status":"","ping_status":"","sticky":false,"template":"","format":"standard","meta":{"footnotes":""},"categories":[274],"tags":[36386,38106,4280,24649,168,4482,25,24,21316,448,3489,547,12470,12830,6894,23,167,807,327,326,2606,546],"class_list":{"0":"post-275621","1":"post","2":"type-post","3":"status-publish","4":"format-standard","5":"has-post-thumbnail","7":"category-tenis","8":"tag-becker","9":"tag-boris","10":"tag-carcel","11":"tag-culpable","12":"tag-deportes","13":"tag-dv","14":"tag-es","15":"tag-espana","16":"tag-extenista","17":"tag-historia","18":"tag-nadal","19":"tag-novak-djokovic","20":"tag-preso","21":"tag-rafa","22":"tag-rafa-nadal","23":"tag-spain","24":"tag-sports","25":"tag-television","26":"tag-tenis","27":"tag-tennis","28":"tag-vida","29":"tag-wimbledon"},"share_on_mastodon":{"url":"https:\/\/pubeurope.com\/@es\/115677530040529468","error":""},"_links":{"self":[{"href":"https:\/\/www.europesays.com\/es\/wp-json\/wp\/v2\/posts\/275621","targetHints":{"allow":["GET"]}}],"collection":[{"href":"https:\/\/www.europesays.com\/es\/wp-json\/wp\/v2\/posts"}],"about":[{"href":"https:\/\/www.europesays.com\/es\/wp-json\/wp\/v2\/types\/post"}],"author":[{"embeddable":true,"href":"https:\/\/www.europesays.com\/es\/wp-json\/wp\/v2\/users\/2"}],"replies":[{"embeddable":true,"href":"https:\/\/www.europesays.com\/es\/wp-json\/wp\/v2\/comments?post=275621"}],"version-history":[{"count":0,"href":"https:\/\/www.europesays.com\/es\/wp-json\/wp\/v2\/posts\/275621\/revisions"}],"wp:featuredmedia":[{"embeddable":true,"href":"https:\/\/www.europesays.com\/es\/wp-json\/wp\/v2\/media\/275622"}],"wp:attachment":[{"href":"https:\/\/www.europesays.com\/es\/wp-json\/wp\/v2\/media?parent=275621"}],"wp:term":[{"taxonomy":"category","embeddable":true,"href":"https:\/\/www.europesays.com\/es\/wp-json\/wp\/v2\/categories?post=275621"},{"taxonomy":"post_tag","embeddable":true,"href":"https:\/\/www.europesays.com\/es\/wp-json\/wp\/v2\/tags?post=275621"}],"curies":[{"name":"wp","href":"https:\/\/api.w.org\/{rel}","templated":true}]}}