{"id":275631,"date":"2025-12-07T09:21:27","date_gmt":"2025-12-07T09:21:27","guid":{"rendered":"https:\/\/www.europesays.com\/es\/275631\/"},"modified":"2025-12-07T09:21:27","modified_gmt":"2025-12-07T09:21:27","slug":"el-atlas-mundial-del-arte-urbano-se-escribe-desde-valencia","status":"publish","type":"post","link":"https:\/\/www.europesays.com\/es\/275631\/","title":{"rendered":"El Atlas mundial del arte urbano se escribe desde Val\u00e8ncia"},"content":{"rendered":"<p class=\"ft-text ft-helper-closenews\">No hace falta ser experto en Historia del Arte para entender la <strong>relevancia que han tenido muros y paredes <\/strong>en la expresi\u00f3n de la creatividad y la inquietud humana. El valenciano <strong>Diego L\u00f3pez, <\/strong>uno de los <strong>mayores especialistas en Espa\u00f1a en <\/strong><a class=\"ft-link ft-link--decoration\" href=\"https:\/\/www.levante-emv.com\/tags\/grafitis\/\" rel=\"nofollow noopener\" target=\"_blank\"><strong>grafiti <\/strong><\/a><strong>y arte urbano, <\/strong>recuerda que desde las cavernas, pasando por los muros romanos, hasta las ciudades contempor\u00e1neas, estas intervenciones en el espacio p\u00fablico \u00abpresentan un deseo de trascender la propia existencia y de interactuar con los dem\u00e1s para dejar parte de su esencia\u00bb. Seg\u00fan \u00e9l, ya sea garabatear unas iniciales en la tapia de un cementerio o plasmar una enorme paisaje buc\u00f3lico en la frontera de un edificio responde siempre a la necesidad de \u00abreclamar el espacio donde vivimos para los que estamos all\u00ed, y no solo para que los de arriba y los amigos del comercio utilicen los muros para su propaganda\u00bb.<\/p>\n<p><img decoding=\"async\" src=\"https:\/\/www.europesays.com\/es\/wp-content\/uploads\/2025\/12\/37bdc3bf-1e96-4ac6-b464-81afe5757944_alta-libre-aspect-ratio_default_0.jpg\" width=\"1200\" height=\"1014\" alt=\"Pez  Distrito Pez cielo (1)\" class=\"ft-helper-img-rd\" loading=\"lazy\"\/><\/p>\n<p class=\"ft-helper-fontColor-quaternary ft-helper-fontSize-body-S ft-helper-spacer-t-xxs\">Pez Distrito Pez cielo (1)  \/ D. G.<\/p>\n<p class=\"ft-text\">Aunque <strong>hace m\u00e1s de 40.000 a\u00f1os que el ser humano dibuja y pinta <\/strong>sobre superficies verticales, los expertos sit\u00fa+an el nacimiento del grafiti contempor\u00e1neo -y, con \u00e9l, del arte urbano- en la d\u00e9cada de 1960. <strong>Cornbread <\/strong>est\u00e1 considerado el pionero del arte urbano con el misterioso tag con el que llenaba las paredes de Filadelfia. Poco despu\u00e9s, la firma de <strong>Taki 183 <\/strong>comenz\u00f3 a aparecer por toda Nueva York e inspir\u00f3 a miles de j\u00f3venes a hacer lo mismo. <strong>Futura 2000<\/strong> introdujo la abstracci\u00f3n y un lenguaje futurista, mientras que <strong>Lady Pink <\/strong>abri\u00f3 camino a las mujeres en un entorno dominado casi por completo por hombres. <strong>Jean-Michel Basquiat y Keith Haring<\/strong> conectaron la calle con la cultura pop, las galer\u00edas y los museos, y m\u00e1s tarde llegar\u00edan figuras globales como Banksy, cuya influencia traspasa cualquier categor\u00eda art\u00edstica. A su lado, creadores como <strong>JR, KAWS, Vhils, Os Gemeos, SheOne, INTI, Swoon, Hyuro o<\/strong><a class=\"ft-link ft-link--decoration\" href=\"https:\/\/www.levante-emv.com\/cultura\/2025\/10\/06\/felipe-pantone-abre-publico-casa-axis-valencia-122208005.html\" rel=\"nofollow noopener\" target=\"_blank\"> Felipe Pantone<\/a> \u2014argentino afincado desde hace a\u00f1os en Val\u00e8ncia\u2014 han consolidado en los \u00faltimos a\u00f1os un panorama en el que el arte urbano se mueve entre lo ef\u00edmero y lo institucional, entre el muro y el museo.<\/p>\n<p><img decoding=\"async\" src=\"https:\/\/www.europesays.com\/es\/wp-content\/uploads\/2025\/12\/a913f755-f539-46b4-969d-bfc9b7ea3342_alta-libre-aspect-ratio_default_0.jpg\" width=\"1200\" height=\"843\" alt=\"Deih\" class=\"ft-helper-img-rd\" loading=\"lazy\"\/><\/p>\n<p class=\"ft-helper-fontColor-quaternary ft-helper-fontSize-body-S ft-helper-spacer-t-xxs\">Deih  \/ D. G.<\/p>\n<p>La historia detr\u00e1s del dibujo<\/p>\n<p class=\"ft-text\">Diego L\u00f3pez lleva a\u00f1os estudiando y documentando esta evoluci\u00f3n, con una atenci\u00f3n especial a la escena valenciana. En 2019 public\u00f3 <a class=\"ft-link ft-link--decoration\" href=\"https:\/\/www.levante-emv.com\/cultura\/2019\/08\/25\/enciclopedia-grafiti-valenciano-11769624.html\" rel=\"nofollow noopener\" target=\"_blank\">Valencia en grafitis, <\/a>un \u00abqui\u00e9n es qui\u00e9n\u00bb hist\u00f3rico y local que analizaba la obra de 58 artistas y colectivos. En 2023 lanz\u00f3 <a class=\"ft-link ft-link--decoration\" href=\"https:\/\/www.levante-emv.com\/cultura\/2023\/06\/25\/mundo-arte-callejero-abre-mujeres-89064540.html\" rel=\"nofollow noopener\" target=\"_blank\">Street art firmado por mujeres,<\/a> un volumen que recog\u00eda las <strong>experiencias, luchas y obst\u00e1culos de m\u00e1s de cincuenta creadoras del mundo del grafiti, <\/strong>el muralismo y el arte urbano. Su trabajo combina investigaci\u00f3n, archivo fotogr\u00e1fico y una profunda sensibilidad hacia la dimensi\u00f3n humana del arte callejero.<\/p>\n<p class=\"ft-text\">Ahora regresa a las librer\u00edas con <strong>Atlas del arte urbano y del grafiti, <\/strong><strong>un viaje visual por cuatro continentes <\/strong>\u2014Am\u00e9rica, Europa, Asia y Ocean\u00eda\u2014 a trav\u00e9s del trabajo de 86 artistas de referencia. El volumen ofrece una selecci\u00f3n amplia de sus obras, pero tambi\u00e9n recoge sus pasiones, sue\u00f1os, desaf\u00edos y dificultades. No se limita a mostrar im\u00e1genes: busca <strong>contar qui\u00e9n hay detr\u00e1s de cada pieza y qu\u00e9 impulsa a estos autores a elegir la calle <\/strong>como lienzo.<\/p>\n<p class=\"ft-text\">\u00abUna de las premisas principales a la hora de crear este libro fue buscar no a los artistas habituales que solemos encontrar en este tipo de obras, sino a aquellos creadores de pa\u00edses de todo el mundo con un estilo muy personal y genuino, originales, que nos rompan ideas preconcebidas y, si pudiera ser, representativos del pueblo del que proceden\u00bb, explica L\u00f3pez.<\/p>\n<p class=\"ft-text\">El Atlas recoge esa idea de introspecci\u00f3n asociada a la frase atribuida a S\u00f3crates -\u00abuna vida no examinada no merece la pena ser vivida\u00bb- para combinar obra visual con microhistorias y reflexiones de los propios artistas. En este libro, abundan historias personales llenas de obst\u00e1culos inherentes a una actividad callejera al aire libre que se enfrentan a sectores de la ciudadan\u00eda que no valoran esta actividad como arte.<\/p>\n<p><img decoding=\"async\" src=\"https:\/\/www.europesays.com\/es\/wp-content\/uploads\/2025\/12\/8faad6f3-8511-451d-84b2-87473e30baf7_alta-libre-aspect-ratio_default_0.jpg\" width=\"1200\" height=\"1200\" alt=\"Duke\" class=\"ft-helper-img-rd\" loading=\"lazy\"\/><\/p>\n<p class=\"ft-helper-fontColor-quaternary ft-helper-fontSize-body-S ft-helper-spacer-t-xxs\">Duke  \/ D. G.<\/p>\n<p>Clandestinos y reconocidos<\/p>\n<p class=\"ft-text\">\u00abLa clave est\u00e1 en que <strong>son artistas que superan cada d\u00eda estos obst\u00e1culos con la pasi\u00f3n arrolladora de lo que hacen\u00bb, <\/strong>se\u00f1ala L\u00f3pez, que confiesa su impresi\u00f3n ante la determinaci\u00f3n con la que muchos de ellos se han volcado en su vocaci\u00f3n pese a las dificultades econ\u00f3micas, sociales o legales. \u00abEn muchas encuestas de satisfacci\u00f3n laboral, al menos un 70% de los empleados admite frustraci\u00f3n por un empleo rutinario, absorbente y nada estimulante. Toda mi admiraci\u00f3n para los artistas que deciden volcarse en aquello que de verdad les llena\u00bb.<\/p>\n<p class=\"ft-text\">Aunque los inicios del grafiti estuvieron marcados por la clandestinidad y la persecuci\u00f3n \u2014y en muchas ciudades sigue siendo as\u00ed\u2014, el muralismo ha ido ganando reconocimiento institucional y tur\u00edstico. <strong>Se ha convertido en un reclamo cultural y tambi\u00e9n en un elemento capaz de dinamizar barrios.<\/strong> Pero L\u00f3pez advierte de los riesgos: \u00abCuando un arte entra en un circuito comercial, puede producirse cierto nivel de moderaci\u00f3n, acotar la libertad del artista. En cambio, el grafiti y el street art no presentan estos l\u00edmites\u00bb.<\/p>\n<p class=\"ft-text\">El autor sostiene que murales y otras expresiones callejeras<strong> forman parte del car\u00e1cter de los barrios y no al rev\u00e9s. <\/strong>\u00abM\u00e1s bien al contrario: el esp\u00edritu de una ciudad influye en el arte urbano que se manifiesta. En lugares abiertos y cosmopolitas, los artistas de fuera vienen y aportan variedad; en pa\u00edses con fuerte represi\u00f3n ciudadana, pr\u00e1cticamente no existe arte callejero\u00bb.<\/p>\n<p><img decoding=\"async\" src=\"https:\/\/www.europesays.com\/es\/wp-content\/uploads\/2025\/12\/1019ec66-b340-4d36-8e8b-4eb1c07f6513_alta-libre-aspect-ratio_default_0.jpg\" width=\"1200\" height=\"961\" alt=\"Dulk\" class=\"ft-helper-img-rd\" loading=\"lazy\"\/><\/p>\n<p class=\"ft-helper-fontColor-quaternary ft-helper-fontSize-body-S ft-helper-spacer-t-xxs\">Dulk  \/ D. G.<\/p>\n<p>La contradicci\u00f3n valenciana<\/p>\n<p class=\"ft-text\">Entre los 86 artistas seleccionados por Diego L\u00f3pez para su Atlas figuran <strong>Cachetejack, Deih, Dridali, Duke, Dulk, Julieta XLF, Manomatic o <\/strong><a class=\"ft-link ft-link--decoration\" href=\"https:\/\/www.levante-emv.com\/fallas\/2025\/06\/16\/falla-borrull-2026-118672630.html\" rel=\"nofollow noopener\" target=\"_blank\"><strong>Pichiavo<\/strong><\/a><strong>, <\/strong>todos ellos nacidos o vinculados a Val\u00e8ncia. \u00abLa ciudad ha dado lugar a artistas con un estilo propio que no solo encandila aqu\u00ed, sino que tambi\u00e9n se reconoce en el resto del mundo\u00bb, afirma L\u00f3pez. Festivales como <strong>Polinizados, <\/strong><a class=\"ft-link ft-link--decoration\" href=\"https:\/\/www.levante-emv.com\/castello\/2017\/06\/16\/20-artistas-participaran-miau-escultural-12164776.html\" rel=\"nofollow noopener\" target=\"_blank\"><strong>MIAU Fanzara, <\/strong><\/a><strong>Graffitea o Godejam h<\/strong>an convertido la Comunitat Valenciana en un punto de encuentro internacional del arte urbano, enriqueciendo la escena local y dejando obras que, aunque ef\u00edmeras, resultan memorables.<\/p>\n<p class=\"ft-text\">\u00abLa sociedad valenciana ha proporcionado bases y oportunidades desde las que crecer con estilos genuinos\u00bb, a\u00f1ade el autor. \u00abAlgunos artistas recurren a mitos y s\u00edmbolos de la cultura valenciana, mientras que otros optan por temas universales y crean su propio universo\u00bb. Sin embargo, L\u00f3pez denuncia la falta de integraci\u00f3n real del arte callejero en Val\u00e8ncia: \u00abM\u00e1s bien al contrario: se tolera solo bajo control, con contrato y licencia. Se acepta como inspiraci\u00f3n en fallas o como fen\u00f3meno cultural en galer\u00edas y museos, pero en la calle se persigue\u00bb.<\/p>\n<p class=\"ft-text\">Aun as\u00ed, este \u00abge\u00f3grafo\u00bb del arte urbano resta dramatismo a la desaparici\u00f3n de espacios emblem\u00e1ticos del grafiti.<strong> \u00abEl factor ef\u00edmero siempre ha formado parte del grafiti y del street art. <\/strong>Una intervenci\u00f3n puede durar minutos o a\u00f1os. Hoy, al menos, queda la foto en redes sociales para quienes no llegan a tiempo\u00bb. Y ahora tambi\u00e9n, por supuesto, queda su libro.<\/p>\n<p class=\"ft-text\">Respecto al futuro, L\u00f3pez se muestra abierto a la hibridaci\u00f3n tecnol\u00f3gica. \u00abYa he visto obras en las que un c\u00f3digo QR permite desarrollar parte de la pieza en el muro y otra en un v\u00eddeo\u00bb. Pero, pese a esas innovaciones, duda de que el arte urbano se desvincule de las ciudades.<strong> \u00abEs una manifestaci\u00f3n inherentemente callejera\u00bb.<\/strong><\/p>\n<p><img decoding=\"async\" src=\"https:\/\/www.europesays.com\/es\/wp-content\/uploads\/2025\/12\/e6690862-c5bb-4fc8-adcf-e7e9169621e7_alta-libre-aspect-ratio_default_0.jpg\" width=\"1200\" height=\"1800\" alt=\"Julieta XLF en Picassent.\" class=\"ft-helper-img-rd\" loading=\"lazy\"\/><\/p>\n<p class=\"ft-helper-fontColor-quaternary ft-helper-fontSize-body-S ft-helper-spacer-t-xxs\">Julieta XLF en Picassent.  \/ D. G.<\/p>\n<p>La posibilidad de una ruta<\/p>\n<p class=\"ft-text\">Preguntado sobre si tuviera que incorporar una \u00abruta valenciana\u00bb en un futuro Atlas, qu\u00e9 zonas, artistas o estilos destacar\u00eda, Diego L\u00f3pez prefiere mantenerse prudente. \u00abNo me atrever\u00eda a meter en un libro una ruta valenciana por lo que coment\u00e1bamos anteriormente, por la naturaleza cambiante y ef\u00edmera de las creaciones callejeras -justifica-. Si me preguntasen hoy qu\u00e9 visitar en la Comunitat Valenciana, recomendar\u00eda pasearse por el barrio del Carmen y Benimaclet, donde siempre encuentras novedades; tambi\u00e9n por Cheste y por Fanzara, donde sus festivales han llenado sus calles de arte. Y la calle Pepita Samper donde la Liga Nacional del Graffiti organiz\u00f3 un evento\u00bb. Aun as\u00ed, insiste en su advertencia: \u00abCreo que todas las ciudades intentan reprimir el grafiti y el arte callejero, se considera vandalismo, ya sea en Londres, en Par\u00eds, en Barcelona o en Val\u00e8ncia. Las multas son elevadas y no hay miramientos en tapar y borrar, sin importar la calidad de la pieza u obra. En cambio el muralismo, dentro de la legalidad y bajo encargo, resulta aceptado, respetado y protegido como un bien, aparte de que todo lo que entra en un museo o galer\u00eda tambi\u00e9n se respeta como fen\u00f3meno cultural\u00bb.<\/p>\n<p><img decoding=\"async\" src=\"https:\/\/www.europesays.com\/es\/wp-content\/uploads\/2025\/12\/143a4e8a-f788-49bc-9d58-61c014f5f79f_alta-libre-aspect-ratio_default_0.jpg\" width=\"1200\" height=\"1600\" alt=\"Lily Brick .Banc Aliments (Genaro Massot)\" class=\"ft-helper-img-rd\" loading=\"lazy\"\/><\/p>\n<p class=\"ft-helper-fontColor-quaternary ft-helper-fontSize-body-S ft-helper-spacer-t-xxs\">Lily Brick .Banc Aliments (Genaro Massot)  \/ D. G.<\/p>\n<p data-close=\"closedContent\" class=\"subscribeHideForDisplay\">Suscr\u00edbete para seguir leyendo<\/p>\n","protected":false},"excerpt":{"rendered":"No hace falta ser experto en Historia del Arte para entender la relevancia que han tenido muros y&hellip;\n","protected":false},"author":2,"featured_media":275632,"comment_status":"","ping_status":"","sticky":false,"template":"","format":"standard","meta":{"footnotes":""},"categories":[173],"tags":[229,233,231,230,25516,1477,209,232,23082,234,146,147,25,39664,10558,24,1070,474,23,1436],"class_list":{"0":"post-275631","1":"post","2":"type-post","3":"status-publish","4":"format-standard","5":"has-post-thumbnail","7":"category-arte-y-diseno","8":"tag-arte","9":"tag-arte-y-diseno","10":"tag-arts","11":"tag-arts-and-design","12":"tag-atlas","13":"tag-ciudades","14":"tag-cultura","15":"tag-design","16":"tag-diego-lopez","17":"tag-diseno","18":"tag-entertainment","19":"tag-entretenimiento","20":"tag-es","21":"tag-escribe","22":"tag-espacio","23":"tag-espana","24":"tag-mundial","25":"tag-obras","26":"tag-spain","27":"tag-urbano"},"share_on_mastodon":{"url":"https:\/\/pubeurope.com\/@es\/115677553497614492","error":""},"_links":{"self":[{"href":"https:\/\/www.europesays.com\/es\/wp-json\/wp\/v2\/posts\/275631","targetHints":{"allow":["GET"]}}],"collection":[{"href":"https:\/\/www.europesays.com\/es\/wp-json\/wp\/v2\/posts"}],"about":[{"href":"https:\/\/www.europesays.com\/es\/wp-json\/wp\/v2\/types\/post"}],"author":[{"embeddable":true,"href":"https:\/\/www.europesays.com\/es\/wp-json\/wp\/v2\/users\/2"}],"replies":[{"embeddable":true,"href":"https:\/\/www.europesays.com\/es\/wp-json\/wp\/v2\/comments?post=275631"}],"version-history":[{"count":0,"href":"https:\/\/www.europesays.com\/es\/wp-json\/wp\/v2\/posts\/275631\/revisions"}],"wp:featuredmedia":[{"embeddable":true,"href":"https:\/\/www.europesays.com\/es\/wp-json\/wp\/v2\/media\/275632"}],"wp:attachment":[{"href":"https:\/\/www.europesays.com\/es\/wp-json\/wp\/v2\/media?parent=275631"}],"wp:term":[{"taxonomy":"category","embeddable":true,"href":"https:\/\/www.europesays.com\/es\/wp-json\/wp\/v2\/categories?post=275631"},{"taxonomy":"post_tag","embeddable":true,"href":"https:\/\/www.europesays.com\/es\/wp-json\/wp\/v2\/tags?post=275631"}],"curies":[{"name":"wp","href":"https:\/\/api.w.org\/{rel}","templated":true}]}}