{"id":275633,"date":"2025-12-07T09:23:12","date_gmt":"2025-12-07T09:23:12","guid":{"rendered":"https:\/\/www.europesays.com\/es\/275633\/"},"modified":"2025-12-07T09:23:12","modified_gmt":"2025-12-07T09:23:12","slug":"avance-semanal-de-la-promesa-del-9-al-12-de-diciembre","status":"publish","type":"post","link":"https:\/\/www.europesays.com\/es\/275633\/","title":{"rendered":"Avance semanal de &#8216;La Promesa\u2019 del 9 al 12 de diciembre"},"content":{"rendered":"<p style=\"text-align:justify;\"><strong>Curro no ha tenido otra opci\u00f3n: ha desvelado a Manuel todos sus sentimientos por \u00c1ngela<\/strong> en su intento por impedir, una vez m\u00e1s, la boda con Lorenzo. El heredero del marquesado no ha dudado en ayudar a su hermano. <strong>\u00bfConseguir\u00e1, con la ayuda de Alonso, paralizar el enlace?<\/strong> <strong>Mar\u00eda Fern\u00e1ndez se ha quedado sin palabras<\/strong> al descubrir al <strong>nuevo lacayo de La Promesa: Carlo. \u00a1Es el padre del beb\u00e9 que espera!<\/strong> \u00bfTerminar\u00e1 desvelando toda la verdad? \u00bfC\u00f3mo reaccionar\u00e1 el joven? <strong>Si quieres saber lo que va a pasar del 9 al 12 de diciembre aqu\u00ed te dejamos el avance de los episodios 730 al 733.<\/strong><\/p>\n<p>Lunes 8 de diciembre<\/p>\n<p>El lunes 8 de diciembre no habr\u00e1 emisi\u00f3n de La Promesa por festivo nacional<\/p>\n<p>Avance del cap\u00edtulo 730 del martes 9 de diciembre<\/p>\n<p style=\"text-align:justify;\"><strong>Leocadia orquesta, con ayuda de Crist\u00f3bal, la llegada de un falso detective para enga\u00f1ar a Adriano<\/strong>, que se decepciona por la falta de informaci\u00f3n respecto a la investigaci\u00f3n. Alonso intenta convencer sin \u00e9xito a Leocadia de impedir la boda de \u00c1ngela. Curro, cada vez m\u00e1s desesperado, acuerda con P\u00eda utilizarla como mediadora para comunicarse de manera segura con \u00c1ngela. <strong>Mar\u00eda Fern\u00e1ndez se acerca a Carlo con la intenci\u00f3n de decirle que est\u00e1 embarazada. <\/strong>\u00bfTerminar\u00e1 desvelando toda la verdad? <strong>Petra cuenta a Lope y Vera que ha descubierto que Santos es el responsable del plagio de las recetas\u2026 \u00a1<\/strong>y que ha rechazado su soborno! Enora y To\u00f1o revelan a Manuel que han mejorado el motor del aeroplano y preparan su vuelo de prueba, mientras Manuel parte equipado con un paraca\u00eddas.<\/p>\n<p>La Promesa: Petra revela la verdad sobre Santos<\/p>\n<p>Avance del cap\u00edtulo 731 del mi\u00e9rcoles 10 de diciembre<\/p>\n<p style=\"text-align:justify;\"><strong>Mar\u00eda Fern\u00e1ndez sigue sin decidirse a contarle la verdad a Carlo<\/strong> y reprocha a Samuel que desconf\u00ede tanto del muchacho. Curro duda de la aparente entereza de \u00c1ngela ante la complicada situaci\u00f3n que atraviesa. P\u00eda se compromete a hablar con ella para saber qu\u00e9 le ocurre. A pesar de las dudas de To\u00f1o y Enora, <strong>Manuel vuela para probar el nuevo motor que han creado.<\/strong> La tardanza les inquieta y se temen lo peor\u2026 <strong>To\u00f1o pide a Enora aclarar su relaci\u00f3n<\/strong>: \u00bfQu\u00e9 hay exactamente entre ellos dos? <strong>Alonso parte de viaje unos d\u00edas sin mencionar el destino\u2026 <\/strong>\u00bfQu\u00e9 tendr\u00e1 entre manos? Jacobo tambi\u00e9n ha decidido irse para hacer una visita a sus padres, poniendo provisionalmente espacio en su relaci\u00f3n con Martina. A pesar de que Petra ha revelado a Lope y a Vera que <strong>Santos es el ladr\u00f3n de sus recetas, el lacayo lo niega. \u00a1Lope lo desenmascara delante de Crist\u00f3bal!<\/strong><\/p>\n<p>La Promesa: A pesar de las dudas de To\u00f1o y Enora, Manuel decide volar\u00a0MARTA GARCIA COMPANY<\/p>\n<p>Avance del cap\u00edtulo 732 del jueves 11 de diciembre<\/p>\n<p style=\"text-align:justify;\"><strong>Manuel encarga a Enora y a To\u00f1o desarrollar un nuevo fuselaje<\/strong> adaptado al motor mientras \u00e9l atiende asuntos personales. P\u00eda sabe que \u00c1ngela est\u00e1 emocionalmente destrozada, aunque finja estar entera para no preocupar a Curro&#8230; <strong>Crist\u00f3bal descubre que Santos es el ladr\u00f3n de recetas y obliga al lacayo a devolver el dinero a Lope. <\/strong>\u00bfLo har\u00e1? Carlo contin\u00faa coqueteando, lo que genera tensi\u00f3n con Mar\u00eda Fern\u00e1ndez y provoca que Teresa estalle injustamente contra una doncella. Vera presencia la bronca y empieza a dudar del comportamiento de su amiga. Jacobo se marcha a ver a sus padres. Por su parte, Martina cree que ese tiempo les va a venir bien para pensar con claridad sobre su relaci\u00f3n. <strong>Adriano y la joven reciben la noticia de que el detective tiene novedades sobre Catalina.<\/strong><\/p>\n<p>La Promesa: El detective tiene novedades sobre Catalina\u00a0t<\/p>\n<p>Avance del cap\u00edtulo 733 del viernes 12 de diciembre<\/p>\n<p style=\"text-align:justify;\"><strong>Leocadia informa de que el detective tiene una pista sobre Catalina,<\/strong> pero Adriano no parece especialmente ilusionado&#8230; Enora, To\u00f1o y Manuel comparten ideas para mejorar el nuevo motor, lo que llevar\u00e1 a los dos primeros a tomar una decisi\u00f3n poco ortodoxa. <strong>La doctrina que Teresa impone como ama de llaves empieza a sembrar malestar entre las mujeres del servicio<\/strong>, pero solo una doncella se atreve a dec\u00edrselo a la muchacha a la cara. Poco antes de la boda de \u00c1ngela y Lorenzo, <strong>Lope amenaza a Crist\u00f3bal con tomar medidas extremas contra Santos por el robo de recetas<\/strong>. <strong>Manuel propone a Lorenzo una sorprendente oferta para evitar que este se case con \u00c1ngela. <\/strong>\u00bfDe qu\u00e9 se trata?<\/p>\n<p>La Promesa: Lope amenaza a Crist\u00f3bal con tomar medidas extremas contra Santos<\/p>\n","protected":false},"excerpt":{"rendered":"Curro no ha tenido otra opci\u00f3n: ha desvelado a Manuel todos sus sentimientos por \u00c1ngela en su intento&hellip;\n","protected":false},"author":2,"featured_media":275634,"comment_status":"","ping_status":"","sticky":false,"template":"","format":"standard","meta":{"footnotes":""},"categories":[171],"tags":[146,147,25,24,23,214],"class_list":{"0":"post-275633","1":"post","2":"type-post","3":"status-publish","4":"format-standard","5":"has-post-thumbnail","7":"category-tv","8":"tag-entertainment","9":"tag-entretenimiento","10":"tag-es","11":"tag-espana","12":"tag-spain","13":"tag-tv"},"share_on_mastodon":{"url":"https:\/\/pubeurope.com\/@es\/115677561041334738","error":""},"_links":{"self":[{"href":"https:\/\/www.europesays.com\/es\/wp-json\/wp\/v2\/posts\/275633","targetHints":{"allow":["GET"]}}],"collection":[{"href":"https:\/\/www.europesays.com\/es\/wp-json\/wp\/v2\/posts"}],"about":[{"href":"https:\/\/www.europesays.com\/es\/wp-json\/wp\/v2\/types\/post"}],"author":[{"embeddable":true,"href":"https:\/\/www.europesays.com\/es\/wp-json\/wp\/v2\/users\/2"}],"replies":[{"embeddable":true,"href":"https:\/\/www.europesays.com\/es\/wp-json\/wp\/v2\/comments?post=275633"}],"version-history":[{"count":0,"href":"https:\/\/www.europesays.com\/es\/wp-json\/wp\/v2\/posts\/275633\/revisions"}],"wp:featuredmedia":[{"embeddable":true,"href":"https:\/\/www.europesays.com\/es\/wp-json\/wp\/v2\/media\/275634"}],"wp:attachment":[{"href":"https:\/\/www.europesays.com\/es\/wp-json\/wp\/v2\/media?parent=275633"}],"wp:term":[{"taxonomy":"category","embeddable":true,"href":"https:\/\/www.europesays.com\/es\/wp-json\/wp\/v2\/categories?post=275633"},{"taxonomy":"post_tag","embeddable":true,"href":"https:\/\/www.europesays.com\/es\/wp-json\/wp\/v2\/tags?post=275633"}],"curies":[{"name":"wp","href":"https:\/\/api.w.org\/{rel}","templated":true}]}}