{"id":275639,"date":"2025-12-07T09:27:08","date_gmt":"2025-12-07T09:27:08","guid":{"rendered":"https:\/\/www.europesays.com\/es\/275639\/"},"modified":"2025-12-07T09:27:08","modified_gmt":"2025-12-07T09:27:08","slug":"la-esperanza-contra-el-vih-son-unas-asesinas-natas-que-tenemos-en-nuestro-propio-cuerpo-hora-14-fin-de-semana","status":"publish","type":"post","link":"https:\/\/www.europesays.com\/es\/275639\/","title":{"rendered":"La esperanza contra el VIH son unas \u00abasesinas natas\u00bb que tenemos en nuestro propio cuerpo | Hora 14 Fin de Semana"},"content":{"rendered":"<p class=\"loc\">Madrid<\/p>\n<p>En la semana en la que ha sido noticia<a href=\"https:\/\/cadenaser.com\/nacional\/2025\/12\/01\/el-segundo-paciente-de-berlin-sigue-en-remision-del-vih-seis-anos-despues-de-un-trasplante-de-celulas-madre-para-tratar-un-cancer-cadena-ser\/\" target=\"_blank\" rel=\"nofollow noopener\" title=\"https:\/\/cadenaser.com\/nacional\/2025\/12\/01\/el-segundo-paciente-de-berlin-sigue-en-remision-del-vih-seis-anos-despues-de-un-trasplante-de-celulas-madre-para-tratar-un-cancer-cadena-ser\/\"> el s\u00e9ptimo caso en todo el planeta, y en toda la historia, en que una persona se ha curado del virus del VIH, <\/a>nos hemos propuesto entender por donde va la investigaci\u00f3n de esta enfermedad y si un d\u00eda podremos curarla. <\/p>\n<p>M\u00e1s informaci\u00f3n<\/p>\n<p>Para ello hemos contactado con el l\u00edder del consorcio internacional IciStem, la iniciativa m\u00e1s ambiciosa del mundo contra el virus. Es de Barcelona, se llama Javier Mart\u00ednez-Picado y es profesor de investigaci\u00f3n ICREA en el Instituto de Investigaci\u00f3n del SIDA IrsiCaixa. Es el lider de este consorcio internacional que investiga, entre otras muchas cosas, una min\u00fascula prote\u00edna, la CCR5, un receptor clave en la superficie de los gl\u00f3bulos blancos que el VIH utiliza como \u00abpuerta de entrada\u00bb para infectar las c\u00e9lulas. <\/p>\n<p>Este veterano microbi\u00f3logo catal\u00e1n vio, con la misma ilusi\u00f3n que toda la comunidad cient\u00edfica internacional, c\u00f3mo en 2009, un paciente al que se le hac\u00eda un trasplante para tratarle de un c\u00e1ncer, se curaba tambi\u00e9n del VIH. Le llamaron \u00abel paciente de Berl\u00edn\u00bb. <\/p>\n<p>La clave estaba en el donante. Las gen\u00e9tica de las personas con una mutaci\u00f3n (Llamada <a href=\"https:\/\/www.google.com\/search?q=CCR5-%CE%9432&amp;oq=proteina+ccr5+VIH&amp;gs_lcrp=EgZjaHJvbWUyBggAEEUYOdIBCTYyNDlqMGoxNagCCLACAfEF5L9ufxK92IU&amp;sourceid=chrome&amp;ie=UTF-8&amp;mstk=AUtExfDnLIChpgx8UD4bF9T4cTNAxDS3jyZy1l8nGbPBTRwqZiK7ib0EUWW6li1CpkMUOA2WKEpqrArpWyS9ymYbl3lRIu9_3cDP6dd9LLePlyJGT7aR_2KTExcqmGg4W0LTKas6CzqaNsxGULHdG3kEyExJgwJG6YKQE3Yeun4tjxIlnxHHeBCrCAlPWNdfIlNe2be71PkG_lqsIWo5SC5loksEcVETjR42zAjEtse-VzPe-ry201f0vrWp-GWRvbuWnmTnPaZW85szdxuaTDG2oaj0oHZGu8wEcyZ9t3QrlutHRA&amp;csui=3&amp;ved=2ahUKEwj4-PiMt6aRAxW_9rsIHZSwIP4QgK4QegQIARAC\" target=\"_blank\" rel=\"nofollow noopener\">CCR5-\u039432<\/a>) provoca que no se exprese esta prote\u00edna en sus c\u00e9lulas y los convierte en resistentes al VIH. Por eso, desde entonces, se investigan terapias gen\u00e9ticas y trasplantes para bloquear la proteina CCR5 de forma general y curar la infecci\u00f3n.<\/p>\n<p>En el \u00faltimo caso, el s\u00e9ptimo del mundo en curarse y el segundo en Berl\u00edn, Mart\u00ednez-Picado y otros investigadores est\u00e1n viendo cada vez m\u00e1s claro el papel de unas c\u00e9lulas llamadas NK, o \u00abnatural Killers\u00bb. Tienen un nombre \u00abmuy mal\u00e9fico\u00bb, dice el investigador pero son claves porque buscan el VIH oculto hasta en el \u00faltimo rinc\u00f3n del organismo y lo eliminan por completo. Por eso, nos cuenta, \u00abahora estamos en buscar terapias para activarlas, para que hagan este trabajo\u00bb. <\/p>\n<p>Cuando le preguntamos si un llegar\u00e1 un d\u00eda en el que podremos curar el VIH de forma generalizada nos dice que por supuesto, que \u00abpara eso va a trabajar todos los d\u00edas\u00bb. La esperanza en la lucha contra el virus del SIDA est\u00e1 en este consorcio internacional, liderado desde Espa\u00f1a. <\/p>\n","protected":false},"excerpt":{"rendered":"Madrid En la semana en la que ha sido noticia el s\u00e9ptimo caso en todo el planeta, y&hellip;\n","protected":false},"author":2,"featured_media":275640,"comment_status":"","ping_status":"","sticky":false,"template":"","format":"standard","meta":{"footnotes":""},"categories":[92],"tags":[25,24,165,166,23],"class_list":{"0":"post-275639","1":"post","2":"type-post","3":"status-publish","4":"format-standard","5":"has-post-thumbnail","7":"category-salud","8":"tag-es","9":"tag-espana","10":"tag-health","11":"tag-salud","12":"tag-spain"},"share_on_mastodon":{"url":"https:\/\/pubeurope.com\/@es\/115677579091325813","error":""},"_links":{"self":[{"href":"https:\/\/www.europesays.com\/es\/wp-json\/wp\/v2\/posts\/275639","targetHints":{"allow":["GET"]}}],"collection":[{"href":"https:\/\/www.europesays.com\/es\/wp-json\/wp\/v2\/posts"}],"about":[{"href":"https:\/\/www.europesays.com\/es\/wp-json\/wp\/v2\/types\/post"}],"author":[{"embeddable":true,"href":"https:\/\/www.europesays.com\/es\/wp-json\/wp\/v2\/users\/2"}],"replies":[{"embeddable":true,"href":"https:\/\/www.europesays.com\/es\/wp-json\/wp\/v2\/comments?post=275639"}],"version-history":[{"count":0,"href":"https:\/\/www.europesays.com\/es\/wp-json\/wp\/v2\/posts\/275639\/revisions"}],"wp:featuredmedia":[{"embeddable":true,"href":"https:\/\/www.europesays.com\/es\/wp-json\/wp\/v2\/media\/275640"}],"wp:attachment":[{"href":"https:\/\/www.europesays.com\/es\/wp-json\/wp\/v2\/media?parent=275639"}],"wp:term":[{"taxonomy":"category","embeddable":true,"href":"https:\/\/www.europesays.com\/es\/wp-json\/wp\/v2\/categories?post=275639"},{"taxonomy":"post_tag","embeddable":true,"href":"https:\/\/www.europesays.com\/es\/wp-json\/wp\/v2\/tags?post=275639"}],"curies":[{"name":"wp","href":"https:\/\/api.w.org\/{rel}","templated":true}]}}