{"id":275647,"date":"2025-12-07T09:31:12","date_gmt":"2025-12-07T09:31:12","guid":{"rendered":"https:\/\/www.europesays.com\/es\/275647\/"},"modified":"2025-12-07T09:31:12","modified_gmt":"2025-12-07T09:31:12","slug":"oleksandra-matviichuk-abogada-ucrania-putin-no-quiere-la-paz-quiere-restaurar-por-la-fuerza-el-imperio-ruso-internacional","status":"publish","type":"post","link":"https:\/\/www.europesays.com\/es\/275647\/","title":{"rendered":"Oleksandra Matviichuk, abogada ucrania: \u201cPutin no quiere la paz. Quiere restaurar por la fuerza el imperio ruso\u201d | Internacional"},"content":{"rendered":"<p class=\"\">Cuando Oleksandra Matviichuk (Boiarka, Ucrania, 42 a\u00f1os) recogi\u00f3 el Premio Nobel de la Paz de 2022 en calidad de presidenta del galardonado Centro para las Libertades Civiles, <a href=\"https:\/\/www.nobelprize.org\/uploads\/2022\/12\/center-for-civil-liberties-lecture.pdf\" target=\"_self\" rel=\"nofollow noopener\" title=\"https:\/\/www.nobelprize.org\/uploads\/2022\/12\/center-for-civil-liberties-lecture.pdf\">dijo en su discurso algo muy significativo<\/a>: ante la agresi\u00f3n brutal y la ausencia de justicia, muchos activistas por los derechos humanos y por la paz se vieron forzados a defender las ideas en las cuales creen con las armas en la mano. Su persona, su trayectoria, su discurso y el premio de la organizaci\u00f3n que lidera arrojan luz sobre la defensa de las ideas de paz y derechos en un tiempo de imperialismos desatados y creciente impunidad. Matviichuk concedi\u00f3 esta entrevista el jueves en Saint-Vincent (Valle de Aosta, Italia), en el marco del <a href=\"https:\/\/legrandcontinent.eu\/es\/\" target=\"_self\" rel=\"nofollow noopener\" title=\"https:\/\/legrandcontinent.eu\/es\/\">Grand Continent<\/a> Summit, una conferencia organizada por la revista hom\u00f3nima para reflexionar sobre el futuro de Europa. En ella, la abogada ucrania se mostr\u00f3 convencida de que \u201cPutin no quiere la paz. Quiere alcanzar su objetivo. (\u2026) Quiere restaurar por la fuerza el imperio ruso\u201d. Tras la conversaci\u00f3n, se dispon\u00eda a viajar a Siria, otro pa\u00eds en el cual la acci\u00f3n de Rusia, mediante su apoyo a la dictadura de Bachar el Asad, deber\u00eda ser sometida a escrutinio de la justicia. <\/p>\n<p class=\"\"><b>Pregunta. <\/b>Asistimos en estos d\u00edas a una <a href=\"https:\/\/elpais.com\/internacional\/2025-12-04\/europa-empieza-a-asumir-que-ucrania-debera-sacrificar-territorio-si-quiere-terminar-la-guerra.html\" target=\"_self\" rel=\"nofollow noopener\" title=\"https:\/\/elpais.com\/internacional\/2025-12-04\/europa-empieza-a-asumir-que-ucrania-debera-sacrificar-territorio-si-quiere-terminar-la-guerra.html\">intensa actividad diplom\u00e1tica para frenar el conflicto<\/a>. En su opini\u00f3n, \u00bfqu\u00e9 hace falta para alcanzar la paz?<\/p>\n<p class=\"\"><b>Respuesta.<\/b> Yo trabajo directamente con personas afectadas por esta guerra. As\u00ed que perm\u00edtame asegurarle que la gente en Ucrania sue\u00f1a con la paz. Porque la guerra es horrible. Lamentablemente, Putin no quiere la paz. Putin quiere alcanzar su objetivo. Y cuando observamos la situaci\u00f3n actual, vemos c\u00f3mo Putin intenta simular negociaciones de paz para, primero, ganar tiempo, y segundo, reducir el nivel de apoyo a Ucrania y as\u00ed facilitar su objetivo de ocupar todo el pa\u00eds. Y la cuesti\u00f3n principal en todas estas conversaciones de paz es si podemos hacer que Putin se detenga. No me refiero solo a una pausa operativa, retirarse y reanudar el acto de agresi\u00f3n, sino lograr una paz duradera.<\/p>\n<p class=\"\"><b>P. <\/b>\u00bfY c\u00f3mo se logra eso?<b> <\/b><\/p>\n<p class=\"\"><b>R.<\/b> Significa que debemos empezar a discutir, primero, garant\u00edas de seguridad reales para Ucrania, para que Putin entienda que le es imposible alcanzar su objetivo de ocupar todo el pa\u00eds y avanzar m\u00e1s, atacar al siguiente. Y segundo, que Estados Unidos y la Uni\u00f3n Europea deben tomar acciones decisivas para hacer que el precio para Putin de continuar la guerra sea m\u00e1s alto que el precio de detenerla. <\/p>\n<p class=\"\"><b>P. <\/b>\u00bfCu\u00e1l es el objetivo final de Putin cuando decidi\u00f3 atacar Ucrania? \u00bfSe trata solo de Ucrania o es algo m\u00e1s?<\/p>\n<p class=\"\"><b>R.<\/b> No se trata solo de Ucrania. Rusia es un imperio. Un imperio tiene un centro, pero no tiene fronteras. Un imperio siempre intenta expandirse. Estas no son mis palabras. Esto es lo que dijo Vlad\u00edmir Putin, quien afirm\u00f3 que las fronteras de la Federaci\u00f3n Rusa \u201cno tienen fin\u201d. Y lo he visto incluso en mi trabajo de derechos humanos. Cuando entrevist\u00e9 a personas que sobrevivieron al cautiverio ruso, me contaron que los rusos ven su futuro as\u00ed: primero ocuparemos Ucrania y luego, junto con ustedes, iremos a conquistar otros pa\u00edses. Putin ve a Ucrania como un puente para atacar al siguiente pa\u00eds europeo. Su l\u00f3gica es hist\u00f3rica. Sue\u00f1a con su legado. Quiere restaurar por la fuerza el imperio ruso porque el colapso de la Uni\u00f3n Sovi\u00e9tica fue, cito sus palabras, \u201cla mayor cat\u00e1strofe geopol\u00edtica del siglo pasado\u201d. As\u00ed que quiere venganza. Y esto significa que la gente en la Uni\u00f3n Europea est\u00e1 a salvo solo porque los ucranios a\u00fan resisten y no permiten que el ej\u00e9rcito ruso avance y ataque al siguiente pa\u00eds. <\/p>\n<p class=\"\"><b>P. <\/b>La organizaci\u00f3n que usted lidera fue galardonada con el Premio Nobel de la Paz. El presidente Donald Trump est\u00e1 muy interesado en ganar uno, pero no parece preocuparse mucho por los derechos humanos y la democracia. <a href=\"https:\/\/elpais.com\/internacional\/2025-11-21\/los-28-puntos-del-plan-de-paz-que-ee-uu-y-rusia-han-presentado-a-ucrania-segun-medios-internacionales.html\" target=\"_self\" rel=\"nofollow noopener\" title=\"https:\/\/elpais.com\/internacional\/2025-11-21\/los-28-puntos-del-plan-de-paz-que-ee-uu-y-rusia-han-presentado-a-ucrania-segun-medios-internacionales.html\">Y el plan de 28 puntos<\/a> que vimos hace poco en realidad ignoraba completamente el aspecto de la justicia en el futuro de este conflicto. \u00bfQu\u00e9 piensa de las iniciativas de Trump? <\/p>\n<p><img decoding=\"auto\" class=\"_re lazyload a_m-h\" height=\"311\"  width=\"414\"  src=\"https:\/\/www.europesays.com\/es\/wp-content\/uploads\/2025\/12\/OZFCATFEKVFVDHJTNOMC4CUZUY.JPG\" loading=\"lazy\"\/>Oleksandra Matviichuk. M\u00c1RIO CRUZMARIO CRUZ<\/p>\n<p class=\"\"><b>R. <\/b>Creo que es un buen intento de parar la guerra. El presidente Trump dijo que quiere terminar esta guerra porque le importan las personas que mueren. Pero eso tambi\u00e9n significa que debe preocuparse por las personas que mueren en las c\u00e1rceles rusas. Y se necesita incluir la dimensi\u00f3n humana en el plan de paz. Y en esos 28 puntos no hay ni una palabra sobre los millones de personas que viven bajo ocupaci\u00f3n rusa. Esto no est\u00e1 bien. Estamos hablando de millones de ucranios que viven en el terror sin herramientas para proteger sus derechos, su libertad, su propiedad, sus vidas, sus hijos, sus seres queridos. La ocupaci\u00f3n rusa no es solo cambiar de un gobierno a otro. La ocupaci\u00f3n rusa significa desapariciones forzadas, tortura, violaci\u00f3n, negaci\u00f3n de tu identidad, adopci\u00f3n forzada de tus propios hijos, campos de filtraci\u00f3n y fosas comunes. Debemos hablar de qu\u00e9 ocurrir\u00e1 con m\u00e1s de 20.000 ni\u00f1os ucranios deportados ilegalmente y separados de sus familias. Hay muchas cuestiones humanitarias urgentes, y creo que no est\u00e1 bien que los pol\u00edticos solo hablen de intereses geopol\u00edticos y no hablen de las personas.<\/p>\n<p class=\"\"><b>P. <\/b>\u00bfQu\u00e9 opina de los europeos? Han estado dando apoyo a Ucrania \u2014financiero, militar, diplom\u00e1tico\u2014. \u00bfEs suficiente? <\/p>\n<p class=\"\"><b>R.<\/b> Recientemente escuch\u00e9 a una alta funcionaria del Gobierno sueco que inform\u00f3 de cu\u00e1nto dinero hab\u00edan destinado para apoyar a Ucrania [ense\u00f1a en su m\u00f3vil una imagen de una presentaci\u00f3n]. Son 170.000 millones de euros. Y cu\u00e1nto dinero han gastado comprando productos de Rusia. Y se puede ver que son 311.000 millones, mucho m\u00e1s. Esta es la respuesta. Hemos escuchado muchas palabras decisivas de la Uni\u00f3n Europea. Palabras muy correctas. Necesitamos acciones correctas. Hay palabras, hay acciones y hay una brecha. Y el liderazgo de la Uni\u00f3n Europea se comporta como si tuviera tiempo. Como si tuvieran varios a\u00f1os antes de que Rusia empezara a atacar. Pero Putin no es est\u00fapido. \u00bfPor qu\u00e9 creen que les dar\u00e1 varios a\u00f1os para prepararse y no atacar\u00e1 ahora? <\/p>\n<p class=\"\"><b>P. <\/b>\u00bfQu\u00e9 deber\u00eda hacer Europa?<\/p>\n<p class=\"\"><b>R. <\/b>Creo que para recuperar la iniciativa la Uni\u00f3n Europea debe tomar acciones decisivas. Como crear un tribunal especial sobre la agresi\u00f3n, usar los activos rusos congelados para la autodefensa y la reconstrucci\u00f3n de Ucrania. Y tambi\u00e9n ayudar a Ucrania a cerrar el espacio a\u00e9reo. Literalmente no entiendo cu\u00e1l es el problema para derribar un pedazo de metal que cuesta 1.000 euros. Me refiero a un dron ruso. No es un avi\u00f3n con piloto, solo un pedazo de metal. Rusia env\u00eda cada d\u00eda cientos y cientos de drones para destruir infraestructura civil ucrania. Y lo logran, porque ahora hemos perdido la gran mayor\u00eda de la infraestructura energ\u00e9tica en Ucrania, lo que genera una amenaza real para millones de personas que podr\u00edan afrontar el invierno sin calefacci\u00f3n, sin agua, sin energ\u00eda, sin electricidad. Es un problema vital porque no se puede ni calentar leche para un reci\u00e9n nacido. <\/p>\n<p><img decoding=\"auto\" class=\"_re lazyload a_m-h\" height=\"311\"  width=\"414\"  src=\"https:\/\/www.europesays.com\/es\/wp-content\/uploads\/2025\/12\/UJHRRKJEKNDJTIXYASPTDECPRE.JPG\" loading=\"lazy\"\/>Oleksandra Matviichuk, en Saint-Vincent (Valle de Aosta, Italia), en el marco del Grand Continent Summit, el 4 de diciembre.MARIO CRUZ<\/p>\n<p class=\"\"><b>P. <\/b>En Ucrania, una investigaci\u00f3n anticorrupci\u00f3n ha forzado <a href=\"https:\/\/elpais.com\/internacional\/2025-11-29\/la-corrupcion-tumba-al-polemico-yermak-el-aliado-mas-fiel-de-zelenski.html\" target=\"_self\" rel=\"nofollow noopener\" title=\"https:\/\/elpais.com\/internacional\/2025-11-29\/la-corrupcion-tumba-al-polemico-yermak-el-aliado-mas-fiel-de-zelenski.html\">la dimisi\u00f3n del jefe de gabinete del presidente<\/a>. Es se\u00f1al de que las instituciones democr\u00e1ticas ucranias funcionan, pero al mismo tiempo es un golpe dur\u00edsimo para un gobierno en tiempos de guerra. \u00bfCu\u00e1l es su opini\u00f3n sobre este asunto?<\/p>\n<p class=\"\"><b>R.<\/b> Empezar\u00e9 con mi emoci\u00f3n. Yo estaba furiosa. Furiosa, como millones de personas en Ucrania, por una raz\u00f3n obvia: todos donamos mucho. Donamos al ej\u00e9rcito ucranio, a los heridos, a las personas que perdieron todo en esta guerra, a las v\u00edctimas de cr\u00edmenes de guerra rusos. Los pensionistas ucranios dan lo \u00faltimo de sus pensiones como donaci\u00f3n. Pero cuando miramos la situaci\u00f3n desde un punto de vista pragm\u00e1tico, primero, este esc\u00e1ndalo de corrupci\u00f3n no surgi\u00f3 por una investigaci\u00f3n period\u00edstica, sino por una investigaci\u00f3n oficial de los organismos estatales anticorrupci\u00f3n, lo que demuestra que estos organismos oficiales anticorrupci\u00f3n est\u00e1n funcionando eficazmente. Hace solo 12 a\u00f1os, esto era impensable, porque antes de la Revoluci\u00f3n de la Dignidad [el Maid\u00e1n], estas personas eran intocables. Es se\u00f1al de que vamos por el camino correcto y avanzamos. Y lo segundo, que es muy importante: esta investigaci\u00f3n oficial de los organismos anticorrupci\u00f3n fue posible porque este verano una enorme cantidad de personas salieron a las calles en Kiev y otras ciudades para protestar pac\u00edficamente contra un intento del Parlamento ucranio de limitar la independencia de los organismos anticorrupci\u00f3n. Y tuvimos \u00e9xito. Preservamos esa independencia. Y esto no es un signo de debilidad. Es un signo de fortaleza de la sociedad ucrania. Porque, una vez m\u00e1s, somos muy diferentes de Rusia. Nuestra fuente de supervivencia no es la resiliencia de arriba hacia abajo. No es una vertical centralizada. Est\u00e1 en la democracia local, en la libertad de expresi\u00f3n, en la agencia de la gente com\u00fan, en iniciativas de base, en la autoorganizaci\u00f3n y en la creencia de las personas de que sus esfuerzos importan. As\u00ed que s\u00ed, no somos perfectos. Tenemos muchos problemas que nos tomamos en serio. Es nuestra responsabilidad. Pero seguimos siendo una democracia. Una democracia en transici\u00f3n y vamos por el camino correcto.<\/p>\n","protected":false},"excerpt":{"rendered":"Cuando Oleksandra Matviichuk (Boiarka, Ucrania, 42 a\u00f1os) recogi\u00f3 el Premio Nobel de la Paz de 2022 en calidad&hellip;\n","protected":false},"author":2,"featured_media":275648,"comment_status":"","ping_status":"","sticky":false,"template":"","format":"standard","meta":{"footnotes":""},"categories":[42],"tags":[8738,17,18,70,71,72,700,13,14,69,7082,11,61,62,63,64,19,20,9,10,15,16,1613,1614,12,7081,21,22,1617,65,66,67],"class_list":{"0":"post-275647","1":"post","2":"type-post","3":"status-publish","4":"format-standard","5":"has-post-thumbnail","7":"category-internacional","8":"tag-ataques-militares","9":"tag-breaking-news","10":"tag-breakingnews","11":"tag-conflictos","12":"tag-conflictos-armados","13":"tag-conflictos-internacionales","14":"tag-europa","15":"tag-featured-news","16":"tag-featurednews","17":"tag-guerra","18":"tag-guerra-de-rusia-en-ucrania","19":"tag-headlines","20":"tag-internacional","21":"tag-international","22":"tag-international-news","23":"tag-internationalnews","24":"tag-latest-news","25":"tag-latestnews","26":"tag-news","27":"tag-noticias","28":"tag-noticias-destacadas","29":"tag-noticiasdestacadas","30":"tag-otan","31":"tag-rusia","32":"tag-titulares","33":"tag-ucrania","34":"tag-ultimas-noticias","35":"tag-ultimasnoticias","36":"tag-union-europea","37":"tag-world","38":"tag-world-news","39":"tag-worldnews"},"share_on_mastodon":{"url":"","error":"Validation failed: Text character limit of 500 exceeded"},"_links":{"self":[{"href":"https:\/\/www.europesays.com\/es\/wp-json\/wp\/v2\/posts\/275647","targetHints":{"allow":["GET"]}}],"collection":[{"href":"https:\/\/www.europesays.com\/es\/wp-json\/wp\/v2\/posts"}],"about":[{"href":"https:\/\/www.europesays.com\/es\/wp-json\/wp\/v2\/types\/post"}],"author":[{"embeddable":true,"href":"https:\/\/www.europesays.com\/es\/wp-json\/wp\/v2\/users\/2"}],"replies":[{"embeddable":true,"href":"https:\/\/www.europesays.com\/es\/wp-json\/wp\/v2\/comments?post=275647"}],"version-history":[{"count":0,"href":"https:\/\/www.europesays.com\/es\/wp-json\/wp\/v2\/posts\/275647\/revisions"}],"wp:featuredmedia":[{"embeddable":true,"href":"https:\/\/www.europesays.com\/es\/wp-json\/wp\/v2\/media\/275648"}],"wp:attachment":[{"href":"https:\/\/www.europesays.com\/es\/wp-json\/wp\/v2\/media?parent=275647"}],"wp:term":[{"taxonomy":"category","embeddable":true,"href":"https:\/\/www.europesays.com\/es\/wp-json\/wp\/v2\/categories?post=275647"},{"taxonomy":"post_tag","embeddable":true,"href":"https:\/\/www.europesays.com\/es\/wp-json\/wp\/v2\/tags?post=275647"}],"curies":[{"name":"wp","href":"https:\/\/api.w.org\/{rel}","templated":true}]}}