{"id":275659,"date":"2025-12-07T09:42:14","date_gmt":"2025-12-07T09:42:14","guid":{"rendered":"https:\/\/www.europesays.com\/es\/275659\/"},"modified":"2025-12-07T09:42:14","modified_gmt":"2025-12-07T09:42:14","slug":"las-notas-de-pako-ruiz-nico-williams-resurge-y-decide","status":"publish","type":"post","link":"https:\/\/www.europesays.com\/es\/275659\/","title":{"rendered":"Las notas de Pako Ruiz: Nico Williams resurge y decide"},"content":{"rendered":"<p>\n        Un subid\u00f3n de los que toca disfrutar. <strong>El <\/strong><a href=\"https:\/\/www.deia.eus\/athletic\/\" title=\"Athletic\" class=\"link copy\" rel=\"nofollow noopener\" target=\"_blank\"><strong>Athletic<\/strong><\/a><strong> super\u00f3 con nota alta la segunda etapa de la ascensi\u00f3n a su particular Tourmalet<\/strong> con una actuaci\u00f3n coral que le recompens\u00f3 con una merecida victoria que retrat\u00f3 el regreso del mejor Nico Williams, hiperactivo y asistente del gol de Berenguer.\n<\/p>\n<p>  EL MEJOR: NICO WILLIAMS (4)<\/p>\n<p class=\"article-body__text \">\n        Progresa de manera positiva de su pubalgia, lo que es una buena noticia para el colectivo. Asumi\u00f3 responsabilidades, con insistencia en su banda y con detalles del talento que posee, ya que gener\u00f3 la mayor\u00eda de las acciones de peligro del Athletic, para poner la guinda con la acci\u00f3n que consum\u00f3 Berenguer con el tanto de la victoria. Ha regresado, a la espera de que le respete la pubalgia que padece.\n<\/p>\n<p class=\"article-photo__footer\">\n            Ficha Nico Williams.            DEIA        <\/p>\n<p>  Unai Sim\u00f3n (3)<\/p>\n<p class=\"article-body__text \">\n        Brillante en los dos \u00faltimos partidos de liga, el de Murgia sigue en estado de gracia, sobre todo cuando a los 18 minutos firm\u00f3 una de esas paradas que le hacen importante. Tuvo menos trabajo en el segundo acto, en el que respondi\u00f3 en dos salidas acertadas.\n<\/p>\n<p class=\"article-photo__footer\">\n            Ficha Unai Sim\u00f3n.            DEIA        <\/p>\n<p>  Areso (4)<\/p>\n<p class=\"article-body__text \">\n        Retornaba al once en liga seis jornadas despu\u00e9s, lo que deb\u00eda entenderse como un acicate para sacar una versi\u00f3n cre\u00edble. La ofreci\u00f3 en una buena primera parte en la que recorri\u00f3 su costado para ofrecer cuatro centros certeros que no encontraron el gol. No baj\u00f3 la guardia para firmar su mejor partido como le\u00f3n.\n<\/p>\n<p class=\"article-photo__footer\">\n            Ficha Jes\u00fas Areso.            DEIA        <\/p>\n<p>            <a href=\"https:\/\/www.deia.eus\/athletic\/2025\/12\/06\/areso-titular-liga-seis-partidos-despues-10443004.html\" title=\"Areso es titular en liga seis partidos despu\u00e9s\" class=\"new__media\" rel=\"nofollow noopener\" target=\"_blank\"><\/p>\n<p>                <img alt=\"Areso es titular en liga seis partidos despu\u00e9s\" data-src=\"https:\/\/www.europesays.com\/es\/wp-content\/uploads\/2025\/12\/da8910c4-1f67-4b62-83c5-c02791010d57_16-9-aspect-ratio_default_0.jpg\" class=\"lozad\"\/><\/p>\n<p>        <\/a><\/p>\n<p>        <a href=\"https:\/\/www.deia.eus\/athletic\/2025\/12\/06\/areso-titular-liga-seis-partidos-despues-10443004.html\" title=\"Areso es titular en liga seis partidos despu\u00e9s\" class=\"new__headline\" rel=\"nofollow noopener\" target=\"_blank\"><br \/>\n            Areso es titular en liga seis partidos despu\u00e9s<br \/>\n        <\/a><\/p>\n<p>  Paredes (4)<\/p>\n<p class=\"article-body__text \">\n        Ausente ante el Real Madrid, ocup\u00f3 la plaza de Vivian con la misi\u00f3n de ejercer a un nivel alto como ya lo hiciera en partidos pret\u00e9ritos. Cumplidor en su papel, con buenas decisiones defensivas, dej\u00f3 en nada a Juli\u00e1n \u00c1lvarez, aunque le falt\u00f3 poner la guinda en un franco remate de cabeza. Volvi\u00f3 a reivindicarse.\n<\/p>\n<p class=\"article-photo__footer\">\n            Ficha Aitor Paredes.            DEIA        <\/p>\n<p>  Laporte (-)<\/p>\n<p class=\"article-body__text \">\n        Se trataba de un duelo de m\u00e1xima exigencia y el de Agen como jugador referencia que es deb\u00eda aportar esa plusval\u00eda que genera. Mand\u00f3 en su parcela hasta que le azot\u00f3 el infortunio en una acci\u00f3n en la que protegi\u00f3 el bal\u00f3n ante Molina y en la que sufri\u00f3 el percance muscular. Otro problem\u00f3n para Valverde.\n<\/p>\n<p class=\"article-photo__footer\">\n            Ficha Aymeric Laporte.            DEIA        <\/p>\n<p>            <a href=\"https:\/\/www.deia.eus\/athletic\/2025\/12\/06\/lesion-laporte-deja-cuadro-athletic-10443270.html\" title=\"La lesi\u00f3n de Laporte deja en cuadro al Athletic en defensa\" class=\"new__media\" rel=\"nofollow noopener\" target=\"_blank\"><\/p>\n<p>                <img alt=\"La lesi\u00f3n de Laporte deja en cuadro al Athletic en defensa\" data-src=\"https:\/\/www.europesays.com\/es\/wp-content\/uploads\/2025\/12\/c654dbf0-ead1-4bfa-b83a-96aaf172e5c9_16-9-aspect-ratio_default_0.jpg\" class=\"lozad\"\/><\/p>\n<p>        <\/a><\/p>\n<p>        <a href=\"https:\/\/www.deia.eus\/athletic\/2025\/12\/06\/lesion-laporte-deja-cuadro-athletic-10443270.html\" title=\"La lesi\u00f3n de Laporte deja en cuadro al Athletic en defensa\" class=\"new__headline\" rel=\"nofollow noopener\" target=\"_blank\"><br \/>\n            La lesi\u00f3n de Laporte deja en cuadro al Athletic en defensa<br \/>\n        <\/a><\/p>\n<p>  Yuri Berchiche (3)<\/p>\n<p class=\"article-body__text \">\n        Valverde le reserv\u00f3 ante el Madrid y le tocaba poner ese cuajo que atesora. El capit\u00e1n ratific\u00f3 su buen momento, con una notable implicaci\u00f3n defensiva, ya que fren\u00f3 a Giuliano, y sin rehuir el ataque, lo que se entiende como un valor a\u00f1adido para el colectivo.\n<\/p>\n<p class=\"article-photo__footer\">\n            Ficha Yuri Berchiche.            DEIA        <\/p>\n<p>  Ruiz de Galarreta (3)<\/p>\n<p class=\"article-body__text \">\n        Muy flojo el pasado mi\u00e9rcoles, el centrocampista recuper\u00f3 sensaciones pese a que recibi\u00f3 pronto una amarilla y a algunos pases defectuosos. Puso sentido al juego rojiblanco y aport\u00f3 tambi\u00e9n a la hora de cerrar espacios. Fue sustituido.\n<\/p>\n<p class=\"article-photo__footer\">\n            Ficha Ruiz de Galarreta.            DEIA        <\/p>\n<p>  Jauregizar (4)<\/p>\n<p class=\"article-body__text \">\n        Asume su nuevo rol de referente, es el pulm\u00f3n de este Athletic\u00a0y el de Bermeo, que recibi\u00f3 una temprana amonestaci\u00f3n, sobresali\u00f3 en la recuperaci\u00f3n de un mont\u00f3n de balones, adem\u00e1s de ayudar en el matiz ofensivo. Se dio el paliz\u00f3n habitual.\n<\/p>\n<p class=\"article-photo__footer\">\n            Ficha Mikel Jauregizar.            DEIA        <\/p>\n<p>  Berenguer (4)<\/p>\n<p class=\"article-body__text \">\n        Se conoce la obsesi\u00f3n que ten\u00eda metida entre ceja y ceja, que no era otra que el gol. Su sequ\u00eda le inquietaba y ya se ha liberado al firmar el gol de la victoria en un golpeo marca de la casa. Al margen del tanto, sum\u00f3 en otros conceptos merced a su calidad en la posesi\u00f3n.\n<\/p>\n<p class=\"article-photo__footer\">\n            Ficha Alex Berenguer.            DEIA        <\/p>\n<p>  Sancet (3)<\/p>\n<p class=\"article-body__text \">\n        Volvi\u00f3 al once tras sus ausencias ante el Levante y el Madrid por sanci\u00f3n. El equipo necesita al mejor Sancet, que apareci\u00f3 en fases puntuales, muy activo y con remate, aunque sin fortuna, sobre todo tras una contra que la consum\u00f3 con un disparo a las nubes en su mano a mano con Oblak.\n<\/p>\n<p class=\"article-photo__footer\">\n            Ficha Oihan Sancet.            DEIA        <\/p>\n<p>  Guruzeta (2)<\/p>\n<p class=\"article-body__text \">\n        Apenas tiene competencia en la punta de ataque, donde se le pide gol. La tuvo en una buena asistencia de Areso, pero remat\u00f3 fatal. Trabaj\u00f3 mucho, pero no le acompa\u00f1\u00f3 la inspiraci\u00f3n cuando le toc\u00f3 decidir en el \u00e1rea colchonera. No acab\u00f3 el partido.\n<\/p>\n<p class=\"article-photo__footer\">\n            Ficha Gorka Guruzeta.            DEIA        <\/p>\n<p>  Vivian (2)<\/p>\n<p class=\"article-body__text \">\n        Compareci\u00f3 en fr\u00edo por la lesi\u00f3n de Laporte. Quiso rescatar sus virtudes en una campa\u00f1a muy irregular, deseo que cumpli\u00f3 a medias, porque cometi\u00f3 alg\u00fan que otro despiste, pero tambi\u00e9n acert\u00f3 en el tramo final.\n<\/p>\n<p class=\"article-photo__footer\">\n            Ficha Dani Vivian.            DEIA        <\/p>\n<p>  Rego (-)<\/p>\n<p class=\"article-body__text \">\n        Le toc\u00f3 aportar en la contenci\u00f3n, misi\u00f3n en la que cumpli\u00f3 sin alardes.\n<\/p>\n<p class=\"article-photo__footer\">\n            Ficha Alejandro Rego.            DEIA        <\/p>\n<p>  Unai G\u00f3mez (-)<\/p>\n<p class=\"article-body__text \">\n        Asumi\u00f3 el papel de presionar en la primera salida de bal\u00f3n colchonera, un trabajo gris pero que premia.\n<\/p>\n<p class=\"article-photo__footer\">\n            Ficha Unai G\u00f3mez.            DEIA        <\/p>\n<p>  Gorosabel (-)<\/p>\n<p class=\"article-body__text \">\n        Ha perdido minutaje, aunque\u00a0colabor\u00f3 a cerrar un triunfo vital.\n<\/p>\n<p class=\"article-photo__footer\">\n            Ficha Andoni Gorosabel.            DEIA        <\/p>\n<p>  Izeta (-)<\/p>\n<p class=\"article-body__text \">\n        Sabe del ostracismo que padece, pero ayud\u00f3 en los pocos minutos que tuvo.\n<\/p>\n<p class=\"article-photo__footer\">\n            Ficha Urko Izeta.            DEIA        <\/p>\n<p class=\"article-body__text \">\n        <strong>El Athletic recibir\u00e1 el pr\u00f3ximo mi\u00e9rcoles nada m\u00e1s y nada menos al PSG<\/strong> en el encuentro correspondiente a la Fase Liga de la Champions League con un problema en el centro de la zaga: <strong>no estar\u00e1n ni Laporte, lesionado, ni el sancionado Paredes.<\/strong><\/p>\n","protected":false},"excerpt":{"rendered":"Un subid\u00f3n de los que toca disfrutar. El Athletic super\u00f3 con nota alta la segunda etapa de la&hellip;\n","protected":false},"author":2,"featured_media":275660,"comment_status":"","ping_status":"","sticky":false,"template":"","format":"standard","meta":{"footnotes":""},"categories":[268],"tags":[22272,168,25,24,280,282,1446,17754,41453,53420,5106,281,23,167,308],"class_list":{"0":"post-275659","1":"post","2":"type-post","3":"status-publish","4":"format-standard","5":"has-post-thumbnail","7":"category-futbol","8":"tag-decide","9":"tag-deportes","10":"tag-es","11":"tag-espana","12":"tag-football","13":"tag-futbol","14":"tag-nico","15":"tag-notas","16":"tag-pako","17":"tag-resurge","18":"tag-ruiz","19":"tag-soccer","20":"tag-spain","21":"tag-sports","22":"tag-williams"},"share_on_mastodon":{"url":"https:\/\/pubeurope.com\/@es\/115677636095053878","error":""},"_links":{"self":[{"href":"https:\/\/www.europesays.com\/es\/wp-json\/wp\/v2\/posts\/275659","targetHints":{"allow":["GET"]}}],"collection":[{"href":"https:\/\/www.europesays.com\/es\/wp-json\/wp\/v2\/posts"}],"about":[{"href":"https:\/\/www.europesays.com\/es\/wp-json\/wp\/v2\/types\/post"}],"author":[{"embeddable":true,"href":"https:\/\/www.europesays.com\/es\/wp-json\/wp\/v2\/users\/2"}],"replies":[{"embeddable":true,"href":"https:\/\/www.europesays.com\/es\/wp-json\/wp\/v2\/comments?post=275659"}],"version-history":[{"count":0,"href":"https:\/\/www.europesays.com\/es\/wp-json\/wp\/v2\/posts\/275659\/revisions"}],"wp:featuredmedia":[{"embeddable":true,"href":"https:\/\/www.europesays.com\/es\/wp-json\/wp\/v2\/media\/275660"}],"wp:attachment":[{"href":"https:\/\/www.europesays.com\/es\/wp-json\/wp\/v2\/media?parent=275659"}],"wp:term":[{"taxonomy":"category","embeddable":true,"href":"https:\/\/www.europesays.com\/es\/wp-json\/wp\/v2\/categories?post=275659"},{"taxonomy":"post_tag","embeddable":true,"href":"https:\/\/www.europesays.com\/es\/wp-json\/wp\/v2\/tags?post=275659"}],"curies":[{"name":"wp","href":"https:\/\/api.w.org\/{rel}","templated":true}]}}