{"id":27566,"date":"2025-08-05T16:22:07","date_gmt":"2025-08-05T16:22:07","guid":{"rendered":"https:\/\/www.europesays.com\/es\/27566\/"},"modified":"2025-08-05T16:22:07","modified_gmt":"2025-08-05T16:22:07","slug":"michelle-rangel-debuta-con-la-chica-que-coleccionaba-crayones-grupo-milenio","status":"publish","type":"post","link":"https:\/\/www.europesays.com\/es\/27566\/","title":{"rendered":"Michelle Rangel debuta con La chica que coleccionaba crayones- Grupo Milenio"},"content":{"rendered":"<p>El universo de Malva Canedo funciona bajo una l\u00f3gica incuestionable: si dise\u00f1as un plan y lo ejecutas meticulosamente, obtendr\u00e1s el \u00fanico resultado posible. A tu favor, por supuesto. Por eso, ante el inminente divorcio de sus padres, esta adolescente pelirrosa se declara en huelga. Ha decidido que no saldr\u00e1 de su cuarto hasta que sus padres reconsideren su separaci\u00f3n. Es el tipo de razonamiento que cobra perfecto sentido cuando tienes diecisiete a\u00f1os y sientes que los adultos toman decisiones que destrozan los mundos ajenos sin consultar a quienes los habitan. Lo que Malva ignora es que su decisi\u00f3n de encerrarse le permitir\u00e1 reencontrarse con \u00d3nice, el vecino que se distanci\u00f3 de ella cuando sus \u201cexcentricidades\u201d la llevaron a ser considerada \u201cla rara\u201d.<\/p>\n<p>Es precisamente esa tensi\u00f3n entre autenticidad y aceptaci\u00f3n social lo que Michelle Rangel explora en La chica que coleccionaba crayones (Planeta, 2025), su primera novela. La trama surge de una pregunta que la autora formulaba desde la infancia: \u00abSi fueras un cray\u00f3n, \u00bfcu\u00e1l ser\u00edas?\u00bb. Rangel, con m\u00e1s de dos millones de seguidores en TikTok y autora del poemario Querido diario, ha convertido esa curiosidad en una indagaci\u00f3n sobre las complejidades de resistir la presi\u00f3n social en un presente que constantemente nos empuja hacia la conformidad.<\/p>\n<p>\u201cMalva es un personaje muy valiente\u201d, explica Rangel. \u201cSiempre digo que si yo fuera valiente, ser\u00eda como Malva. Ella es todo lo que yo quisiera ser: alguien a quien no le importa lo que piensen de ella\u201d. Es una confesi\u00f3n que revela la tensi\u00f3n central del libro: la distancia entre quien somos y quien aspiramos a ser.<\/p>\n<p>La chica que coleccionaba crayones se cuenta desde la perspectiva de sus dos protagonistas.\u00a0<\/p>\n<p>Malva es una chica que habita un universo tan vibrante como la explosi\u00f3n rosa de su cabello. Con un talento innato para fusionar colores y texturas de maneras sorprendentes, dise\u00f1a sus propias prendas. Adem\u00e1s, es la orgullosa due\u00f1a de un amplio repertorio de datos curiosos sobre crayones y es una amante irredenta de los libros. Esa pasi\u00f3n lectora la conecta con Dodi, la bibliotecaria de la escuela. Aunque puede parecer una mujer gru\u00f1ona a primera vista, en el fondo es una persona c\u00e1lida que, a su manera, tambi\u00e9n responde al afecto de Malva.<\/p>\n<p>\u00d3nice, por otro lado, es el chico popular que esconde varios resentimientos: su hermana Violeta ahora sale con Esme \u2014que era su novia\u2014, su padre abandon\u00f3 a la familia y ahora su mayor anhelo es vencer a su pap\u00e1 en el Festival del Queso Rodante, como si esa victoria pudiera servirle de venganza simb\u00f3lica.<\/p>\n<p>\u201cInicialmente, yo quer\u00eda contar la historia solo desde la perspectiva de Malva\u201d, explica Michelle. \u201cSin embargo, me parec\u00eda interesante conocer los pensamientos del personaje masculino, saber qu\u00e9 pensaba, qu\u00e9 dec\u00eda. Quer\u00eda crear un buen balance\u201d.<\/p>\n<p>\t\t<img decoding=\"async\" class=\"nd-media-detail-caption__img\" alt=\"'La chica que coleccionaba crayones' (Planeta)\" data-camus-image=\"\" data-camus-toolbar-image-position=\"topleft\" loading=\"lazy\" src=\"https:\/\/images.milenio.com\/UoAHdxNiWjHtIVJriJhL-BeGamM=\/375x0\/uploads\/media\/2025\/08\/05\/la-chica-que-coleccionaba-crayones.jpg\" height=\"231\" width=\"375\" onerror=\"this.onerror=null;this.src=\\'\/bundles\/appcamusassets\/dist\/images\/logo-Milenio-2.jpg\\'\"\/><\/p>\n<p>  \t&#8216;La chica que coleccionaba crayones&#8217; (Planeta)<\/p>\n<p>  \t  \t<img decoding=\"async\" alt=\"filter-toggle\" class=\"nd-media-detail-caption__icon__icon\" src=\"https:\/\/www.milenio.com\/bundles\/appcamusassets\/dist\/images\/svg\/expand-solid.svg\" width=\"15\" height=\"15\" onerror=\"this.onerror=null;this.src=\\'\/bundles\/appcamusassets\/dist\/images\/logo-Milenio-2.jpg\\'\" loading=\"lazy\"\/><br \/>\n  \t  ampliar<\/p>\n<p>Michelle no revela el sitio donde transcurre esta historia ni ofrece pistas sobre la apariencia de sus personajes. Esto, por supuesto, es una decisi\u00f3n deliberada. \u201cVivo en frontera, entre dos culturas. Hablo ingl\u00e9s y espa\u00f1ol\u201d, explica. \u201cNo quer\u00eda limitar la historia a M\u00e9xico, pero tampoco quer\u00eda ser una de esas escritoras que pone nombres estadunidenses\u201d. Su intenci\u00f3n, dice, era que cualquier lector pudiera verse reflejado en Malva o en \u00d3nice.<\/p>\n<p>\u00bfY qu\u00e9 pasa con los crayones? La pregunta que Michelle hac\u00eda en su infancia \u2014Si fueras un cray\u00f3n, \u00bfcu\u00e1l ser\u00edas?\u2014 se transform\u00f3 para Malva en una manera de comprender a los dem\u00e1s y dotar de sentido a su entorno. En su universo, puede asignar un color a cada persona, basado en sus caracter\u00edsticas, su personalidad o el impacto que generan en ella. Por eso, Malva atesora su colecci\u00f3n de crayones, porque funcionan como un mapa emocional que la gu\u00eda en un mundo que raramente la comprende.<\/p>\n<p>Malva entiende lo que significa ser marginada. Sus antiguos amigos se distanciaron cuando, a su juicio, empez\u00f3 a convertirse en \u201cla rara\u201d.<\/p>\n<p>Quiz\u00e1 por el cabello rosa, por su afici\u00f3n a pegarse estampas en el cuerpo, por hablar sin parar sobre crayones o tal vez por alguna otra raz\u00f3n incomprensible.<\/p>\n<p>Es una situaci\u00f3n com\u00fan: la necesidad de encajar puede destruir amistades que parec\u00edan inmunes a ese torbellino llamado adolescencia.<\/p>\n<p>El tr\u00e1nsito de la poes\u00eda a la novela result\u00f3 ser un gran desaf\u00edo para Michelle. \u201cLa poes\u00eda es donde siento que puedo ser yo misma\u201d, admite. Adem\u00e1s, tuvo que luchar contra sus propias inclinaciones.<\/p>\n<p>Le atraen \u201clas cosas tristes\u201d y \u201cescribir sobre tragedias\u201d, sin embargo, deseaba que esta historia tuviera un matiz diferente. Quer\u00eda demostrar \u2014y demostrarse\u2014 que tambi\u00e9n es v\u00e1lido disfrutar y pasarla bien.<\/p>\n<p>Michelle sabe que su periplo literario apenas comienza. \u201cEstoy satisfecha con lo que cre\u00e9, pero s\u00e9 que puedo mejorar\u201d, dice. \u201cAhora, cuando leo, tengo otra mentalidad. Presto m\u00e1s atenci\u00f3n a c\u00f3mo est\u00e1n hechas las historias. Eso me est\u00e1 ayudando bastante\u201d.<\/p>\n<p>Esa apertura al aprendizaje define tanto a Michelle como a Malva. Ambas comprenden algo esencial: hay que \u201cdejar las ventanas abiertas para dejar que el mundo te sorprenda\u201d.<\/p>\n<p>    \t<img decoding=\"async\" alt=\"__icon\" class=\"nd-related-news-detail-media-core__icon\" src=\"https:\/\/www.milenio.com\/bundles\/appcamusassets\/dist\/images\/svg\/arrow-circle-right-solid.svg\" width=\"15\" height=\"15\" onerror=\"this.onerror=null;this.src=\\'\/bundles\/appcamusassets\/dist\/images\/logo-Milenio-2.jpg\\'\" loading=\"lazy\"\/><br \/>\n    Te recomendamos<\/p>\n<p>\u00c1SS<\/p>\n<p>\u200b<\/p>\n","protected":false},"excerpt":{"rendered":"El universo de Malva Canedo funciona bajo una l\u00f3gica incuestionable: si dise\u00f1as un plan y lo ejecutas meticulosamente,&hellip;\n","protected":false},"author":2,"featured_media":27567,"comment_status":"","ping_status":"","sticky":false,"template":"","format":"standard","meta":{"footnotes":""},"categories":[172],"tags":[224,15030,146,147,25,24,15028,225,15029,7260,15027,5635,23,15031],"class_list":{"0":"post-27566","1":"post","2":"type-post","3":"status-publish","4":"format-standard","5":"has-post-thumbnail","7":"category-libros","8":"tag-books","9":"tag-crayones","10":"tag-entertainment","11":"tag-entretenimiento","12":"tag-es","13":"tag-espana","14":"tag-la-chica-que-coleccionaba-crayones","15":"tag-libros","16":"tag-libros-para-adolescentes","17":"tag-literatura-juvenil","18":"tag-michelle-rangel-novela","19":"tag-planeta","20":"tag-spain","21":"tag-vmichellerangel"},"share_on_mastodon":{"url":"","error":""},"_links":{"self":[{"href":"https:\/\/www.europesays.com\/es\/wp-json\/wp\/v2\/posts\/27566","targetHints":{"allow":["GET"]}}],"collection":[{"href":"https:\/\/www.europesays.com\/es\/wp-json\/wp\/v2\/posts"}],"about":[{"href":"https:\/\/www.europesays.com\/es\/wp-json\/wp\/v2\/types\/post"}],"author":[{"embeddable":true,"href":"https:\/\/www.europesays.com\/es\/wp-json\/wp\/v2\/users\/2"}],"replies":[{"embeddable":true,"href":"https:\/\/www.europesays.com\/es\/wp-json\/wp\/v2\/comments?post=27566"}],"version-history":[{"count":0,"href":"https:\/\/www.europesays.com\/es\/wp-json\/wp\/v2\/posts\/27566\/revisions"}],"wp:featuredmedia":[{"embeddable":true,"href":"https:\/\/www.europesays.com\/es\/wp-json\/wp\/v2\/media\/27567"}],"wp:attachment":[{"href":"https:\/\/www.europesays.com\/es\/wp-json\/wp\/v2\/media?parent=27566"}],"wp:term":[{"taxonomy":"category","embeddable":true,"href":"https:\/\/www.europesays.com\/es\/wp-json\/wp\/v2\/categories?post=27566"},{"taxonomy":"post_tag","embeddable":true,"href":"https:\/\/www.europesays.com\/es\/wp-json\/wp\/v2\/tags?post=27566"}],"curies":[{"name":"wp","href":"https:\/\/api.w.org\/{rel}","templated":true}]}}