{"id":275665,"date":"2025-12-07T09:46:10","date_gmt":"2025-12-07T09:46:10","guid":{"rendered":"https:\/\/www.europesays.com\/es\/275665\/"},"modified":"2025-12-07T09:46:10","modified_gmt":"2025-12-07T09:46:10","slug":"solo-guillermo-toledo-podia-reaccionar-con-esta-frase-tan-rotunda-a-la-renuncia-de-espana-a-eurovision","status":"publish","type":"post","link":"https:\/\/www.europesays.com\/es\/275665\/","title":{"rendered":"Solo Guillermo Toledo pod\u00eda reaccionar con esta frase tan rotunda a la renuncia de Espa\u00f1a a Eurovisi\u00f3n"},"content":{"rendered":"<p>La <a href=\"https:\/\/www.huffingtonpost.es\/virales\/xabier-fortes-37nos-trabajando-rtve-opina-asi-claro-sobre-eurovision-israel.html\" rel=\"nofollow noopener\" target=\"_blank\">decisi\u00f3n hist\u00f3rica que ha tomado RTVE de no participar en Eurovisi\u00f3n <\/a>en 2026 despu\u00e9s de que la Uni\u00f3n Europea de Radiodifusi\u00f3n (UER) <b>haya confirmado la presencia de Israel en el festival <\/b>lleva d\u00edas provocando <a href=\"https:\/\/www.huffingtonpost.es\/virales\/blanca-paloma-representante-espana-eurovision-implacable-decision-abandonar-festival-israel.html\" rel=\"nofollow noopener\" target=\"_blank\">una catarata de reacciones.<\/a><\/p>\n<p><b>Espa\u00f1a no est\u00e1 sola en esa decisi\u00f3n<\/b>, ya que otros pa\u00edses como Pa\u00edses Bajos, Eslovenia\u00a0 e Irlanda han avisado tambi\u00e9n de que no participar\u00e1n. Islandia, por su parte, decidir\u00e1 la semana que viene si se suma a ese grupo de pa\u00edses o finalmente acaba participando.<\/p>\n<p>Rostros muy conocidos,<a href=\"https:\/\/www.huffingtonpost.es\/virales\/alfred-garcia-representa-palabra-lio-espana-eurovision.html\" rel=\"nofollow noopener\" target=\"_blank\"> como Alfred, James Rhodes, Xabier Fortes o Blanca Paloma<\/a> ya han mostrado su apoyo a la decisi\u00f3n de RTVE. Y<b> tambi\u00e9n lo ha hecho el actor Guillermo Toledo<\/b>, conocido por su apoyo firme al pueblo palestino.<\/p>\n<p>Toledo: \u00abEn Eurovisi\u00f3n participan 34 nazis\u00bb<\/p>\n<p>En un mensaje en la red social BlueSky, Toledo ha sido tan contundente como suele ser: \u00abEste es el mundo de mierda en el que vivimos: los genocidas se quedan y quienes los rechazan, se tienen que marchar.<b> Si en Eurovisi\u00f3n participan 33 pa\u00edses y unos nazis, en Eurovisi\u00f3n participan 34 nazis\u00bb.<\/b><\/p>\n<p>Toledo hace referencia a ese dicho alem\u00e1n que dice:<b> \u00abSi en una mesa hay un nazi y diez personas que lo respetan, en esa mesa hay once nazis\u2026\u00bb.<\/b>\u00a0<\/p>\n<p>B\u00e9lgica confirma que participar\u00e1\u00a0<\/p>\n<p>Uno de los pa\u00edses a los que hace referencia Toledo es B\u00e9lgica, uno de los \u00faltimos en confirmar que s\u00ed participar\u00e1 en el certamen. El director ejecutivo de la cadena belga, Jean-Paul Philippot,<b> ha defendido que la decisi\u00f3n de participar es compatible con una \u00abpostura clara de denuncia<\/b> de los obst\u00e1culos a la libertad de informaci\u00f3n, exigir la protecci\u00f3n de todos los ciudadanos y periodistas y garantizar su presencia segura sobre el terreno\u00bb.<\/p>\n<p><b>\u00abLa cultura nunca es un entretenimiento desvinculado de la realidad\u00bb<\/b>, ha continuado el ejecutivo en declaraciones difundidas por la propia cadena en las que tambi\u00e9n subraya que \u00abel servicio p\u00fablico tiene el deber de ser fiel a la humanidad, la independencia editorial y la libertad.<\/p>\n<p>Las dos cadenas p\u00fablicas de B\u00e9lgica -la franc\u00f3fona RTBF y la flamenca VRT- se turnan cada a\u00f1o en la gesti\u00f3n y retransmisi\u00f3n del Festival de Eurovisi\u00f3n, por lo que este a\u00f1o la decisi\u00f3n de si participar en ella reca\u00eda en RTBF. VRT, responsable el a\u00f1o pasado y <b>que cort\u00f3 la emisi\u00f3n durante la participaci\u00f3n de Israel en protesta por el genocidio-<\/b> ha indicado que tambi\u00e9n emitir\u00e1 este a\u00f1o la se\u00f1al de certamen, pero \u00abcon restricciones\u00bb.<\/p>\n","protected":false},"excerpt":{"rendered":"La decisi\u00f3n hist\u00f3rica que ha tomado RTVE de no participar en Eurovisi\u00f3n en 2026 despu\u00e9s de que la&hellip;\n","protected":false},"author":2,"featured_media":275666,"comment_status":"","ping_status":"","sticky":false,"template":"","format":"standard","meta":{"footnotes":""},"categories":[171],"tags":[146,147,25,24,24121,74,76,23,214,39401],"class_list":{"0":"post-275665","1":"post","2":"type-post","3":"status-publish","4":"format-standard","5":"has-post-thumbnail","7":"category-tv","8":"tag-entertainment","9":"tag-entretenimiento","10":"tag-es","11":"tag-espana","12":"tag-eurovision","13":"tag-israel","14":"tag-palestina","15":"tag-spain","16":"tag-tv","17":"tag-willy-toledo"},"share_on_mastodon":{"url":"https:\/\/pubeurope.com\/@es\/115677651477813592","error":""},"_links":{"self":[{"href":"https:\/\/www.europesays.com\/es\/wp-json\/wp\/v2\/posts\/275665","targetHints":{"allow":["GET"]}}],"collection":[{"href":"https:\/\/www.europesays.com\/es\/wp-json\/wp\/v2\/posts"}],"about":[{"href":"https:\/\/www.europesays.com\/es\/wp-json\/wp\/v2\/types\/post"}],"author":[{"embeddable":true,"href":"https:\/\/www.europesays.com\/es\/wp-json\/wp\/v2\/users\/2"}],"replies":[{"embeddable":true,"href":"https:\/\/www.europesays.com\/es\/wp-json\/wp\/v2\/comments?post=275665"}],"version-history":[{"count":0,"href":"https:\/\/www.europesays.com\/es\/wp-json\/wp\/v2\/posts\/275665\/revisions"}],"wp:featuredmedia":[{"embeddable":true,"href":"https:\/\/www.europesays.com\/es\/wp-json\/wp\/v2\/media\/275666"}],"wp:attachment":[{"href":"https:\/\/www.europesays.com\/es\/wp-json\/wp\/v2\/media?parent=275665"}],"wp:term":[{"taxonomy":"category","embeddable":true,"href":"https:\/\/www.europesays.com\/es\/wp-json\/wp\/v2\/categories?post=275665"},{"taxonomy":"post_tag","embeddable":true,"href":"https:\/\/www.europesays.com\/es\/wp-json\/wp\/v2\/tags?post=275665"}],"curies":[{"name":"wp","href":"https:\/\/api.w.org\/{rel}","templated":true}]}}