{"id":275681,"date":"2025-12-07T09:55:10","date_gmt":"2025-12-07T09:55:10","guid":{"rendered":"https:\/\/www.europesays.com\/es\/275681\/"},"modified":"2025-12-07T09:55:10","modified_gmt":"2025-12-07T09:55:10","slug":"la-guardia-civil-investiga-un-posible-asesinato-machista-en-una-vivienda-en-el-viso-del-alcor","status":"publish","type":"post","link":"https:\/\/www.europesays.com\/es\/275681\/","title":{"rendered":"La Guardia Civil investiga un posible asesinato machista en una vivienda en El Viso del Alcor"},"content":{"rendered":"<p style=\"\">La Guardia Civil investiga como posible crimen machista el hallazgo del cad\u00e1ver de una mujer de 30 a\u00f1os de edad en una vivienda de la localidad sevillana de El Viso del Alcor tras un aviso por un incendio y <strong>ha detenido a un hombre de <\/strong> &#8230; <strong>35 a\u00f1os en relaci\u00f3n con los hechos<\/strong>. Los efectivos desplazados en la noche de este s\u00e1bado hasta el lugar confirmaron el hallazgo del cad\u00e1ver de una mujer nacida en 1995 que<strong> podr\u00eda presentar heridas de arma blanca.<\/strong><\/p>\n<p class=\"voc-p\" style=\"\">Por esta raz\u00f3n, se procedi\u00f3 a la detenci\u00f3n de una persona, un hombre de 35 a\u00f1os, con quien la v\u00edctima pudo mantener una relaci\u00f3n sentimental. <strong>La mujer no se encontraba registrada en el sistema VioG\u00e9n<\/strong> (Sistema de Seguimiento Integral en los casos de Violencia de G\u00e9nero), pero, sin embargo, el detenido s\u00ed estaba incluido a causa de una relaci\u00f3n anterior. <\/p>\n<p class=\"voc-p\" style=\"\">La <strong>autopsia<\/strong> que se le practicar\u00e1 a la v\u00edctima en las pr\u00f3ximas horas determinar\u00e1 la causa exacta del fallecimiento, si fue por heridas provocadas por el incendio o, como presuntamente parece ser, la muerte le sobrevino por un ataque de violencia machista.<\/p>\n<p class=\"voc-p\" style=\"\">Efectivos de la Guardia Civil trabajan a\u00fan en la ma\u00f1ana de este domingo en el interior de la vivienda incendiada donde se ha encontrado el cuerpo, en el <strong>n\u00famero 31 de la calle Calvario<\/strong> de la localidad sevillana, que se ha despertado conmocionada por esta tr\u00e1gica noticia. La zona se encuentra acordonada ya que el humo que a\u00fan desprende el inmueble obliga a mantener la puerta abierta.<\/p>\n<p>\nLuto oficial y concentraci\u00f3n\n<\/p>\n<p class=\"voc-p\" style=\"\">El Ayuntamiento del Viso del Alcor ha trasladado su p\u00e9same, apoyo y respeto a la familia y allegados a trav\u00e9s de sus redes sociales. Adem\u00e1s, ha declarado<strong> tres d\u00edas de luto oficial<\/strong>, durante los cuales las banderas ondear\u00e1n a media asta en todos los edificios municipales. Queda igualmente suspendido el concurso de Hogueritas previsto para el domingo.<\/p>\n<p class=\"voc-p\" style=\"\">El Ayuntamiento ha condenado firmemente los hechos y permanece a disposici\u00f3n de las autoridades competentes durante el desarrollo de la investigaci\u00f3n. Asimismo, ha convocado a la ciudadan\u00eda a guardar un <strong>minuto de silencio<\/strong> este domingo, 7 de diciembre, a las 12 horas, en la puerta del Ayuntamiento, en memoria de la v\u00edctima.<\/p>\n","protected":false},"excerpt":{"rendered":"La Guardia Civil investiga como posible crimen machista el hallazgo del cad\u00e1ver de una mujer de 30 a\u00f1os&hellip;\n","protected":false},"author":2,"featured_media":275682,"comment_status":"","ping_status":"","sticky":false,"template":"","format":"standard","meta":{"footnotes":""},"categories":[8],"tags":[67223,10771,17,18,25,24,13,14,11,19,20,9075,9,10,15,16,2397,23,12,21,22,6973],"class_list":{"0":"post-275681","1":"post","2":"type-post","3":"status-publish","4":"format-standard","5":"has-post-thumbnail","7":"category-espana","8":"tag-alcor","9":"tag-asesinato","10":"tag-breaking-news","11":"tag-breakingnews","12":"tag-es","13":"tag-espana","14":"tag-featured-news","15":"tag-featurednews","16":"tag-headlines","17":"tag-latest-news","18":"tag-latestnews","19":"tag-machista","20":"tag-news","21":"tag-noticias","22":"tag-noticias-destacadas","23":"tag-noticiasdestacadas","24":"tag-posible","25":"tag-spain","26":"tag-titulares","27":"tag-ultimas-noticias","28":"tag-ultimasnoticias","29":"tag-viso"},"share_on_mastodon":{"url":"https:\/\/pubeurope.com\/@es\/115677686977968838","error":""},"_links":{"self":[{"href":"https:\/\/www.europesays.com\/es\/wp-json\/wp\/v2\/posts\/275681","targetHints":{"allow":["GET"]}}],"collection":[{"href":"https:\/\/www.europesays.com\/es\/wp-json\/wp\/v2\/posts"}],"about":[{"href":"https:\/\/www.europesays.com\/es\/wp-json\/wp\/v2\/types\/post"}],"author":[{"embeddable":true,"href":"https:\/\/www.europesays.com\/es\/wp-json\/wp\/v2\/users\/2"}],"replies":[{"embeddable":true,"href":"https:\/\/www.europesays.com\/es\/wp-json\/wp\/v2\/comments?post=275681"}],"version-history":[{"count":0,"href":"https:\/\/www.europesays.com\/es\/wp-json\/wp\/v2\/posts\/275681\/revisions"}],"wp:featuredmedia":[{"embeddable":true,"href":"https:\/\/www.europesays.com\/es\/wp-json\/wp\/v2\/media\/275682"}],"wp:attachment":[{"href":"https:\/\/www.europesays.com\/es\/wp-json\/wp\/v2\/media?parent=275681"}],"wp:term":[{"taxonomy":"category","embeddable":true,"href":"https:\/\/www.europesays.com\/es\/wp-json\/wp\/v2\/categories?post=275681"},{"taxonomy":"post_tag","embeddable":true,"href":"https:\/\/www.europesays.com\/es\/wp-json\/wp\/v2\/tags?post=275681"}],"curies":[{"name":"wp","href":"https:\/\/api.w.org\/{rel}","templated":true}]}}