{"id":275687,"date":"2025-12-07T10:04:08","date_gmt":"2025-12-07T10:04:08","guid":{"rendered":"https:\/\/www.europesays.com\/es\/275687\/"},"modified":"2025-12-07T10:04:08","modified_gmt":"2025-12-07T10:04:08","slug":"las-puntuaciones-de-los-jugadores-del-coviran-en-su-derrota-contra-el-casademont-zaragoza","status":"publish","type":"post","link":"https:\/\/www.europesays.com\/es\/275687\/","title":{"rendered":"Las puntuaciones de los jugadores del Covir\u00e1n en su derrota contra el Casademont Zaragoza"},"content":{"rendered":"<p>El Covir\u00e1n ha ca\u00eddo hoy derrotado en casa frenet al Casademunt Zaragoza.<\/p>\n<p>Tir\u00f3 del carro con orgullo en la primera parte, en los  &#8230; peores minutos, pero su p\u00e9rdida final fue la sentencia.<\/p>\n<p class=\"v-p\"><strong>Llu\u00eds Costa: 5<\/strong><\/p>\n<p class=\"v-p\">Desacertado en el triple, sus 8 asistencias confirman que es el generador principal de un equipo que ah\u00ed flaquea.<\/p>\n<p class=\"v-p\"><strong>William Howard: 3<\/strong><\/p>\n<p class=\"v-p\">Debut\u00f3 con apenas 48 horas en la ciudad, pero su aportaci\u00f3n al equipo fue completamente testimonial.<\/p>\n<p class=\"v-p\"><strong>Matt Thomas: 3<\/strong><\/p>\n<p class=\"v-p\">Tan solo en el tercer cuarto el escolta norteamericano rindi\u00f3 al nivel que se le pide. Foco total de la defensa ma\u00f1a.<\/p>\n<p class=\"v-p\"><strong>Amida Brimah &#8211;<\/strong><\/p>\n<p class=\"v-p\">Apareci\u00f3 en los peores minutos como tercera opci\u00f3n en el puesto de &#8216;5&#8217;. Ni fu, ni fa ni todo lo contrario.<\/p>\n<p class=\"v-p\"><strong>Travis Munnings: 4<\/strong><\/p>\n<p class=\"v-p\">22 minutos en su mejor actuaci\u00f3n en Granada&#8230; que sigue sabiendo a poco. No se acerca a Valtonen.<\/p>\n<p class=\"v-p\"><strong>Luka Bozic: 5<\/strong><\/p>\n<p class=\"v-p\">Claramente de menos a m\u00e1s, empez\u00f3 horroroso, cometiendo errores graves. Luego, eso s\u00ed, tir\u00f3 de bemoles.<\/p>\n<p class=\"v-p\"><strong>Beqa Burjanadze: 3<\/strong><\/p>\n<p class=\"v-p\">Las bajas no aumentaron su minutaje habitual. Trabaj\u00f3 bien en el rebote, pero en ataque le cost\u00f3 mucho aportar.<\/p>\n<p class=\"v-p\"><strong>Edu Dur\u00e1n &#8211;<\/strong><\/p>\n<p class=\"v-p\">El escolta apareci\u00f3 en escena tres minutos en los que no se hizo notar lo m\u00e1s m\u00ednimo en el juego. Le cuesta aportar.<\/p>\n<p class=\"v-p\"><strong>Zach Hankins: 4<\/strong><\/p>\n<p class=\"v-p\">Maquill\u00f3 puntos al final, con todo decidido. Leve mejor\u00eda, pero sigue muy lejos de ser el referente interior que se precisa.<\/p>\n<p class=\"v-p\"><strong>Babatunde Olumuyiwa: 4<\/strong><\/p>\n<p class=\"v-p\">Dentro de sus limitaciones, se esforz\u00f3 al m\u00e1ximo en defensa. En ataque cometi\u00f3 alg\u00fan error grosero que cost\u00f3 caro.<\/p>\n<p class=\"v-p\"><strong>Edu Dur\u00e1n &#8211;<\/strong><\/p>\n<p class=\"v-p\">El escolta apareci\u00f3 en escena tres minutos en los que no se hizo notar lo m\u00e1s m\u00ednimo en el juego. Le cuesta aportar.<\/p>\n<p class=\"v-p\"><strong>Pere Tom\u00e0s &#8211;<\/strong><\/p>\n<p class=\"v-p\">El capit\u00e1n rojinegro no entr\u00f3 en la rotaci\u00f3n granadina ni ante las bajas de Valtonen y Kljajic. Papel residual.<\/p>\n","protected":false},"excerpt":{"rendered":"El Covir\u00e1n ha ca\u00eddo hoy derrotado en casa frenet al Casademunt Zaragoza. Tir\u00f3 del carro con orgullo en&hellip;\n","protected":false},"author":2,"featured_media":275688,"comment_status":"","ping_status":"","sticky":false,"template":"","format":"standard","meta":{"footnotes":""},"categories":[269],"tags":[299,298,2511,3446,168,2244,25,24,2713,43974,23,167,491],"class_list":{"0":"post-275687","1":"post","2":"type-post","3":"status-publish","4":"format-standard","5":"has-post-thumbnail","7":"category-baloncesto","8":"tag-baloncesto","9":"tag-basketball","10":"tag-casademont","11":"tag-coviran","12":"tag-deportes","13":"tag-derrota","14":"tag-es","15":"tag-espana","16":"tag-jugadores","17":"tag-puntuaciones","18":"tag-spain","19":"tag-sports","20":"tag-zaragoza"},"share_on_mastodon":{"url":"https:\/\/pubeurope.com\/@es\/115677722557127719","error":""},"_links":{"self":[{"href":"https:\/\/www.europesays.com\/es\/wp-json\/wp\/v2\/posts\/275687","targetHints":{"allow":["GET"]}}],"collection":[{"href":"https:\/\/www.europesays.com\/es\/wp-json\/wp\/v2\/posts"}],"about":[{"href":"https:\/\/www.europesays.com\/es\/wp-json\/wp\/v2\/types\/post"}],"author":[{"embeddable":true,"href":"https:\/\/www.europesays.com\/es\/wp-json\/wp\/v2\/users\/2"}],"replies":[{"embeddable":true,"href":"https:\/\/www.europesays.com\/es\/wp-json\/wp\/v2\/comments?post=275687"}],"version-history":[{"count":0,"href":"https:\/\/www.europesays.com\/es\/wp-json\/wp\/v2\/posts\/275687\/revisions"}],"wp:featuredmedia":[{"embeddable":true,"href":"https:\/\/www.europesays.com\/es\/wp-json\/wp\/v2\/media\/275688"}],"wp:attachment":[{"href":"https:\/\/www.europesays.com\/es\/wp-json\/wp\/v2\/media?parent=275687"}],"wp:term":[{"taxonomy":"category","embeddable":true,"href":"https:\/\/www.europesays.com\/es\/wp-json\/wp\/v2\/categories?post=275687"},{"taxonomy":"post_tag","embeddable":true,"href":"https:\/\/www.europesays.com\/es\/wp-json\/wp\/v2\/tags?post=275687"}],"curies":[{"name":"wp","href":"https:\/\/api.w.org\/{rel}","templated":true}]}}