{"id":275689,"date":"2025-12-07T10:05:13","date_gmt":"2025-12-07T10:05:13","guid":{"rendered":"https:\/\/www.europesays.com\/es\/275689\/"},"modified":"2025-12-07T10:05:13","modified_gmt":"2025-12-07T10:05:13","slug":"busquets-y-jordi-alba-cierran-su-carrera-con-un-titulo-historico","status":"publish","type":"post","link":"https:\/\/www.europesays.com\/es\/275689\/","title":{"rendered":"Busquets y Jordi Alba cierran su carrera con un t\u00edtulo hist\u00f3rico"},"content":{"rendered":"<p class=\"ft-text\">No es f\u00e1cil escribir sobre finales. Menos a\u00fan cuando quienes se marchan han sido parte de la columna vertebral de una era irrepetible. <strong>Jordi Alba y Sergio Busquets<\/strong> colgaron definitivamente las botas. Lo hicieron juntos, como tantas otras cosas. Lo hicieron siendo campeones, como tantas otras veces. <a class=\"ft-link ft-link--decoration\" href=\"https:\/\/www.sport.es\/es\/noticias\/futbol-internacional\/messi-conquista-mls-engrandece-leyenda-124528150\" rel=\"nofollow noopener\" target=\"_blank\">Con una conquista hist\u00f3rica para el Inter Miami<\/a>, abrazados a <strong>Leo Messi <\/strong>y <strong>Luis Su\u00e1rez <\/strong>(que no particip\u00f3) sobre el c\u00e9sped y con <strong>Javier Mascherano <\/strong>muy emocionado desde el banquillo. Como ten\u00eda que ser. Como si el destino hubiese querido reunir por \u00faltima vez a tantas leyendas del mejor Bar\u00e7a de la historia. \u201c<strong>Ser\u00eda muy lindo que Busquets y Jordi Alba terminen sus carreras con un t\u00edtulo\u201d, dese\u00f3 Messi. Y \u00e9l mismo se encarg\u00f3 de conceder el deseo.<\/strong><\/p>\n<p class=\"ft-text\"><strong>Busquets fue el primero en dar el paso<\/strong>. <a class=\"ft-link ft-link--decoration\" href=\"https:\/\/www.sport.es\/es\/noticias\/barca\/sergio-busquets-anuncia-retirada-gracias-121974707\" rel=\"nofollow noopener\" target=\"_blank\">Lo avis\u00f3 en septiembre a su estilo<\/a>: discreto. Como si no fuera del todo consciente de que su retirada significa el adi\u00f3s deportivo del mejor pivote de la historia. <strong>\u201cEstos ser\u00e1n mis \u00faltimos meses en el terreno de juego. Me retiro muy feliz, orgulloso, pleno y, sobre todo, agradecido<\/strong>\u201d, dijo a sus 37 a\u00f1os. As\u00ed ha sido siempre Busi: el h\u00e9roe en la sombra, el futbolista que hac\u00eda mejores a todos sin pedir focos ni reclamar premios. Tampoco iba a hacerlo en el momento de su despedida.<\/p>\n<p><img decoding=\"async\" src=\"https:\/\/www.europesays.com\/es\/wp-content\/uploads\/2025\/12\/a13f7857-986c-44d1-b0fa-00e4efe662bd_alta-libre-aspect-ratio_default_0.jpg\" width=\"1200\" height=\"675\" alt=\"Busquets, durante su \u00faltimo partido como profesional\" class=\"ft-helper-img-rd\" loading=\"lazy\"\/><\/p>\n<p class=\"ft-helper-fontColor-quaternary ft-helper-fontSize-body-S ft-helper-spacer-t-xxs\">Busquets, durante su \u00faltimo partido como profesional  \/ AP<\/p>\n<p class=\"ft-text\">El engranaje perfecto del mejor <strong>Bar\u00e7a <\/strong>de siempre, el escudo invisible de <strong>Messi<\/strong>, <strong>Xavi <\/strong>e <strong>Iniesta<\/strong>, y el metr\u00f3nomo de la <strong>Espa\u00f1a <\/strong>campeona del mundo en 2010. Lleg\u00f3 al primer equipo del <strong>Bar\u00e7a <\/strong>en la 2008-09 de la mano de <strong>Guardiola<\/strong>, que no dud\u00f3 en subirlo porque vio en \u00e9l lo que otros no supieron ver: un jugador generacional. El tiempo le dio la raz\u00f3n y <strong>Del Bosque<\/strong>, entre tantos otros, respald\u00f3 su opini\u00f3n. El resto ya es historia. Con la <strong>MLS<\/strong>, su legado es de <strong>37 t\u00edtulos<\/strong> y una manera de leer el f\u00fatbol que cambi\u00f3 para siempre la percepci\u00f3n del &#8216;5&#8217; en el f\u00fatbol.<\/p>\n<p>Todos los t\u00edtulos de Sergio Busquets<\/p>\n<ul class=\"ft-list ft-list--primary\">\n<li class=\"ft-list__item\">3 Champions League<\/li>\n<li class=\"ft-list__item\">9 Ligas<\/li>\n<li class=\"ft-list__item\">7 Copas del Rey<\/li>\n<li class=\"ft-list__item\">7 Supercopas de Espa\u00f1a<\/li>\n<li class=\"ft-list__item\">3 Mundiales de Clubes<\/li>\n<li class=\"ft-list__item\">3 Supercopas de Europa,<\/li>\n<li class=\"ft-list__item\">1 Mundial<\/li>\n<li class=\"ft-list__item\">1 Eurocopa<\/li>\n<li class=\"ft-list__item\">1 Supporters&#8217; Shield<\/li>\n<li class=\"ft-list__item\">1 Leagues Cup<\/li>\n<li class=\"ft-list__item\">1 MLS<\/li>\n<\/ul>\n<p class=\"ft-text\"><strong>Jordi Alba sigui\u00f3 su camino<\/strong>. <a class=\"ft-link ft-link--decoration\" href=\"https:\/\/www.sport.es\/es\/noticias\/barca\/jordi-alba-exclusiva-sport-momento-123175695\" rel=\"nofollow noopener\" target=\"_blank\">Una semana despu\u00e9s de la decisi\u00f3n del de Badia, lleg\u00f3 la suya<\/a>. El lateral m\u00e1s el\u00e9ctrico que ha pasado por el <strong>Camp Nou <\/strong>en d\u00e9cadas anunciaba que iba a dejar el f\u00fatbol a los <strong>36 a\u00f1os<\/strong>, tras una trayectoria impresionante. \u201c<strong>Esta ha sido una decisi\u00f3n meditada desde hace tiempo. Siento que es el momento adecuado para comenzar una nueva etapa y disfrutar plenamente de mi familia\u2026<\/strong> Me siento muy feliz con este tiempo vivido en Inter Miami, agradecido por el apoyo de la afici\u00f3n y por haber podido participar en los \u00e9xitos del club\u201d, comunic\u00f3.<\/p>\n<p><img decoding=\"async\" src=\"https:\/\/www.europesays.com\/es\/wp-content\/uploads\/2025\/12\/ff2ed0ad-e676-48a5-8ed8-0a57e66a1ce0_alta-libre-aspect-ratio_default_0.jpg\" width=\"1200\" height=\"882\" alt=\"Jordi Alba, durante su \u00faltimo partido como futbolista profesional\" class=\"ft-helper-img-rd\" loading=\"lazy\"\/><\/p>\n<p class=\"ft-helper-fontColor-quaternary ft-helper-fontSize-body-S ft-helper-spacer-t-xxs\">Jordi Alba, durante su \u00faltimo partido como futbolista profesional  \/ AP<\/p>\n<p class=\"ft-text\">Once a\u00f1os en el primer equipo cul\u00e9. <strong>Formado en La Masia<\/strong>, se gan\u00f3 regresar a la que fue su casa para consagrarse como leyenda del club. Un futbolista que demostr\u00f3 que un lateral puede decidir partidos y condicionar sistemas. Para la historia quedar\u00e1n sus carreras por la banda, su capacidad para congelar el tiempo en l\u00ednea de fondo y tomar la mejor decisi\u00f3n posible, <strong>y la sociedad que se invent\u00f3 con Messi. Tan m\u00e1gica que cambi\u00f3 partidos, temporadas y competiciones<\/strong>. \u201c<strong>Fue rar\u00edsimo lo de Jordi, no lo esper\u00e1bamos<\/strong>\u201d, dec\u00eda el argentino sobre la decisi\u00f3n de su amigo. Su adi\u00f3s, inevitablemente, tambi\u00e9n es el final de una parte del propio Messi. Con la MLS, <strong>su legado es de 23 t\u00edtulos<\/strong> y una clara lecci\u00f3n de que los laterales tambi\u00e9n son grandes armas ofensivas.<\/p>\n<p>Todos los t\u00edtulos de Jordi Alba<\/p>\n<ul class=\"ft-list ft-list--primary\">\n<li class=\"ft-list__item\">1 Champions League<\/li>\n<li class=\"ft-list__item\">6 Ligas<\/li>\n<li class=\"ft-list__item\">5 Copas del Rey<\/li>\n<li class=\"ft-list__item\">4 Supercopas de Espa\u00f1a<\/li>\n<li class=\"ft-list__item\">1 Supercopa de Europa<\/li>\n<li class=\"ft-list__item\">1 Mundiales de Clubes<\/li>\n<li class=\"ft-list__item\">1 Eurocopa<\/li>\n<li class=\"ft-list__item\">1 Nations League<\/li>\n<li class=\"ft-list__item\">1 Supporters&#8217; Shield<\/li>\n<li class=\"ft-list__item\">1 Leagues Cup<\/li>\n<li class=\"ft-list__item\">1 MLS<\/li>\n<\/ul>\n<p class=\"ft-text\"><strong>El destino les regal\u00f3 una \u00faltima postal juntos: campeones en Estados Unidos<\/strong>, con Messi y Su\u00e1rez a su lado y Mascherano cerrando el c\u00edrculo. Se va una parte del Bar\u00e7a m\u00e1s legendario. <strong>Una parte de la historia del f\u00fatbol. Pero, sobre todo, se van dos amigos que crecieron juntos, ganaron juntos y hoy tambi\u00e9n se han despedido juntos<\/strong>. Como curiosidad, ambos debutaron en Primera un 13 de septiembre: Busquets, en 2008, con el Bar\u00e7a; Alba, un a\u00f1o m\u00e1s tarde, con el Valencia.<\/p>\n","protected":false},"excerpt":{"rendered":"No es f\u00e1cil escribir sobre finales. Menos a\u00fan cuando quienes se marchan han sido parte de la columna&hellip;\n","protected":false},"author":2,"featured_media":275690,"comment_status":"","ping_status":"","sticky":false,"template":"","format":"standard","meta":{"footnotes":""},"categories":[268],"tags":[29354,168,25,24,67224,280,282,3408,3413,7688,3328,281,23,167],"class_list":{"0":"post-275689","1":"post","2":"type-post","3":"status-publish","4":"format-standard","5":"has-post-thumbnail","7":"category-futbol","8":"tag-busquets","9":"tag-deportes","10":"tag-es","11":"tag-espana","12":"tag-final-mls","13":"tag-football","14":"tag-futbol","15":"tag-inter-miami","16":"tag-jordi-alba","17":"tag-messi","18":"tag-mls","19":"tag-soccer","20":"tag-spain","21":"tag-sports"},"share_on_mastodon":{"url":"https:\/\/pubeurope.com\/@es\/115677726663178090","error":""},"_links":{"self":[{"href":"https:\/\/www.europesays.com\/es\/wp-json\/wp\/v2\/posts\/275689","targetHints":{"allow":["GET"]}}],"collection":[{"href":"https:\/\/www.europesays.com\/es\/wp-json\/wp\/v2\/posts"}],"about":[{"href":"https:\/\/www.europesays.com\/es\/wp-json\/wp\/v2\/types\/post"}],"author":[{"embeddable":true,"href":"https:\/\/www.europesays.com\/es\/wp-json\/wp\/v2\/users\/2"}],"replies":[{"embeddable":true,"href":"https:\/\/www.europesays.com\/es\/wp-json\/wp\/v2\/comments?post=275689"}],"version-history":[{"count":0,"href":"https:\/\/www.europesays.com\/es\/wp-json\/wp\/v2\/posts\/275689\/revisions"}],"wp:featuredmedia":[{"embeddable":true,"href":"https:\/\/www.europesays.com\/es\/wp-json\/wp\/v2\/media\/275690"}],"wp:attachment":[{"href":"https:\/\/www.europesays.com\/es\/wp-json\/wp\/v2\/media?parent=275689"}],"wp:term":[{"taxonomy":"category","embeddable":true,"href":"https:\/\/www.europesays.com\/es\/wp-json\/wp\/v2\/categories?post=275689"},{"taxonomy":"post_tag","embeddable":true,"href":"https:\/\/www.europesays.com\/es\/wp-json\/wp\/v2\/tags?post=275689"}],"curies":[{"name":"wp","href":"https:\/\/api.w.org\/{rel}","templated":true}]}}