{"id":275691,"date":"2025-12-07T10:06:12","date_gmt":"2025-12-07T10:06:12","guid":{"rendered":"https:\/\/www.europesays.com\/es\/275691\/"},"modified":"2025-12-07T10:06:12","modified_gmt":"2025-12-07T10:06:12","slug":"que-tipo-de-presion-es-esa-2","status":"publish","type":"post","link":"https:\/\/www.europesays.com\/es\/275691\/","title":{"rendered":"&#8216;\u00bfQu\u00e9 tipo de presi\u00f3n es esa?&#8217;"},"content":{"rendered":"<p>El actor y presentador Pedro Ruiz <b>ha provocado una multitud de reacciones<\/b> al mostrar su opini\u00f3n sobre<a href=\"https:\/\/www.huffingtonpost.es\/virales\/xabier-fortes-37nos-trabajando-rtve-opina-asi-claro-sobre-eurovision-israel.html\" rel=\"nofollow noopener\" target=\"_blank\"> la renuncia de RTVE a que Espa\u00f1a participe en Eurovisi\u00f3n en 2026<\/a>\u00a0despu\u00e9s de que la Uni\u00f3n Europea de Radiodifusi\u00f3n (UER) <a href=\"https:\/\/www.huffingtonpost.es\/virales\/blanca-paloma-representante-espana-eurovision-implacable-decision-abandonar-festival-israel.html\" rel=\"nofollow noopener\" target=\"_blank\">haya confirmado la presencia de Israel en el festival.\u00a0<\/a><\/p>\n<p>La decisi\u00f3n del ente p\u00fablico se produce como cumplimiento al aviso que dio de que no ir\u00eda al festival si estaba Israel.\u00a0La 95\u00aa Asamblea General de la UER, organizadora del concurso, ha decidido mantener a ese pa\u00eds como participante del certamen, as\u00ed que otros como <b>Pa\u00edses Bajos, Eslovenia e Irlanda tampoco acudir\u00e1n<\/b>. Islandia decidir\u00e1 su postura la semana que viene.<\/p>\n<p>Aunque muchos rostros conocidos han mostrado p\u00fablicamente su apoyo a la decisi\u00f3n de RTVE (como Blanca Paloma, James Rhodes, Alfred o Xabier Fortes), no es el caso de Pedro Ruiz, que<b> no acaba de ver claro el efecto que puede tener esa medida.<\/b><\/p>\n<p>Pedro Ruiz: \u00abNo veo muy claro el da\u00f1o\u00bb<\/p>\n<p>\u00ab\u00bfNo acudir al festival de Eurovisi\u00f3n? <b>\u00bfQu\u00e9 tipo de presi\u00f3n es esa contra el gobierno israel\u00ed?<\/b> No veo muy claro el da\u00f1o que la retirada de una canci\u00f3n le pueda hacer a los misiles \u00bfUn gesto?\u00bb, pregunta.\u00a0<\/p>\n<p>Son muchos los que han dado su opini\u00f3n a ra\u00edz de esa pregunta. \u00abEfectivamente es un gesto, y seguir\u00e1n bombardeando con o sin boicot. Pero<b> los gestos son importantes, y esta pantomima es una oportunidad<\/b> para los pa\u00edses que est\u00e1n en contra de posicionarse. Si la mayor\u00eda lo hicieran, es m\u00e1s efectivo el gesto que muchas resoluciones pol\u00edticas\u00bb, dice una persona.<\/p>\n<p>Otras personas se preguntan por el f\u00fatbol<\/p>\n<p>\u00abCasualmente el festival se llama Eurovisi\u00f3n \u00bfest\u00e1 Israel en Europa? Creo que no y nadie lo menciona\u00bb, dice otra. Otros usuarios van un poco m\u00e1s all\u00e1: \u00abEl principal patrocinador de Eurovisi\u00f3n desde 2020 es una empresa israel\u00ed llamada Moroccanoil. Espa\u00f1a es la tercera audiencia m\u00e1s grande de todo el concurso<b>. Eso s\u00ed les hace pupa<\/b>, aparte de evitar participar en esa operaci\u00f3n de blanqueamiento\u00bb.<\/p>\n<p>Otros, en cambio, van m\u00e1s en la l\u00ednea de Pedro Ruiz. Por ejemplo, una persona se pregunta si pasar\u00eda lo mismo en el f\u00fatbol: \u00abLa cuesti\u00f3n es qu\u00e9 hubiera ocurrido si el equipo de Israel de f\u00fatbol se hubiera clasificado para el mundial (acontecimiento de mucha m\u00e1s repercusi\u00f3n).<b> \u00bf\u00bf\u00bfEl equipo de Espa\u00f1a no habr\u00eda participado??? Todos sabemos la respuesta\u00bb.<\/b><\/p>\n","protected":false},"excerpt":{"rendered":"El actor y presentador Pedro Ruiz ha provocado una multitud de reacciones al mostrar su opini\u00f3n sobre la&hellip;\n","protected":false},"author":2,"featured_media":275692,"comment_status":"","ping_status":"","sticky":false,"template":"","format":"standard","meta":{"footnotes":""},"categories":[174],"tags":[43351,255,146,147,25,24,256,1822,3486,21407,5106,23],"class_list":{"0":"post-275691","1":"post","2":"type-post","3":"status-publish","4":"format-standard","5":"has-post-thumbnail","7":"category-famosos","8":"tag-aluvion","9":"tag-celebrities","10":"tag-entertainment","11":"tag-entretenimiento","12":"tag-es","13":"tag-espana","14":"tag-famosos","15":"tag-pedro","16":"tag-provoca","17":"tag-reacciones","18":"tag-ruiz","19":"tag-spain"},"share_on_mastodon":{"url":"https:\/\/pubeurope.com\/@es\/115677730247731739","error":""},"_links":{"self":[{"href":"https:\/\/www.europesays.com\/es\/wp-json\/wp\/v2\/posts\/275691","targetHints":{"allow":["GET"]}}],"collection":[{"href":"https:\/\/www.europesays.com\/es\/wp-json\/wp\/v2\/posts"}],"about":[{"href":"https:\/\/www.europesays.com\/es\/wp-json\/wp\/v2\/types\/post"}],"author":[{"embeddable":true,"href":"https:\/\/www.europesays.com\/es\/wp-json\/wp\/v2\/users\/2"}],"replies":[{"embeddable":true,"href":"https:\/\/www.europesays.com\/es\/wp-json\/wp\/v2\/comments?post=275691"}],"version-history":[{"count":0,"href":"https:\/\/www.europesays.com\/es\/wp-json\/wp\/v2\/posts\/275691\/revisions"}],"wp:featuredmedia":[{"embeddable":true,"href":"https:\/\/www.europesays.com\/es\/wp-json\/wp\/v2\/media\/275692"}],"wp:attachment":[{"href":"https:\/\/www.europesays.com\/es\/wp-json\/wp\/v2\/media?parent=275691"}],"wp:term":[{"taxonomy":"category","embeddable":true,"href":"https:\/\/www.europesays.com\/es\/wp-json\/wp\/v2\/categories?post=275691"},{"taxonomy":"post_tag","embeddable":true,"href":"https:\/\/www.europesays.com\/es\/wp-json\/wp\/v2\/tags?post=275691"}],"curies":[{"name":"wp","href":"https:\/\/api.w.org\/{rel}","templated":true}]}}