{"id":275693,"date":"2025-12-07T10:07:14","date_gmt":"2025-12-07T10:07:14","guid":{"rendered":"https:\/\/www.europesays.com\/es\/275693\/"},"modified":"2025-12-07T10:07:14","modified_gmt":"2025-12-07T10:07:14","slug":"las-obras-fundamentales-que-no-hay-que-perderse-de-la-exposicion-de-los-becquer-del-museo-de-bellas-artes","status":"publish","type":"post","link":"https:\/\/www.europesays.com\/es\/275693\/","title":{"rendered":"Las obras fundamentales que no hay que perderse de la exposici\u00f3n de los B\u00e9cquer del Museo de Bellas Artes"},"content":{"rendered":"<p style=\"\">El <strong>Museo de Bellas Artes de Sevilla<\/strong> acaba de inaugurar el pasado lunes la que es sin duda su gran exposici\u00f3n del a\u00f1o, <strong>&#8216;Los B\u00e9cquer, un linaje de artistas&#8217;<\/strong>. Se trata no s\u00f3lo de un acercamiento al universo creativo de esta gran  &#8230; saga a trav\u00e9s de 150 obras entre pinturas, dibujos, acuarelas y litograf\u00edas, sino que supone tambi\u00e9n un magn\u00edfico retrato de la evoluci\u00f3n que vivi\u00f3 la capital hispalense entre la d\u00e9cada de los a\u00f1os treinta y la de los a\u00f1os setenta del siglo XIX. Todo ello visto a trav\u00e9s de la mirada de cuatro artistas irrepetibles:<strong> Jos\u00e9 Dom\u00ednguez B\u00e9cquer<\/strong>, <strong>Joaqu\u00edn Dom\u00ednguez B\u00e9cquer<\/strong>, <strong>Valeriano Dom\u00ednguez B\u00e9cquer<\/strong> y <strong>Gustavo Adolfo B\u00e9cquer<\/strong>. <\/p>\n<p class=\"voc-p\" style=\"\"><strong>Manuel Pi\u00f1anes Garc\u00eda-Ol\u00edas<\/strong> es el comisario de la exposici\u00f3n. Este licenciado en Geograf\u00eda e Historia por la Universidad de Sevilla es anticuario pero, sobre todo, un profundo conocedor de la obra de los B\u00e9cquer. De hecho, aunque no pudo realizar su tesis doctoral sobre Joaqu\u00edn Dom\u00ednguez B\u00e9cquer, en el a\u00f1o 2014 public\u00f3 el libro <strong>&#8216;Joaqu\u00edn Dom\u00ednguez B\u00e9cquer, el guardi\u00e1n del Alc\u00e1zar&#8217; <\/strong>(Ayuntamiento de Sevilla) en colaboraci\u00f3n con <strong>Jes\u00fas Rubio<\/strong>, que hab\u00eda hecho una monograf\u00eda sobre Jos\u00e9 B\u00e9cquer. Ambos tambi\u00e9n escriben sendos textos en el cat\u00e1logo de la muestra. Adem\u00e1s, Pi\u00f1anes es un destacado coleccionista de arte y posee acuarelas, litograf\u00edas y \u00f3leos.Para esta muestra ha prestado de hecho cerca de una treintena de obras.<\/p>\n<p class=\"voc-p\" style=\"\">Cuenta el comisario que \u00abhac\u00eda mucho que no se organizaba una exposici\u00f3n sobre pintura rom\u00e1ntica sevillana en el Bellas Artes, por eso quer\u00edamos hacer algo sobre obras y pintores,<strong> incluyendo la vertiente menos conocida de Gustavo Adolfo B\u00e9cquer como dibujante\u00bb<\/strong>. Tras idearse un primer proyecto para una muestra, la directora del Bellas Artes, <strong>Valme Mu\u00f1oz<\/strong>, lo retom\u00f3 hace un a\u00f1o. \u00abElla quiso que fuera la exposici\u00f3n central del a\u00f1o. Nos pusimos a trabajar para hacer las listas de cuadros y de las restantes obras susceptibles de ser expuestas. Debo destacar que muchas de estas piezas pertenecen a colecciones particulares porque se dispersaron y estos coleccionistas se han mostrado muy colaboradores en casi todos los casos. Tambi\u00e9n han facilitado las cosas instituciones como el Museo del Prado, el Museo de San Telmo de San Sebasti\u00e1n, el Museo del Romanticismo o el Bonnat-Helleu de Bayona, por citar algunos. No me puedo olvidar tampoco de todo el equipo del Museo de Bellas Artes de Sevilla, destacando no s\u00f3lo el papel de su directora, sino la coordinaci\u00f3n de Ignacio Cano y Blanca Muruve, la gran labor del equipo de restauraci\u00f3n y la coordinaci\u00f3n editorial del cat\u00e1logo a cargo de Virginia Marqu\u00e9s\u00bb.<\/p>\n<p>\nEl \u00faltimo cuadro de Jos\u00e9 Dom\u00ednguez B\u00e9cquer\n<\/p>\n<p class=\"voc-p\" style=\"\">Este experto en arte destaca la vertiente de Jos\u00e9 B\u00e9cquer (Sevilla, 1805-1841) como acuarelista, \u00abque luego se desarrolla en estampas que hemos expuesto en casi su totalidad. Muri\u00f3 muy joven y su pintura se dispers\u00f3 muy r\u00e1pido. Las obras de los B\u00e9cquer est\u00e1n casi todas en colecciones particulares y no son f\u00e1ciles de localizar. Ha habido unas cinco que no hemos podido localizar\u00bb. Del iniciador de este linaje de artistas, Pi\u00f1anes destaca especialmente<strong> &#8216;Baile en una venta&#8217;<\/strong>, que pertenece a la Colecci\u00f3n Abell\u00f3. \u00abEs de un tama\u00f1o mediano para lo que son los cuadros de este pintor. Detr\u00e1s del lienzo hay una etiqueta de la \u00e9poca que indica que fue el \u00faltimo cuadro que hizo antes de morir. Est\u00e1 pintado en 1840 y \u00e9l muri\u00f3 en 1841 con 36 a\u00f1os\u00bb.<\/p>\n<p><img decoding=\"async\" loading=\"lazy\" src=\"https:\/\/www.europesays.com\/es\/wp-content\/uploads\/2025\/12\/baile-venta-becquer-kHNB--760x427@diario_abc.jpg\" class=\"voc-img\" width=\"760\" height=\"427\" alt=\"'Baile en una venta' de Jos\u00e9 Dom\u00ednguez B\u00e9cquer pertenece a la Colecci\u00f3n Abell\u00f3\" data-voc-vtm-id=\"in-text-traffic\"\/><\/p>\n<p>&#8216;Baile en una venta&#8217; de Jos\u00e9 Dom\u00ednguez B\u00e9cquer pertenece a la Colecci\u00f3n Abell\u00f3<\/p>\n<p>Mar\u00eda guerra<\/p>\n<p class=\"voc-p\" style=\"\">En cuanto a su primo hermano, Joaqu\u00edn Dom\u00ednguez B\u00e9cquer (Sevilla, 1816-1879), este fue el m\u00e1s longevo de la saga porque vivi\u00f3 62 a\u00f1os. El comisario de la muestra subraya tres escenas de Sevilla muy notables dentro de su producci\u00f3n. Se trata de los \u00f3leos <strong>&#8216;Plaza de la Real Maestranza de Sevilla&#8217;<\/strong> (1855),<strong> &#8216;La Cruz del Campo&#8217;<\/strong> (1854) y<strong> &#8216;La plaza de San Francisco en Sevilla al paso de la Cofrad\u00eda de Nuestro Padre Jes\u00fas de la Pasi\u00f3n&#8217;<\/strong> (1853). \u00abEsas tres pinturas ofrecen una visi\u00f3n de Sevilla muy hermosa y me encantan porque reflejan muy bien el cielo de la ciudad. La verdad es que de Joaqu\u00edn hemos tra\u00eddo cosas muy buenas como su &#8216;Autorretrato vestido de cazador&#8217; porque es un poco diferente a los dem\u00e1s\u00bb. <\/p>\n<p class=\"voc-p\" style=\"\">Respecto a Valeriano Dom\u00ednguez B\u00e9cquer (Sevilla, 1833-Madrid, 1870), que muri\u00f3 con 36 a\u00f1os, aparte del famoso <strong>&#8216;Retrato de Gustavo Adolfo B\u00e9cquer&#8217;<\/strong> (h. 1862), que ha sido restaurado especialmente para la ocasi\u00f3n por el Museo de Bellas Artes de Sevilla, este anticuario valora en especial las escenas de costumbres que el artista pint\u00f3 en el Moncayo. En ese sentido, se pueden mencionar lienzos como <strong>&#8216;El presente. Fiesta mayor en Moncayo (Arag\u00f3n), la v\u00edspera del santo patrono&#8217;<\/strong> (1866)&#8217; -que pertenece al Museo del Prado- o <strong>&#8216;Interior de una casa de un pueblo de Arag\u00f3n, cuando la familia se re\u00fane por la tarde para tomar el chocolate&#8217;<\/strong>, que es del Prado, pero se encuentra depositado en el Bellas Artes. \u00abSon pinturas soberbias de la etapa de madurez de Valeriano. Eso indica que, si hubiera vivido un poco m\u00e1s, <strong>habr\u00eda evolucionado quiz\u00e1s hacia el realismo, dejando los ropajes del romanticismo<\/strong>, algo que no deja de ser m\u00e1s que una hip\u00f3tesis que manejamos. No sabemos hacia d\u00f3nde hubiera llegado de haber vivido m\u00e1s de 36 a\u00f1os\u00bb, sostiene Pi\u00f1anes. <\/p>\n<p><img decoding=\"async\" loading=\"lazy\" src=\"https:\/\/www.europesays.com\/es\/wp-content\/uploads\/2025\/12\/retrato-becquer-valeriano-kHNB--758x470@diario_abc.jpg\" class=\"voc-d-c-combo-3__img\" width=\"758\" height=\"470\" alt=\"Imagen principal - 'Retrato de Gustavo Adolfo B\u00e9cquer', 'Interior de una casa de un pueblo de Arag\u00f3n, cuando la familia se re\u00fane por la tarde para tomar el chocolate' y 'El presente. Fiesta mayor en Moncayo (Arag\u00f3n), la v\u00edspera del santo patrono'\"\/><\/p>\n<p><img decoding=\"async\" loading=\"lazy\" src=\"https:\/\/www.europesays.com\/es\/wp-content\/uploads\/2025\/12\/presente-fiesta-mayor-kHNB--464x329@diario_abc.jpg\" class=\"voc-d-c-combo-3__img\" width=\"464\" height=\"329\" alt=\"Imagen secundaria 1 - 'Retrato de Gustavo Adolfo B\u00e9cquer', 'Interior de una casa de un pueblo de Arag\u00f3n, cuando la familia se re\u00fane por la tarde para tomar el chocolate' y 'El presente. Fiesta mayor en Moncayo (Arag\u00f3n), la v\u00edspera del santo patrono'\"\/><\/p>\n<p><img decoding=\"async\" loading=\"lazy\" src=\"https:\/\/www.europesays.com\/es\/wp-content\/uploads\/2025\/12\/presente-valeriano-becquer-kHNB--278x329@diario_abc.jpg\" class=\"voc-d-c-combo-3__img\" width=\"278\" height=\"329\" alt=\"Imagen secundaria 2 - 'Retrato de Gustavo Adolfo B\u00e9cquer', 'Interior de una casa de un pueblo de Arag\u00f3n, cuando la familia se re\u00fane por la tarde para tomar el chocolate' y 'El presente. Fiesta mayor en Moncayo (Arag\u00f3n), la v\u00edspera del santo patrono'\"\/><\/p>\n<p>Obras de Valeriano<br \/>\n&#8216;Retrato de Gustavo Adolfo B\u00e9cquer&#8217;, &#8216;Interior de una casa de un pueblo de Arag\u00f3n, cuando la familia se re\u00fane por la tarde para tomar el chocolate&#8217; y &#8216;El presente. Fiesta mayor en Moncayo (Arag\u00f3n), la v\u00edspera del santo patrono&#8217;<br \/>\nMar\u00eda Guerra<\/p>\n<p class=\"voc-p\" style=\"\">Esta muestra tambi\u00e9n refleja el gran valor de <strong>Gustavo Adolfo B\u00e9cquer<\/strong> (Sevilla, 1836-Madrid, 1870) como dibujante, faceta que ha quedado eclipsada por su breve pero trascendental carrera literaria. Jes\u00fas Rubio escribi\u00f3 un libro sobre el Gustavo Adolfo artista. <strong>S\u00f3lo se conocen dibujos de B\u00e9cquer a l\u00e1piz y plumilla, no se conservan pinturas<\/strong>. En la muestra se puede ver un dibujo de un gitano que pertenece a Pi\u00f1anes y otro humor\u00edstico. \u00abCasi todos los dibujos de Gustavo Adolfo se encuentran en \u00e1lbumes. No eran dibujos p\u00fablicos o visibles. En el siglo XIX, las se\u00f1oras recib\u00edan en sus casas a los artistas y estos les dejaban peque\u00f1os detalles, que ellas inclu\u00edan en sus \u00e1lbumes de amigos. Los dos que exponemos aqu\u00ed -el primero est\u00e1 fechado entre 1855 y 1865 y el segundo, entre 1858 y 1870- pertenecieron a Julia Esp\u00edn y vienen de la Biblioteca Nacional. Hay otro \u00e1lbum con dibujos de B\u00e9cquer que se vendi\u00f3 en Dur\u00e1n Arte y Subastas en Madrid hace unos veinte a\u00f1os. Lo compr\u00f3 un coleccionista particular y ahora mismo no sabemos d\u00f3nde est\u00e1\u00bb, dice Manuel Pi\u00f1anes. <\/p>\n","protected":false},"excerpt":{"rendered":"El Museo de Bellas Artes de Sevilla acaba de inaugurar el pasado lunes la que es sin duda&hellip;\n","protected":false},"author":2,"featured_media":275694,"comment_status":"","ping_status":"","sticky":false,"template":"","format":"standard","meta":{"footnotes":""},"categories":[173],"tags":[229,233,1968,231,230,38507,1967,232,234,146,147,25,24,2003,16618,470,474,5838,23],"class_list":{"0":"post-275693","1":"post","2":"type-post","3":"status-publish","4":"format-standard","5":"has-post-thumbnail","7":"category-arte-y-diseno","8":"tag-arte","9":"tag-arte-y-diseno","10":"tag-artes","11":"tag-arts","12":"tag-arts-and-design","13":"tag-becquer","14":"tag-bellas","15":"tag-design","16":"tag-diseno","17":"tag-entertainment","18":"tag-entretenimiento","19":"tag-es","20":"tag-espana","21":"tag-exposicion","22":"tag-fundamentales","23":"tag-museo","24":"tag-obras","25":"tag-perderse","26":"tag-spain"},"share_on_mastodon":{"url":"https:\/\/pubeurope.com\/@es\/115677734563325090","error":""},"_links":{"self":[{"href":"https:\/\/www.europesays.com\/es\/wp-json\/wp\/v2\/posts\/275693","targetHints":{"allow":["GET"]}}],"collection":[{"href":"https:\/\/www.europesays.com\/es\/wp-json\/wp\/v2\/posts"}],"about":[{"href":"https:\/\/www.europesays.com\/es\/wp-json\/wp\/v2\/types\/post"}],"author":[{"embeddable":true,"href":"https:\/\/www.europesays.com\/es\/wp-json\/wp\/v2\/users\/2"}],"replies":[{"embeddable":true,"href":"https:\/\/www.europesays.com\/es\/wp-json\/wp\/v2\/comments?post=275693"}],"version-history":[{"count":0,"href":"https:\/\/www.europesays.com\/es\/wp-json\/wp\/v2\/posts\/275693\/revisions"}],"wp:featuredmedia":[{"embeddable":true,"href":"https:\/\/www.europesays.com\/es\/wp-json\/wp\/v2\/media\/275694"}],"wp:attachment":[{"href":"https:\/\/www.europesays.com\/es\/wp-json\/wp\/v2\/media?parent=275693"}],"wp:term":[{"taxonomy":"category","embeddable":true,"href":"https:\/\/www.europesays.com\/es\/wp-json\/wp\/v2\/categories?post=275693"},{"taxonomy":"post_tag","embeddable":true,"href":"https:\/\/www.europesays.com\/es\/wp-json\/wp\/v2\/tags?post=275693"}],"curies":[{"name":"wp","href":"https:\/\/api.w.org\/{rel}","templated":true}]}}