{"id":275695,"date":"2025-12-07T10:09:10","date_gmt":"2025-12-07T10:09:10","guid":{"rendered":"https:\/\/www.europesays.com\/es\/275695\/"},"modified":"2025-12-07T10:09:10","modified_gmt":"2025-12-07T10:09:10","slug":"de-viernes-117-lidera-frente-al-especial-de-la-voz-102-y-hanna-9-en-una-noche-descafeinada","status":"publish","type":"post","link":"https:\/\/www.europesays.com\/es\/275695\/","title":{"rendered":"&#8216;De viernes&#8217; (11,7%) lidera frente al especial de &#8216;La Voz&#8217; (10,2%) y &#8216;Hanna&#8217; (9%) en una noche descafeinada"},"content":{"rendered":"<p>*En elaboraci\u00f3n*<\/p>\n<p>\u00a1Por fin tenemos algunos datos del viernes 5 de diciembre de 2025! La noche ha estado liderada por &#8216;<a href=\"https:\/\/www.formulatv.com\/programas\/de-viernes\/\" rel=\"nofollow noopener\" target=\"_blank\">\u00a1De viernes!<\/a>&#8216;, que ha marcado un 11,7% con 864.000 espectadores, mejorando levemente +0,1 puntos en una semana, <b>aunque sin la competencia directa de &#8216;<a href=\"https:\/\/www.formulatv.com\/programas\/la-voz\/\" rel=\"nofollow noopener\" target=\"_blank\">La Voz<\/a>&#8216;, que opt\u00f3 por emitir un especial &#8216;Destino la final&#8217;<\/b> para rememorar los mejores momentos de la edici\u00f3n. <\/p>\n<p>As\u00ed, este programa recopilatorio anot\u00f3 un 10,2% con 894.000 espectadores, y en estricta coincidencia con Telecinco,<b> el programa de entrevistas firmaba un 11,3% con 992.000 espectadores<\/b>. Por otra parte, el cine de La 1 se conforma con un 9% y 909.000 espectadores con &#8216;Hannah&#8217;, mientras que Antena 3 y Telecinco superan el mill\u00f3n de espectadores durante su franja de emisi\u00f3n, siendo tercera opci\u00f3n.<\/p>\n","protected":false},"excerpt":{"rendered":"*En elaboraci\u00f3n* \u00a1Por fin tenemos algunos datos del viernes 5 de diciembre de 2025! La noche ha estado&hellip;\n","protected":false},"author":2,"featured_media":275696,"comment_status":"","ping_status":"","sticky":false,"template":"","format":"standard","meta":{"footnotes":""},"categories":[171],"tags":[146,147,25,24,23,214],"class_list":{"0":"post-275695","1":"post","2":"type-post","3":"status-publish","4":"format-standard","5":"has-post-thumbnail","7":"category-tv","8":"tag-entertainment","9":"tag-entretenimiento","10":"tag-es","11":"tag-espana","12":"tag-spain","13":"tag-tv"},"share_on_mastodon":{"url":"","error":""},"_links":{"self":[{"href":"https:\/\/www.europesays.com\/es\/wp-json\/wp\/v2\/posts\/275695","targetHints":{"allow":["GET"]}}],"collection":[{"href":"https:\/\/www.europesays.com\/es\/wp-json\/wp\/v2\/posts"}],"about":[{"href":"https:\/\/www.europesays.com\/es\/wp-json\/wp\/v2\/types\/post"}],"author":[{"embeddable":true,"href":"https:\/\/www.europesays.com\/es\/wp-json\/wp\/v2\/users\/2"}],"replies":[{"embeddable":true,"href":"https:\/\/www.europesays.com\/es\/wp-json\/wp\/v2\/comments?post=275695"}],"version-history":[{"count":0,"href":"https:\/\/www.europesays.com\/es\/wp-json\/wp\/v2\/posts\/275695\/revisions"}],"wp:featuredmedia":[{"embeddable":true,"href":"https:\/\/www.europesays.com\/es\/wp-json\/wp\/v2\/media\/275696"}],"wp:attachment":[{"href":"https:\/\/www.europesays.com\/es\/wp-json\/wp\/v2\/media?parent=275695"}],"wp:term":[{"taxonomy":"category","embeddable":true,"href":"https:\/\/www.europesays.com\/es\/wp-json\/wp\/v2\/categories?post=275695"},{"taxonomy":"post_tag","embeddable":true,"href":"https:\/\/www.europesays.com\/es\/wp-json\/wp\/v2\/tags?post=275695"}],"curies":[{"name":"wp","href":"https:\/\/api.w.org\/{rel}","templated":true}]}}