{"id":275709,"date":"2025-12-07T10:17:10","date_gmt":"2025-12-07T10:17:10","guid":{"rendered":"https:\/\/www.europesays.com\/es\/275709\/"},"modified":"2025-12-07T10:17:10","modified_gmt":"2025-12-07T10:17:10","slug":"venezuela-recluta-a-5-600-soldados-mas-ante-las-amenazas-de-eeuu","status":"publish","type":"post","link":"https:\/\/www.europesays.com\/es\/275709\/","title":{"rendered":"Venezuela recluta a 5.600 soldados m\u00e1s ante las \u00abamenazas\u00bb de EEUU"},"content":{"rendered":"<p>    <img src=\"https:\/\/www.europesays.com\/es\/wp-content\/uploads\/2025\/12\/2025-12-07T093A123A59Z-90597409.jpg\" width=\"1024\" height=\"682\" alt=\"\" loading=\"eager\" decoding=\"sync\" fetchpriority=\"high\"\/><\/p>\n<p>            afp_tickers        <\/p>\n<p>        Este contenido fue publicado en    <\/p>\n<p>        07 diciembre 2025 &#8211; 10:12\n<\/p>\n<p>La Fuerza Armada de Venezuela incorpor\u00f3 el s\u00e1bado a 5.600 soldados a sus filas en medio de las \u00abamenazas\u00bb de Estados Unidos, que despleg\u00f3 en agosto una flotilla militar en el Caribe que incluye al portaviones m\u00e1s grande del mundo.<\/p>\n<p>Como respuesta a las maniobras militares estadounidenses, el presidente venezolano, Nicol\u00e1s Maduro, ha llamado a reforzar el alistamiento militar y a cerrar filas contra el \u00abimperialismo\u00bb, como suele referirse al gobierno de Estados Unidos.<\/p>\n<p>Oficiales que condujeron la ceremonia de incorporaci\u00f3n de los soldados indicaron que los nuevos efectivos son \u00abcombatientes revolucionarios, socialistas\u00bb y \u00abprofundamente chavistas, entrenados bajo el m\u00e9todo t\u00e1ctico de resistencia revolucionaria\u00bb.<\/p>\n<p>Maduro considera a la Fuerza Armada, que le jura lealtad, la \u00abcolumna vertebral de la estabilidad, la paz, la seguridad y el futuro\u00bb de Venezuela.\u00a0<\/p>\n<p>\u00abVenezuela tiene una Fuerza Armada, junto al pueblo, fusionada, adiestrada, entrenada, moralizada; por ninguna circunstancia permitiremos la invasi\u00f3n de un imperio\u00bb, dijo el s\u00e1bado el coronel Gabriel Alejandro Rend\u00f3n V\u00edlchez.<\/p>\n<p>Ante el despliegue de Estados Unidos en el Caribe se han incrementado las solicitudes para inscribirse en la Fuerza Armada Nacional Bolivariana, dijo el general\u00a0Javier Jos\u00e9 Marcano T\u00e1bata.<\/p>\n<p>\u00abEn estos momentos donde el imperialismo amenaza de manera ilegal, arbitraria, mentirosa, falsaria, arrogante, a nuestra patria, nuestro pueblo, los j\u00f3venes, acuden por miles a integrarse a la Fuerza Armada Nacional Bolivariana\u00bb, afirm\u00f3 durante el acto, celebrado en el Fuerte Tiuna, el complejo militar m\u00e1s grande de Venezuela, en Caracas.<\/p>\n<p>Washington acusa a Maduro de encabezar el supuesto Cartel de los Soles. Fuerzas estadounidenses han matado desde principios de septiembre 87 presuntos narcos que navegaban por el Caribe y el Pac\u00edfico oriental.<\/p>\n<p>Maduro niega las acusaciones de Washington y afirma que este despliegue militar busca derrocarlo para apoderarse de las cuantiosas reservas de petr\u00f3leo del pa\u00eds caribe\u00f1o.\u00a0<\/p>\n<p>El presidente venezolano ha llamado a militares y polic\u00edas a mantener un \u00abplan de ofensiva permanente\u00bb para responder a la \u00abagresi\u00f3n imperialista\u00bb.\u00a0<\/p>\n<p>La Fuerza Armada venezolana est\u00e1 conformada por unos 200.000 efectivos a los que se suman otros 200.000 polic\u00edas, seg\u00fan datos oficiales. Maduro ha dicho adem\u00e1s que cuenta con unos ocho millones de reservistas de la Milicia Nacional Bolivariana.<\/p>\n<p>mbj\/dga<\/p>\n","protected":false},"excerpt":{"rendered":"afp_tickers Este contenido fue publicado en 07 diciembre 2025 &#8211; 10:12 La Fuerza Armada de Venezuela incorpor\u00f3 el&hellip;\n","protected":false},"author":2,"featured_media":275710,"comment_status":"","ping_status":"","sticky":false,"template":"","format":"standard","meta":{"footnotes":""},"categories":[42],"tags":[11642,17,18,636,4170,11643,83,13,14,4437,11,61,62,63,86,64,19,20,9,10,15,16,88,90,12,21,22,65,66,67],"class_list":{"0":"post-275709","1":"post","2":"type-post","3":"status-publish","4":"format-standard","5":"has-post-thumbnail","7":"category-internacional","8":"tag-armed-forces","9":"tag-breaking-news","10":"tag-breakingnews","11":"tag-conflict","12":"tag-crisis","13":"tag-defence","14":"tag-diplomacy","15":"tag-featured-news","16":"tag-featurednews","17":"tag-government","18":"tag-headlines","19":"tag-internacional","20":"tag-international","21":"tag-international-news","22":"tag-international-relations","23":"tag-internationalnews","24":"tag-latest-news","25":"tag-latestnews","26":"tag-news","27":"tag-noticias","28":"tag-noticias-destacadas","29":"tag-noticiasdestacadas","30":"tag-politics","31":"tag-ticker","32":"tag-titulares","33":"tag-ultimas-noticias","34":"tag-ultimasnoticias","35":"tag-world","36":"tag-world-news","37":"tag-worldnews"},"share_on_mastodon":{"url":"https:\/\/pubeurope.com\/@es\/115677773887476896","error":""},"_links":{"self":[{"href":"https:\/\/www.europesays.com\/es\/wp-json\/wp\/v2\/posts\/275709","targetHints":{"allow":["GET"]}}],"collection":[{"href":"https:\/\/www.europesays.com\/es\/wp-json\/wp\/v2\/posts"}],"about":[{"href":"https:\/\/www.europesays.com\/es\/wp-json\/wp\/v2\/types\/post"}],"author":[{"embeddable":true,"href":"https:\/\/www.europesays.com\/es\/wp-json\/wp\/v2\/users\/2"}],"replies":[{"embeddable":true,"href":"https:\/\/www.europesays.com\/es\/wp-json\/wp\/v2\/comments?post=275709"}],"version-history":[{"count":0,"href":"https:\/\/www.europesays.com\/es\/wp-json\/wp\/v2\/posts\/275709\/revisions"}],"wp:featuredmedia":[{"embeddable":true,"href":"https:\/\/www.europesays.com\/es\/wp-json\/wp\/v2\/media\/275710"}],"wp:attachment":[{"href":"https:\/\/www.europesays.com\/es\/wp-json\/wp\/v2\/media?parent=275709"}],"wp:term":[{"taxonomy":"category","embeddable":true,"href":"https:\/\/www.europesays.com\/es\/wp-json\/wp\/v2\/categories?post=275709"},{"taxonomy":"post_tag","embeddable":true,"href":"https:\/\/www.europesays.com\/es\/wp-json\/wp\/v2\/tags?post=275709"}],"curies":[{"name":"wp","href":"https:\/\/api.w.org\/{rel}","templated":true}]}}