{"id":275726,"date":"2025-12-07T10:32:14","date_gmt":"2025-12-07T10:32:14","guid":{"rendered":"https:\/\/www.europesays.com\/es\/275726\/"},"modified":"2025-12-07T10:32:14","modified_gmt":"2025-12-07T10:32:14","slug":"de-viernes-11-7-aprovecha-el-refrito-de-la-voz-10-2-para-liderar-una-noche-de-escasa-competencia","status":"publish","type":"post","link":"https:\/\/www.europesays.com\/es\/275726\/","title":{"rendered":"&#8216;De Viernes&#8217; (11.7%) aprovecha el refrito de &#8216;La Voz&#8217; (10.2%) para liderar una noche de escasa competencia"},"content":{"rendered":"<p>    PRIME TIME \/ LATE NIGHT<\/p>\n<p class=\"article-tvchannel\">\n\t\t<img loading=\"lazy\" decoding=\"async\" src=\"https:\/\/www.europesays.com\/es\/wp-content\/uploads\/2025\/08\/telecinco-larga-2024.png\" alt=\"Telecinco\" height=\"28\" width=\"130\"\/>\n\t<\/p>\n<ul>\n<li>De Viernes: 11.7% y 864.000<\/li>\n<\/ul>\n<p class=\"article-tvchannel\">\n\t\t<img loading=\"lazy\" decoding=\"async\" src=\"https:\/\/www.europesays.com\/es\/wp-content\/uploads\/2025\/08\/antena-3-2025-300x70-2.png\" alt=\"Antena 3\" height=\"28\" width=\"130\"\/>\n\t<\/p>\n<p class=\"article-tvchannel\">\n\t\t<img loading=\"lazy\" decoding=\"async\" src=\"https:\/\/www.europesays.com\/es\/wp-content\/uploads\/2025\/08\/a015d9e5-5eb5-44d9-b8ee-355e0a29727b_source-aspect-ratio_default_0.jpg\" alt=\"La 1\" height=\"28\" width=\"130\"\/>\n\t<\/p>\n<ul>\n<li>Cine: &#8216;Hanna&#8217;: 9% y 909.000<\/li>\n<li>Cine: &#8216;Agente infiltrado&#8217;: 4.8% y 315.000<\/li>\n<\/ul>\n<p class=\"article-tvchannel\">\n\t\t<img loading=\"lazy\" decoding=\"async\" src=\"https:\/\/www.europesays.com\/es\/wp-content\/uploads\/2025\/08\/bf338975-ea7e-4169-9587-70789a0e0f39_source-aspect-ratio_default_0.jpg\" alt=\"Cuatro\" height=\"28\" width=\"130\"\/>\n\t<\/p>\n<ul>\n<li>First dates -rep-: 4.1% y 416.000<\/li>\n<li>First dates: 5.9% y 629.000<\/li>\n<li>El Blockbuster: &#8216;Venom&#8217;: 6.4% y 622.000<\/li>\n<\/ul>\n<p class=\"article-tvchannel\">\n\t\t<img loading=\"lazy\" decoding=\"async\" src=\"https:\/\/www.europesays.com\/es\/wp-content\/uploads\/2025\/08\/lasexta-larga-2024.png\" alt=\"laSexta\" height=\"28\" width=\"130\"\/>\n\t<\/p>\n<ul>\n<li>laSexta Columna: 5.5% y 596.000<\/li>\n<li>Equipo de investigaci\u00f3n: 4.8% y 490.000<\/li>\n<li>Equipo de investigaci\u00f3n -rep-: 4.9% y 369.000<\/li>\n<li>Equipo de investigaci\u00f3n -rep-: 7.1% y 323.000<\/li>\n<li>Equipo de investigaci\u00f3n -rep-: 7.2% y 181.000<\/li>\n<\/ul>\n<p class=\"article-text\">\n        (*) Datos consultados por verTele. El an\u00e1lisis completo se publicar\u00e1 el martes\n    <\/p>\n<p>    <a href=\"https:\/\/www.eldiario.es\/vertele\/noticias\/jorge-javier-cuenta-drama-ultima-operacion-estetica-consecuencias-presentar-desfiguro-cara_1_12826074.html\" data-mrf-recirculation=\"saber-mas\" data-dl-event=\"saber-mas\" rel=\"nofollow noopener\" target=\"_blank\"><\/p>\n<p class=\"know-more__title\">Jorge Javier cuenta el drama de su \u00faltima operaci\u00f3n est\u00e9tica y sus consecuencias para presentar: \u00abSe me desfigur\u00f3 la cara\u00bb<\/p>\n<p>            <img decoding=\"async\" class=\"lazy\" loading=\"lazy\" data-src=\"https:\/\/static.eldiario.es\/clip\/4e8a2d6d-74c7-4ff6-9a2e-6fb7f51a0191_16-9-aspect-ratio_default_0.jpg\" src=\"data:image\/svg+xml,%3Csvg xmlns=\" http:=\"\" viewbox=\"0 0 880 495\" alt=\"Jorge Javier cuenta el drama de su \u00faltima operaci\u00f3n est\u00e9tica y sus consecuencias para presentar: &quot;Se me desfigur\u00f3 la cara&quot;\"\/><\/p>\n<p>                        <\/a><\/p>\n","protected":false},"excerpt":{"rendered":"PRIME TIME \/ LATE NIGHT De Viernes: 11.7% y 864.000 Cine: &#8216;Hanna&#8217;: 9% y 909.000 Cine: &#8216;Agente infiltrado&#8217;:&hellip;\n","protected":false},"author":2,"featured_media":275727,"comment_status":"","ping_status":"","sticky":false,"template":"","format":"standard","meta":{"footnotes":""},"categories":[171],"tags":[67230,4040,67231,146,147,25,24,31015,23,214,381],"class_list":{"0":"post-275726","1":"post","2":"type-post","3":"status-publish","4":"format-standard","5":"has-post-thumbnail","7":"category-tv","8":"tag-5-diciembre-2025","9":"tag-antena-3","10":"tag-deviernes-telecinco-jorge-javier","11":"tag-entertainment","12":"tag-entretenimiento","13":"tag-es","14":"tag-espana","15":"tag-la-voz","16":"tag-spain","17":"tag-tv","18":"tag-viernes"},"share_on_mastodon":{"url":"https:\/\/pubeurope.com\/@es\/115677833118756828","error":""},"_links":{"self":[{"href":"https:\/\/www.europesays.com\/es\/wp-json\/wp\/v2\/posts\/275726","targetHints":{"allow":["GET"]}}],"collection":[{"href":"https:\/\/www.europesays.com\/es\/wp-json\/wp\/v2\/posts"}],"about":[{"href":"https:\/\/www.europesays.com\/es\/wp-json\/wp\/v2\/types\/post"}],"author":[{"embeddable":true,"href":"https:\/\/www.europesays.com\/es\/wp-json\/wp\/v2\/users\/2"}],"replies":[{"embeddable":true,"href":"https:\/\/www.europesays.com\/es\/wp-json\/wp\/v2\/comments?post=275726"}],"version-history":[{"count":0,"href":"https:\/\/www.europesays.com\/es\/wp-json\/wp\/v2\/posts\/275726\/revisions"}],"wp:featuredmedia":[{"embeddable":true,"href":"https:\/\/www.europesays.com\/es\/wp-json\/wp\/v2\/media\/275727"}],"wp:attachment":[{"href":"https:\/\/www.europesays.com\/es\/wp-json\/wp\/v2\/media?parent=275726"}],"wp:term":[{"taxonomy":"category","embeddable":true,"href":"https:\/\/www.europesays.com\/es\/wp-json\/wp\/v2\/categories?post=275726"},{"taxonomy":"post_tag","embeddable":true,"href":"https:\/\/www.europesays.com\/es\/wp-json\/wp\/v2\/tags?post=275726"}],"curies":[{"name":"wp","href":"https:\/\/api.w.org\/{rel}","templated":true}]}}