{"id":275732,"date":"2025-12-07T10:36:11","date_gmt":"2025-12-07T10:36:11","guid":{"rendered":"https:\/\/www.europesays.com\/es\/275732\/"},"modified":"2025-12-07T10:36:11","modified_gmt":"2025-12-07T10:36:11","slug":"la-columna-de-rosa-montero-una-bella-vida-el-pais-semanal","status":"publish","type":"post","link":"https:\/\/www.europesays.com\/es\/275732\/","title":{"rendered":"La columna de Rosa Montero: Una bella vida | EL PA\u00cdS Semanal"},"content":{"rendered":"<p class=\"\">Esta es la tercera vez que voy a dedicarle un art\u00edculo a Gema Mar\u00edn Granados. Es algo que no me ha pasado con nadie m\u00e1s. En realidad lo considero un privilegio, porque me ha dado la oportunidad de observar los duros altibajos y el progreso emocionante de una vida \u00e9pica. El primer texto se public\u00f3 en 2011 y el siguiente en 2013, <a href=\"https:\/\/elpais.com\/elpais\/2013\/03\/27\/eps\/1364389067_526939.html\" target=\"_self\" rel=\"nofollow noopener\" title=\"https:\/\/elpais.com\/elpais\/2013\/03\/27\/eps\/1364389067_526939.html\">ambos a ra\u00edz de dos cartas que Gema me envi\u00f3<\/a>. Resumir\u00e9 su historia: en 2002, con tan s\u00f3lo 28 a\u00f1os, esta guapa malague\u00f1a profesora de m\u00fasica enferm\u00f3 de Parkinson. La gente suele creer que el Parkinson es una dolencia de gente muy mayor y que consiste en que te tiembla el cuerpo. Pero esta cruel enfermedad neurol\u00f3gica y degenerativa no s\u00f3lo puede fulminar a personas tan j\u00f3venes como Gema, sino que, adem\u00e1s, lo m\u00e1s duro de sobrellevar no son los temblores, sino la rigidez. De repente tu cuerpo se desconecta, hasta el punto de que los enfermos lo denominan estar on o estar off. Y estar off es una muerte en vida, o a\u00fan peor que eso. Es \u201ccaer en un pozo negro, tanto psicol\u00f3gica como f\u00edsicamente\u2026, te quedas tiesa, como si fueras de madera\u201d. A esto hay que a\u00f1adir, adem\u00e1s, los efectos secundarios de los f\u00e1rmacos, que, por otra parte, son imprescindibles. Es una lenta, implacable y constante tortura.<\/p>\n<p class=\"\">En aquellos dos art\u00edculos contaba c\u00f3mo Gema, despu\u00e9s de atravesar el primer v\u00eda crucis de aceptar la cat\u00e1strofe que le hab\u00eda ca\u00eddo encima (ese obsesivo por qu\u00e9 a m\u00ed, por qu\u00e9 a m\u00ed que te martiriza cuando te golpea una desgracia as\u00ed) se puso las pilas para no perder ni su joven existencia ni su alegr\u00eda vital. Tuvo un hijo ya diagnosticada y sigui\u00f3 trabajando como profesora de m\u00fasica. Y descubri\u00f3 que justamente la m\u00fasica, y forzarse a bailar cuando estaba off, la ayudaba much\u00edsimo a sobrellevar su dolencia. Todo un hallazgo que <a href=\"https:\/\/www.nature.com\/articles\/s41598-024-62786-6\" target=\"_self\" rel=\"nofollow noopener\" title=\"https:\/\/www.nature.com\/articles\/s41598-024-62786-6\">adem\u00e1s corrobor\u00f3 un estudio publicado por entonces en la revista Nature<\/a>. Resulta que el Parkinson est\u00e1 originado por una insuficiencia de dopamina, un neurotransmisor relacionado con el placer. Y el estudio demostraba que escuchar m\u00fasica puede generar subidas de dopamina. En el art\u00edculo de 2013, en fin, cont\u00e9 que Gema colgaba en internet sus v\u00eddeos bailando (todos rodados mientras estaba en off) por si pod\u00edan servirle de ayuda a alguien, y que la Universidad de M\u00e1laga le estaba haciendo pruebas neurol\u00f3gicas para investigar el proceso. Por entonces ten\u00eda 39 a\u00f1os y llevaba 11 padeciendo la enfermedad.<\/p>\n<p class=\"\">No volv\u00ed a saber de ella. A menudo, cuando alguien mencionaba el Parkinson, me acordaba de su lucha luminosa y, con ese optimismo acomodaticio que nos caracteriza a los humanos, la imaginaba estupenda, es decir, todo lo estupenda que ella consegu\u00eda estar. Hace unos d\u00edas he recibido una nueva carta suya y hemos hablado por tel\u00e9fono. Y s\u00ed, est\u00e1 estupenda, pero qu\u00e9 dura, que indeciblemente dura es la vida real. Poco despu\u00e9s de aquel segundo art\u00edculo, a Gema le pusieron una bomba para dispensarle de forma continuada las medicinas; lo malo es que conseguir atinar con la dosis exacta es dificil\u00edsimo. Los efectos secundarios de los f\u00e1rmacos son graves; <a href=\"https:\/\/elpais.com\/expres\/2025-03-07\/que-tienen-que-ver-los-medicamentos-contra-el-parkinson-con-la-ludopatia.html\" target=\"_self\" rel=\"nofollow noopener\" title=\"https:\/\/elpais.com\/expres\/2025-03-07\/que-tienen-que-ver-los-medicamentos-contra-el-parkinson-con-la-ludopatia.html\">altibajos de \u00e1nimo, s\u00edndromes adictivos\u2026 Por ejemplo, puedes convertirte en un lud\u00f3pata que se arruina jugando<\/a>. A Gema le dio por comprar cosas (\u201cyo, que siempre hab\u00eda sido supercuidadosa con el dinero\u201d). Su estado empeoraba; la apat\u00eda era enorme. Tuvo que dejar de dar clases y tambi\u00e9n abandon\u00f3 sus redes. Hace cinco a\u00f1os termin\u00f3 en una silla de ruedas, y se pas\u00f3 un par de a\u00f1os atrapada ah\u00ed. Cualquier otra persona se habr\u00eda rendido: \u00bfno dicen, y es verdad, que el Parkinson es una enfermedad degenerativa? Pues ya est\u00e1, concluir\u00eda cualquiera; ha degenerado hasta clavarme en esta silla. Pero Gema no. Gema se neg\u00f3. Se forz\u00f3 a levantarse, pese al dolor. Se puso los cascos y activ\u00f3 la m\u00fasica. Y se movi\u00f3.<\/p>\n<p class=\"\">Lleva dos a\u00f1os de nuevo en pie y operativa (es socia de un club de tenis de mesa y juega todos los martes). Ha afinado mejor la dosis de las medicinas y <a href=\"https:\/\/elpais.com\/elpais\/2020\/10\/23\/sesenta_y_tantos\/1603436294_015281.html\" target=\"_self\" rel=\"nofollow noopener\" title=\"https:\/\/elpais.com\/elpais\/2020\/10\/23\/sesenta_y_tantos\/1603436294_015281.html\">sigue utilizando el superpoder de la m\u00fasica<\/a>. Siempre va con los cascos al cuello, y cuando advierte que va a entrar en off (algo que le sucede unas tres veces al d\u00eda, cada vez con una duraci\u00f3n de entre una y tres horas), se deja mecer, empapar, embriagar, relajar y mover por la cascada de notas. E intenta ser feliz y re\u00edr mucho. Todo eso salva. Todo eso conforma una vida, una bella vida. Tiene 51 a\u00f1os y ahora quiere escribir un libro contando todo esto. Por si le sirve a alguien. A todos nos sirve, dir\u00eda yo. Es mi hero\u00edna. <\/p>\n","protected":false},"excerpt":{"rendered":"Esta es la tercera vez que voy a dedicarle un art\u00edculo a Gema Mar\u00edn Granados. Es algo que&hellip;\n","protected":false},"author":2,"featured_media":275733,"comment_status":"","ping_status":"","sticky":false,"template":"","format":"standard","meta":{"footnotes":""},"categories":[92],"tags":[119,11293,25,24,11291,165,67233,185,67232,9856,1925,3351,166,23,2214],"class_list":{"0":"post-275732","1":"post","2":"type-post","3":"status-publish","4":"format-standard","5":"has-post-thumbnail","7":"category-salud","8":"tag-ciencia","9":"tag-enfermedades-degenerativas","10":"tag-es","11":"tag-espana","12":"tag-farmacologia","13":"tag-health","14":"tag-ludopatia","15":"tag-musica","16":"tag-musicoterapia","17":"tag-nature","18":"tag-opinion","19":"tag-parkinson","20":"tag-salud","21":"tag-spain","22":"tag-tratamiento-medico"},"share_on_mastodon":{"url":"https:\/\/pubeurope.com\/@es\/115677848189914801","error":""},"_links":{"self":[{"href":"https:\/\/www.europesays.com\/es\/wp-json\/wp\/v2\/posts\/275732","targetHints":{"allow":["GET"]}}],"collection":[{"href":"https:\/\/www.europesays.com\/es\/wp-json\/wp\/v2\/posts"}],"about":[{"href":"https:\/\/www.europesays.com\/es\/wp-json\/wp\/v2\/types\/post"}],"author":[{"embeddable":true,"href":"https:\/\/www.europesays.com\/es\/wp-json\/wp\/v2\/users\/2"}],"replies":[{"embeddable":true,"href":"https:\/\/www.europesays.com\/es\/wp-json\/wp\/v2\/comments?post=275732"}],"version-history":[{"count":0,"href":"https:\/\/www.europesays.com\/es\/wp-json\/wp\/v2\/posts\/275732\/revisions"}],"wp:featuredmedia":[{"embeddable":true,"href":"https:\/\/www.europesays.com\/es\/wp-json\/wp\/v2\/media\/275733"}],"wp:attachment":[{"href":"https:\/\/www.europesays.com\/es\/wp-json\/wp\/v2\/media?parent=275732"}],"wp:term":[{"taxonomy":"category","embeddable":true,"href":"https:\/\/www.europesays.com\/es\/wp-json\/wp\/v2\/categories?post=275732"},{"taxonomy":"post_tag","embeddable":true,"href":"https:\/\/www.europesays.com\/es\/wp-json\/wp\/v2\/tags?post=275732"}],"curies":[{"name":"wp","href":"https:\/\/api.w.org\/{rel}","templated":true}]}}