{"id":275753,"date":"2025-12-07T10:53:16","date_gmt":"2025-12-07T10:53:16","guid":{"rendered":"https:\/\/www.europesays.com\/es\/275753\/"},"modified":"2025-12-07T10:53:16","modified_gmt":"2025-12-07T10:53:16","slug":"carlos-prieto-inaugura-una-via-estetica-centrada-en-lo-sobrio-y-lo-minimalista","status":"publish","type":"post","link":"https:\/\/www.europesays.com\/es\/275753\/","title":{"rendered":"Carlos Prieto inaugura una v\u00eda est\u00e9tica centrada en lo \u00absobrio y lo minimalista\u00bb"},"content":{"rendered":"<p><a href=\"https:\/\/www.ultimahora.es\/etiqueta\/Carlos+Prieto.html?utm_source=Inline-tag&amp;utm_medium=internal\" rel=\"nofollow noopener\" target=\"_blank\">Carlos Prieto<\/a> comenz\u00f3 en el mundo de la pintura muy joven, siendo casi un adolescente. Se centr\u00f3 entonces en el \u00f3leo, a trav\u00e9s de los consejos de <strong><a href=\"https:\/\/www.ultimahora.es\/etiqueta\/Manolo+Coronado.html?utm_source=Inline-tag&amp;utm_medium=internal\" rel=\"nofollow noopener\" target=\"_blank\">Manolo Coronado<\/a><\/strong>, con el que empez\u00f3 a recibir algunas lecciones, pese a que destaca que no fue \u00abnada demasiado formal\u00bb. Fundamentalmente autodidacta, el artista ha decidido ahora emprender un nuevo camino, <strong>centr\u00e1ndose en dibujos trazados en grafito<\/strong> sobre tela. El pr\u00f3ximo viernes 12, de 18.00 a 21.00 horas, mostrar\u00e1 el resultado de esa nueva v\u00eda est\u00e9tica, que se escapa de sus trabajos m\u00e1s conocidos. La cita ser\u00e1 en su propio estudio, en la calle <strong>Pere Nolasc 7A<\/strong>, donde ya present\u00f3 algunas propuestas anteriores.<\/p>\n<p>\u00ab<strong>Creo que funciono mejor en el trazo suelto y en el dibujo<\/strong>, la verdad. Me parece que soy m\u00e1s yo, pero me ha llevado mucho tiempo reconciliarme y darme cuenta de que era justamente esto lo que deb\u00eda hacer\u00bb, destaca el pintor, que viene de trazar atm\u00f3sferas decadentes y bohemias, relacionadas con \u00abel Par\u00eds de finales del XIX y con una est\u00e9tica que ahora mismo veo m\u00e1s alejada de mis intereses\u00bb. El autor explica que en su nueva producci\u00f3n se decanta por cuadros de car\u00e1cter m\u00e1s \u00ab<strong>sobrio y minimalista<\/strong>\u00bb y que, pese a ser grandes formatos, \u00abse resuelven solo con el blanco y el negro del dibujo\u00bb.<\/p>\n<p>La acci\u00f3n prevista mostrar\u00e1 tambi\u00e9n ese apartarse de la est\u00e9tica de los lugares que retrat\u00f3 en el pasado, a trav\u00e9s de una forma simb\u00f3lica de decir \u00abadi\u00f3s a los bares\u00bb. En la exposici\u00f3n se podr\u00e1n ver los visuales del <strong>artista sonoro Xisco Cabello (NTRVL)<\/strong>, que realizar\u00e1 un mapping sobre la obra de Prieto para ofrecer \u00abuna experiencia multisensorial\u00bb en la que \u00ab<strong>la pintura se unir\u00e1 a la luz y el sonido<\/strong>\u00bb, seg\u00fan detalla el pintor. \u00abHabr\u00e1 una obra de gran formato, que es como la pieza beta de este nuevo proyecto, que imagino que tendr\u00e1 m\u00e1s incidencia que mis piezas anteriores y que inaugura esta nueva est\u00e9tica\u00bb, afirma el creador mallorqu\u00edn.<\/p>\n<p>A nivel tem\u00e1tico, lo que subyace en estas obras es \u00ab<strong>la idea de la metamorfosis y la evoluci\u00f3n<\/strong>, esa manera de renacer\u00bb. As\u00ed, las formas trazadas remiten a la idea de la cris\u00e1lida y la mariposa, que aparecen superpuestas encima de los rostros femeninos elegidos y dibujados por Prieto. A nivel t\u00e9cnico, destaca tambi\u00e9n el uso del \u00f3leo de forma secundaria, como una f\u00f3rmula con la que realizar veladuras. \u00abLas aplico sobre una laca que se usa normalmente para suelos y que me descubri\u00f3 <strong><a href=\"https:\/\/www.ultimahora.es\/etiqueta\/Ricard+Chiang.html?utm_source=Inline-tag&amp;utm_medium=internal\" rel=\"nofollow noopener\" target=\"_blank\">Ricard Chiang<\/a><\/strong>\u00bb, se\u00f1ala el artista, que se siente \u00abmucho m\u00e1s libre\u00bb con esta nueva manera de trabajar. Al aplicar el producto se crean unas dimensiones que le dan otra historia y otros vol\u00famenes a la pieza\u00bb.<\/p>\n<p>Prieto reconoce, en esta nueva v\u00eda de su trabajo, sus propios l\u00edmites t\u00e9cnicos en una apuesta honesta que le llev\u00f3 a revisar su propia carrera y sus objetivos. \u00ab<strong>No he tenido un maestro ni he ido a clases de pintura. Siempre he sido muy intuitivo en el uso del color<\/strong>: primero meto algunos pigmentos, los verdes o los azules. En ese sentido no necesito la mezcla perfecta\u00bb, destaca el creador, que ha decidido centrarse en \u00abla magia de esos primeros trazos\u00bb y apostar, ahora, por este blanco y el negro que dar\u00e1 forma a su renacer como artista. Una evoluci\u00f3n que va desde la cris\u00e1lida de la decadencia decimon\u00f3nica a la mariposa del minimal de sus trabajos actuales.<\/p>\n","protected":false},"excerpt":{"rendered":"Carlos Prieto comenz\u00f3 en el mundo de la pintura muy joven, siendo casi un adolescente. Se centr\u00f3 entonces&hellip;\n","protected":false},"author":2,"featured_media":275754,"comment_status":"","ping_status":"","sticky":false,"template":"","format":"standard","meta":{"footnotes":""},"categories":[173],"tags":[229,1829,233,231,230,67234,209,232,234,146,147,25,24,2086,67235,2088,67236,23],"class_list":{"0":"post-275753","1":"post","2":"type-post","3":"status-publish","4":"format-standard","5":"has-post-thumbnail","7":"category-arte-y-diseno","8":"tag-arte","9":"tag-arte-en-mallorca","10":"tag-arte-y-diseno","11":"tag-arts","12":"tag-arts-and-design","13":"tag-carlos-prieto","14":"tag-cultura","15":"tag-design","16":"tag-diseno","17":"tag-entertainment","18":"tag-entretenimiento","19":"tag-es","20":"tag-espana","21":"tag-exposiciones-en-mallorca","22":"tag-manolo-coronado","23":"tag-ocio-en-mallorca","24":"tag-ricard-chiang","25":"tag-spain"},"share_on_mastodon":{"url":"https:\/\/pubeurope.com\/@es\/115677914969619724","error":""},"_links":{"self":[{"href":"https:\/\/www.europesays.com\/es\/wp-json\/wp\/v2\/posts\/275753","targetHints":{"allow":["GET"]}}],"collection":[{"href":"https:\/\/www.europesays.com\/es\/wp-json\/wp\/v2\/posts"}],"about":[{"href":"https:\/\/www.europesays.com\/es\/wp-json\/wp\/v2\/types\/post"}],"author":[{"embeddable":true,"href":"https:\/\/www.europesays.com\/es\/wp-json\/wp\/v2\/users\/2"}],"replies":[{"embeddable":true,"href":"https:\/\/www.europesays.com\/es\/wp-json\/wp\/v2\/comments?post=275753"}],"version-history":[{"count":0,"href":"https:\/\/www.europesays.com\/es\/wp-json\/wp\/v2\/posts\/275753\/revisions"}],"wp:featuredmedia":[{"embeddable":true,"href":"https:\/\/www.europesays.com\/es\/wp-json\/wp\/v2\/media\/275754"}],"wp:attachment":[{"href":"https:\/\/www.europesays.com\/es\/wp-json\/wp\/v2\/media?parent=275753"}],"wp:term":[{"taxonomy":"category","embeddable":true,"href":"https:\/\/www.europesays.com\/es\/wp-json\/wp\/v2\/categories?post=275753"},{"taxonomy":"post_tag","embeddable":true,"href":"https:\/\/www.europesays.com\/es\/wp-json\/wp\/v2\/tags?post=275753"}],"curies":[{"name":"wp","href":"https:\/\/api.w.org\/{rel}","templated":true}]}}