{"id":275761,"date":"2025-12-07T10:58:10","date_gmt":"2025-12-07T10:58:10","guid":{"rendered":"https:\/\/www.europesays.com\/es\/275761\/"},"modified":"2025-12-07T10:58:10","modified_gmt":"2025-12-07T10:58:10","slug":"sergio-ramos-admite-que-la-semifinal-del-apertura-fue-su-ultimo-partido","status":"publish","type":"post","link":"https:\/\/www.europesays.com\/es\/275761\/","title":{"rendered":"Sergio Ramos admite que la semifinal del Apertura fue su \u00faltimo partido"},"content":{"rendered":"<p class=\"mb-4 text-lg md:leading-8 break-words\">Redacci\u00f3n deportes, 7 dic (EFE).- Mientras el espa\u00f1ol Domenec Torrent, entrenador del Monterrey mexicano, indicaba que desconoc\u00eda si \u00e9l y su compatriota Sergio Ramos continuar\u00edan en el equipo en 2026 tras ser eliminados por el Tocula en la semifinal del Apertura, el central andaluz asegur\u00f3 en declaraciones a pie de campo que hab\u00eda sido su \u00faltimo partido en la liga del pa\u00eds.<\/p>\n<p class=\"mb-4 text-lg md:leading-8 break-words\">\u00abLo dej\u00e9 bastante claro la semana pasada. Obviamente s\u00ed, es mi \u00faltimo partido\u00bb, zanj\u00f3 Sergio Ramos, uno de los cuatro supervivientes del t\u00edtulo mundial de Espa\u00f1a en Sud\u00e1frica 2010 junto a Ra\u00fal Albiol, Pedro Rodr\u00edguez y Juan Mata tras la retirada de Sergio Busquets y Jordi Alba despu\u00e9s de ganar la MLS con el Inter Miami.<\/p>\n<p class=\"mb-4 text-lg md:leading-8 break-words\">En cuanto a la eliminaci\u00f3n del Monterrey, Ramos admiti\u00f3 que \u00absiempre duele perder una semifinal y quedarse a las puertas de una final\u00bb. \u00abHay mucho que analizar. La primera parte pr\u00e1cticamente la regalamos. Nos falt\u00f3 intensidad, ritmo, personalidad, tener el bal\u00f3n. Se puede perder porque al fin y al cabo esto es f\u00fatbol, pero se pierde jugando como la segunda parte, no como la primera, que la regalamos\u00bb, afirm\u00f3 Ramos, exjugador de Sevilla, Real Madrid y PSG.<\/p>\n<p class=\"mb-4 text-lg md:leading-8 break-words\">(c) Agencia EFE<\/p>\n","protected":false},"excerpt":{"rendered":"Redacci\u00f3n deportes, 7 dic (EFE).- Mientras el espa\u00f1ol Domenec Torrent, entrenador del Monterrey mexicano, indicaba que desconoc\u00eda si&hellip;\n","protected":false},"author":2,"featured_media":275762,"comment_status":"","ping_status":"","sticky":false,"template":"","format":"standard","meta":{"footnotes":""},"categories":[93],"tags":[168,995,25,24,67237,2918,25739,40373,3410,6744,23,167],"class_list":{"0":"post-275761","1":"post","2":"type-post","3":"status-publish","4":"format-standard","5":"has-post-thumbnail","7":"category-deportes","8":"tag-deportes","9":"tag-efe","10":"tag-es","11":"tag-espana","12":"tag-juan-mata","13":"tag-la-liga","14":"tag-monterrey","15":"tag-raul-albiol","16":"tag-sergio-busquets","17":"tag-sergio-ramos","18":"tag-spain","19":"tag-sports"},"share_on_mastodon":{"url":"https:\/\/pubeurope.com\/@es\/115677934653008414","error":""},"_links":{"self":[{"href":"https:\/\/www.europesays.com\/es\/wp-json\/wp\/v2\/posts\/275761","targetHints":{"allow":["GET"]}}],"collection":[{"href":"https:\/\/www.europesays.com\/es\/wp-json\/wp\/v2\/posts"}],"about":[{"href":"https:\/\/www.europesays.com\/es\/wp-json\/wp\/v2\/types\/post"}],"author":[{"embeddable":true,"href":"https:\/\/www.europesays.com\/es\/wp-json\/wp\/v2\/users\/2"}],"replies":[{"embeddable":true,"href":"https:\/\/www.europesays.com\/es\/wp-json\/wp\/v2\/comments?post=275761"}],"version-history":[{"count":0,"href":"https:\/\/www.europesays.com\/es\/wp-json\/wp\/v2\/posts\/275761\/revisions"}],"wp:featuredmedia":[{"embeddable":true,"href":"https:\/\/www.europesays.com\/es\/wp-json\/wp\/v2\/media\/275762"}],"wp:attachment":[{"href":"https:\/\/www.europesays.com\/es\/wp-json\/wp\/v2\/media?parent=275761"}],"wp:term":[{"taxonomy":"category","embeddable":true,"href":"https:\/\/www.europesays.com\/es\/wp-json\/wp\/v2\/categories?post=275761"},{"taxonomy":"post_tag","embeddable":true,"href":"https:\/\/www.europesays.com\/es\/wp-json\/wp\/v2\/tags?post=275761"}],"curies":[{"name":"wp","href":"https:\/\/api.w.org\/{rel}","templated":true}]}}