{"id":275769,"date":"2025-12-07T11:02:17","date_gmt":"2025-12-07T11:02:17","guid":{"rendered":"https:\/\/www.europesays.com\/es\/275769\/"},"modified":"2025-12-07T11:02:17","modified_gmt":"2025-12-07T11:02:17","slug":"crecimiento-del-beneficio-de-doble-digito-en-2026","status":"publish","type":"post","link":"https:\/\/www.europesays.com\/es\/275769\/","title":{"rendered":"crecimiento del beneficio de doble d\u00edgito en 2026\u00a0"},"content":{"rendered":"<p>Una vez m\u00e1s, <a href=\"https:\/\/www.finanzas.com\/cotizaciones\/inditex\" target=\"_blank\" rel=\"noreferrer noopener nofollow\">Inditex<\/a> sigue demostrando su capacidad para revolucionar el mercado burs\u00e1til espa\u00f1ol. A lo largo del a\u00f1o hab\u00eda pasado a segundo plano, arrastrada por unos datos decepcionantes para sus inversores en la primera mitad del a\u00f1o, especialmente marcada por una mayor debilidad de sus ventas, el basti\u00f3n fuerte de la compa\u00f1\u00eda. \u00a0<\/p>\n<p>No obstante, la matriz de Zara ha vuelto a recuperar su <a href=\"https:\/\/www.finanzas.com\/ibex-35\/inditex-recupera-brillo-legendario.html\" target=\"_blank\" rel=\"noreferrer noopener nofollow\">br\u00edo habitual con un aumento sus ventas<\/a> por encima de las previsiones del mercado, e incluso frente a sus pares, lo que llev\u00f3 a la compa\u00f1\u00eda a borrar sus p\u00e9rdidas en el parqu\u00e9 y a <strong>recuperar el favor un\u00e1nime de los expertos que siguen su evoluci\u00f3n en bolsa<\/strong>. En menos de una semana, ha logrado remontar con una subida del 12% a nivel anual.\u00a0<\/p>\n<p>El efecto Inditex est\u00e1 de vuelta y para quedarse, como m\u00ednimo hasta el pr\u00f3ximo a\u00f1o. Los expertos de Deutsche Bank han mejorado considerablemente sus estimaciones para la gallega y consideran que tiene un fuerte potencial para recuperar <strong>el crecimiento en su beneficio de explotaci\u00f3n para 2026 hasta el doble d\u00edgito.<\/strong> \u00a0<\/p>\n<p>La casa de an\u00e1lisis alemana estima que el ebit (los beneficios antes de restarle intereses e impuestos) de Inditex crecer\u00e1 un 10% el pr\u00f3ximo a\u00f1o frente a sus expectativas para este a\u00f1o, <strong>alcanzando los 8.800 millones de euros.<\/strong> \u00a0<\/p>\n<p>Inditex: s\u00f3lido desempe\u00f1o\u00a0<\/p>\n<p>La positiva evoluci\u00f3n de las ventas en el tercer trimestre del a\u00f1o les da seguridad para el \u00faltimo periodo del a\u00f1o, lo que est\u00e1 \u00abreflejando el s\u00f3lido desempe\u00f1o operativo y el potencial de una mayor contribuci\u00f3n del espacio neto a Inditex. Esto se traduce en una mejora del margen bruto y <strong>una expansi\u00f3n del margen ebit<\/strong>\u00ab, detallan desde Deutsche Bank. \u00a0<\/p>\n<p>Y es que esta ratio clave del negocio de Inditex se elev\u00f3 hasta el 8,4%, frente al 7,5% que descontaba el mercado, aunque muestra una ligera desaceleraci\u00f3n en las \u00faltimas semanas, e incluso en un contexto de debilidad para los pr\u00f3ximos meses. \u00a0<\/p>\n<p>\u201cInditex nos record\u00f3 la solidez y atractivo de su modelo de negocio con la publicaci\u00f3n del tercer trimestre, que mostr\u00f3 la combinaci\u00f3n de un fuerte crecimiento de ventas a tipo de cambio constante, mejoras en el margen bruto y apalancamiento del gasto operativo\u00bb, argumentan desde Deutsche Bank. \u00a0<\/p>\n<p>Fin de la debilidad en bolsa\u00a0<\/p>\n<p>Pero, m\u00e1s importante es el hecho de que \u201ccon menos vientos en contra por divisas esperados en 2026, prevemos un retorno a un crecimiento del beneficio por acci\u00f3n (BPA) de doble d\u00edgito, con una rentabilidad por dividendo cercana al 3,5%\u201d, detallan en el informe de la compa\u00f1\u00eda. \u00a0<\/p>\n<p>Y es que, si este a\u00f1o las acciones de Inditex cotizan con un BPA del 2%, estas superan el 2,2% con respecto a 2026, y en 2028\u00a0ya rozar el 3%.\u00a0<\/p>\n<p>Por lo tanto, desde Deutsche Bank tambi\u00e9n consideran que la debilidad en el parqu\u00e9 ya es <a href=\"https:\/\/www.finanzas.com\/ibex-35\/inditex-buen-inicio-3t-eleva-recomendaciones.html\" target=\"_blank\" rel=\"noreferrer noopener nofollow\">parte del pasado de la firma<\/a>, al haber estado relacionada con valoraciones excesivas en sus ventas, un tipo de cambio poco favorecedor y el temor arancelario ante las amenazas constantes de Donald Trump. \u00a0<\/p>\n<p>BoFA: m\u00e1s retorno al accionista\u00a0<\/p>\n<p>Pero con la desaparici\u00f3n de estos riesgos y las predicciones de un d\u00f3lar m\u00e1s estable para el pr\u00f3ximo le han abierto el camino nuevamente a la acci\u00f3n de Inditex, con una mejora de su potencial del 7% tras <strong>conocer los \u00faltimas buenas nuevas de la firma de moda.<\/strong> \u00a0<\/p>\n<p>Una de las firmas que m\u00e1s elevan su valoraci\u00f3n para los t\u00edtulos del gigante textil es Bank of America, un 11% hasta los 60 euros, al considerar que la direcci\u00f3n mantuvo un tono positivo para la firma en los pr\u00f3ximos a\u00f1os. \u00a0<\/p>\n<p>Uno de los puntos m\u00e1s llamativos para los analistas de BoFA es que \u201cInditex se acerca al final de su programa extraordinario de capex de 1.800 millones de euros (2025\u20132026), lo que deber\u00eda liberar unos 850 millones adicionales de generaci\u00f3n de flujo de caja libre en 2027\u201d, se\u00f1alando que \u201cde forma\u00a0preliminar, <strong>esto podr\u00eda traducirse en mayores retornos al accionista<\/strong> (probablemente en forma de dividendo extraordinario) en los pr\u00f3ximos a\u00f1os\u201d, punt\u00faan. \u00a0<\/p>\n<p>De esta manera la rentabilidad por dividendo puede alcanzar el 4% entre 2027 y 2028, lo que supone un retorno total al accionista del 10% dentro de los est\u00e1ndares de crecimiento de la matriz de Bershka, Massimo Dutti o Pull and Bear.\u00a0<\/p>\n<p>Si esta noticia ha sido \u00fatil para ti, <a href=\"https:\/\/acumbamail.com\/newform\/web\/3jZ0nArv6A93H10fMx9ib5grSQsEDDKjJ\/53685\/\" target=\"_blank\" rel=\"noopener nofollow\">ap\u00fantate a nuestros boletines<\/a> \u00a1No te decepcionaremos! Tambi\u00e9n puedes a\u00f1adir las alertas de <strong>finanzas.com<\/strong> a tus redes y apps: <a href=\"https:\/\/twitter.com\/finanzascom\" target=\"_blank\" rel=\"noopener nofollow\">Twitter<\/a> | <a href=\"https:\/\/www.facebook.com\/finanzas.inversion\" target=\"_blank\" rel=\"noopener nofollow\">Facebook<\/a> | <a href=\"https:\/\/www.linkedin.com\/company\/finanzascom\/\" target=\"_blank\" rel=\"noopener nofollow\">LinkedIn<\/a> | <a rel=\"noreferrer noopener nofollow\" href=\"https:\/\/www.whatsapp.com\/channel\/0029VaFw9rZGehEEjsKS2O3C\" target=\"_blank\">Whatsapp<\/a> | <a href=\"https:\/\/flipboard.com\/@Finanzascom\" target=\"_blank\" rel=\"noopener nofollow\">Flipboard<\/a>. Y sigue los mejores videos financieros de <a href=\"https:\/\/www.youtube.com\/@fcom\" target=\"_blank\" rel=\"noopener nofollow\">Youtube<\/a>.<\/p>\n<p>\t\t\t\t<script async src=\"https:\/\/platform.twitter.com\/widgets.js\" charset=\"utf-8\"><\/script><\/p>\n","protected":false},"excerpt":{"rendered":"Una vez m\u00e1s, Inditex sigue demostrando su capacidad para revolucionar el mercado burs\u00e1til espa\u00f1ol. A lo largo del&hellip;\n","protected":false},"author":2,"featured_media":275770,"comment_status":"","ping_status":"","sticky":false,"template":"","format":"standard","meta":{"footnotes":""},"categories":[80],"tags":[82,95,94,25,24,3501,23],"class_list":{"0":"post-275769","1":"post","2":"type-post","3":"status-publish","4":"format-standard","5":"has-post-thumbnail","7":"category-economia","8":"tag-business","9":"tag-economia","10":"tag-economy","11":"tag-es","12":"tag-espana","13":"tag-ibex-35","14":"tag-spain"},"share_on_mastodon":{"url":"https:\/\/pubeurope.com\/@es\/115677950400097788","error":""},"_links":{"self":[{"href":"https:\/\/www.europesays.com\/es\/wp-json\/wp\/v2\/posts\/275769","targetHints":{"allow":["GET"]}}],"collection":[{"href":"https:\/\/www.europesays.com\/es\/wp-json\/wp\/v2\/posts"}],"about":[{"href":"https:\/\/www.europesays.com\/es\/wp-json\/wp\/v2\/types\/post"}],"author":[{"embeddable":true,"href":"https:\/\/www.europesays.com\/es\/wp-json\/wp\/v2\/users\/2"}],"replies":[{"embeddable":true,"href":"https:\/\/www.europesays.com\/es\/wp-json\/wp\/v2\/comments?post=275769"}],"version-history":[{"count":0,"href":"https:\/\/www.europesays.com\/es\/wp-json\/wp\/v2\/posts\/275769\/revisions"}],"wp:featuredmedia":[{"embeddable":true,"href":"https:\/\/www.europesays.com\/es\/wp-json\/wp\/v2\/media\/275770"}],"wp:attachment":[{"href":"https:\/\/www.europesays.com\/es\/wp-json\/wp\/v2\/media?parent=275769"}],"wp:term":[{"taxonomy":"category","embeddable":true,"href":"https:\/\/www.europesays.com\/es\/wp-json\/wp\/v2\/categories?post=275769"},{"taxonomy":"post_tag","embeddable":true,"href":"https:\/\/www.europesays.com\/es\/wp-json\/wp\/v2\/tags?post=275769"}],"curies":[{"name":"wp","href":"https:\/\/api.w.org\/{rel}","templated":true}]}}