{"id":275771,"date":"2025-12-07T11:03:08","date_gmt":"2025-12-07T11:03:08","guid":{"rendered":"https:\/\/www.europesays.com\/es\/275771\/"},"modified":"2025-12-07T11:03:08","modified_gmt":"2025-12-07T11:03:08","slug":"elon-musk-llama-a-la-abolicion-de-la-union-europea-tras-la-millonaria-multa-a-x","status":"publish","type":"post","link":"https:\/\/www.europesays.com\/es\/275771\/","title":{"rendered":"Elon Musk llama a la \u00ababolici\u00f3n\u00bb de la Uni\u00f3n Europea tras la millonaria multa a X"},"content":{"rendered":"<p style=\"\">El magnate Elon Musk ha llamado este s\u00e1bado a la \u00ababolici\u00f3n\u00bb de la Uni\u00f3n Europea tras denunciar que su sistema burocr\u00e1tico est\u00e1 \u00abasfixiando lentamente a Europa hasta la muerte\u00bb en comentarios realizados despu\u00e9s de que, en la v\u00edspera, la Comisi\u00f3n Europea anunciara una <strong>multa de <\/strong> &#8230; <strong>120 millones de euros a su red social X por el \u00abdise\u00f1o enga\u00f1oso\u00bb de su marca azul de verificaci\u00f3n de cuentas.<\/strong><\/p>\n<p class=\"voc-p\" style=\"\">En una larga serie de mensajes individuales publicados a lo largo de las \u00faltimas horas, Musk ha considerado la multa como un ataque de Bruselas contra la libertad de expresi\u00f3n y un mal ejemplo de soberan\u00eda supranacional contra los intereses de sus Estados miembro.<\/p>\n<p class=\"voc-p\" style=\"\">\u00abLa mejor forma de descubrir qui\u00e9nes son los males consiste en ver qui\u00e9n quiere restringir la libertad de expresi\u00f3n\u00bb, ha lamentado Musk tras la multa a su plataforma. Esta marca azul, cabe recordar, es percibida como un sello de autenticidad por los usuarios a pesar de que su acceso es discrecional, lo que <strong>viola las obligaciones de la Ley europea de Servicios Digitales (DSA, por sus siglas en ingl\u00e9s).<\/strong><\/p>\n<p class=\"voc-p\" style=\"\">La sanci\u00f3n anunciada por Bruselas responde tambi\u00e9n a otras irregularidades castigadas por la DSA como la <strong>falta de transparencia en su repositorio de anuncios<\/strong> y el incumplimiento de su obligaci\u00f3n de permitir acceso a datos por parte de los investigadores.<\/p>\n<p class=\"voc-p\" style=\"\">Una Comisi\u00f3n Europea que \u00abadora al dios de la burocracia y est\u00e1 asfixiando al pueblo de Europa\u00bb, seg\u00fan Musk en su serie de escuetos mensajes. \u00ab<strong>La burocracia de la Uni\u00f3n Europea\u00bb, insisti\u00f3, \u00abest\u00e1 asfixiando lentamente a Europea hasta la muerte\u00bb.<\/strong><\/p>\n<p class=\"voc-p\" style=\"\">Por ello, ha reiterado, \u00abla UE deber\u00eda ser abolida y la soberan\u00eda deber\u00eda ser devuelta a los pa\u00edses individuales, para que los gobiernos puedan representar mejor a sus pueblos\u00bb, en un mensaje que ha terminado fijando en la cabecera de su cuenta y, por lo tanto, ser\u00e1 el primero que leer\u00e1n sus casi 230 millones de seguidores.<\/p>\n<p class=\"voc-p\" style=\"\">Esta serie de mensajes ha sido bien recibida por euroesc\u00e9pticos como el primer ministro de Hungr\u00eda, <strong>Viktor Orb\u00e1n, que aprovech\u00f3 para denunciar la multa de la Comisi\u00f3n Europea como un ataque a la libertad de expresi\u00f3n.<\/strong><\/p>\n<p class=\"voc-p\" style=\"\">\u00abEl ataque de la comisi\u00f3n a X lo dice todo. Cuando los se\u00f1ores supremos de Bruselas no pueden ganar el debate, tiran de las multas. Europa necesita de la libre expresi\u00f3n, no de bur\u00f3cratas a los que no ha elegido nadie y deciden lo que podemos leer o decir\u00bb, ha indicado en un mensaje publicado en X y que remacha con un aplauso al magnate. \u00abMe quito el sombrero ante Elon Musk por defender el frente\u00bb, ha zanjado.<\/p>\n<p>\nFrancia y Polonia salen en defensa de la UE\n<\/p>\n<p class=\"voc-p\" style=\"\">Por contra, el ministro de Exteriores franc\u00e9s, Jean-Noel Barrot, ha saltado a la palestra, tambi\u00e9n en la plataforma X, para defender la multa de la Comisi\u00f3n Europea e insistido en que la transparencia de las redes sociales es un principio prioritario. \u00abLa reaccionaria comunidad internacional<strong> podr\u00e1 gritar hasta quedarse af\u00f3nica, pero no nos dejaremos intimidar.<\/strong> La transparencia es obligatoria para las principales plataformas\u00bb, ha manifestado Barrot.<\/p>\n<blockquote class=\"twitter-tweet\">\n<p lang=\"fr\" dir=\"ltr\">L&#8217;internationale r\u00e9actionnaire a beau s&#8217;\u00e9poumonner, nous ne nous laisserons pas intimider. Chez nous, la transparence s&#8217;impose aux grandes plateformes. La r\u00e8gle est la m\u00eame pour tous. Tik Tok l&#8217;a accept\u00e9e, X l&#8217;a refus\u00e9e. La Commission europ\u00e9enne a s\u00e9vi, elle a bien fait. Et ce\u2026<\/p>\n<p>\u2014 Jean-No\u00ebl Barrot (@jnbarrot) <a href=\"https:\/\/twitter.com\/jnbarrot\/status\/1997311276519711014?ref_src=twsrc%5Etfw\" rel=\"nofollow noopener\" target=\"_blank\">December 6, 2025<\/a><\/p><\/blockquote>\n<p class=\"voc-p\" style=\"\">El ministro de Exteriores franc\u00e9s ha avisado que \u00abla regla es la misma para todos\u00bb y que en su momento fue aceptada por la plataforma TikTok mientras que \u00abX la rechaz\u00f3\u00bb y, por lo tanto, \u00abLa Comisi\u00f3n Europea tom\u00f3 medidas, y con raz\u00f3n\u00bb. <strong>\u00abY esto es solo el principio\u00bb,<\/strong> ha zanjado el ministro de Exteriores en su mensaje.<\/p>\n<p class=\"voc-p\" style=\"\">El ministro de Exteriores de Polonia, Radoslaw Sikorski, ha pedido al magnate Elon Musk que \u00abse vaya a Marte\u00bb despu\u00e9s de abogar el s\u00e1bado por la \u00ababolici\u00f3n\u00bb de la Uni\u00f3n Europea (UE) tras la multa de 120 millones de euros impuesta por la Comisi\u00f3n Europea a su red social X por el \u00abdise\u00f1o enga\u00f1oso\u00bb de su marca azul de verificaci\u00f3n de cuentas.<\/p>\n<p class=\"voc-p\" style=\"\"><strong>\u00abV\u00e1yase a Marte. All\u00ed no hay censura ni saludos nazis\u00bb<\/strong>, ha dicho Sikorski en su propia cuenta en X en respuesta a las cr\u00edticas de Musk, en una aparente cr\u00edtica al saludo nazi realizado durante en enero su discurso en un acto de celebraci\u00f3n por la toma de posesi\u00f3n del nuevo presidente de Estados Unidos, Donald Trump.<\/p>\n<p><script async src=\"https:\/\/platform.twitter.com\/widgets.js\" charset=\"utf-8\"><\/script><\/p>\n","protected":false},"excerpt":{"rendered":"El magnate Elon Musk ha llamado este s\u00e1bado a la \u00ababolici\u00f3n\u00bb de la Uni\u00f3n Europea tras denunciar que&hellip;\n","protected":false},"author":2,"featured_media":275772,"comment_status":"","ping_status":"","sticky":false,"template":"","format":"standard","meta":{"footnotes":""},"categories":[42],"tags":[67238,17,18,14156,2080,13,14,11,61,62,63,64,19,20,8500,5273,58432,14157,9,10,15,16,12,575,21,22,2079,65,66,67],"class_list":{"0":"post-275771","1":"post","2":"type-post","3":"status-publish","4":"format-standard","5":"has-post-thumbnail","7":"category-internacional","8":"tag-abolicion","9":"tag-breaking-news","10":"tag-breakingnews","11":"tag-elon","12":"tag-europea","13":"tag-featured-news","14":"tag-featurednews","15":"tag-headlines","16":"tag-internacional","17":"tag-international","18":"tag-international-news","19":"tag-internationalnews","20":"tag-latest-news","21":"tag-latestnews","22":"tag-llama","23":"tag-multa","24":"tag-multimillonaria","25":"tag-musk","26":"tag-news","27":"tag-noticias","28":"tag-noticias-destacadas","29":"tag-noticiasdestacadas","30":"tag-titulares","31":"tag-tras","32":"tag-ultimas-noticias","33":"tag-ultimasnoticias","34":"tag-union","35":"tag-world","36":"tag-world-news","37":"tag-worldnews"},"share_on_mastodon":{"url":"https:\/\/pubeurope.com\/@es\/115677954363506638","error":""},"_links":{"self":[{"href":"https:\/\/www.europesays.com\/es\/wp-json\/wp\/v2\/posts\/275771","targetHints":{"allow":["GET"]}}],"collection":[{"href":"https:\/\/www.europesays.com\/es\/wp-json\/wp\/v2\/posts"}],"about":[{"href":"https:\/\/www.europesays.com\/es\/wp-json\/wp\/v2\/types\/post"}],"author":[{"embeddable":true,"href":"https:\/\/www.europesays.com\/es\/wp-json\/wp\/v2\/users\/2"}],"replies":[{"embeddable":true,"href":"https:\/\/www.europesays.com\/es\/wp-json\/wp\/v2\/comments?post=275771"}],"version-history":[{"count":0,"href":"https:\/\/www.europesays.com\/es\/wp-json\/wp\/v2\/posts\/275771\/revisions"}],"wp:featuredmedia":[{"embeddable":true,"href":"https:\/\/www.europesays.com\/es\/wp-json\/wp\/v2\/media\/275772"}],"wp:attachment":[{"href":"https:\/\/www.europesays.com\/es\/wp-json\/wp\/v2\/media?parent=275771"}],"wp:term":[{"taxonomy":"category","embeddable":true,"href":"https:\/\/www.europesays.com\/es\/wp-json\/wp\/v2\/categories?post=275771"},{"taxonomy":"post_tag","embeddable":true,"href":"https:\/\/www.europesays.com\/es\/wp-json\/wp\/v2\/tags?post=275771"}],"curies":[{"name":"wp","href":"https:\/\/api.w.org\/{rel}","templated":true}]}}